{"id":13506,"date":"2021-05-12T17:24:38","date_gmt":"2021-05-12T17:24:38","guid":{"rendered":"http:\/\/fmriachuelo.com.ar\/?p=13506"},"modified":"2025-02-12T16:17:22","modified_gmt":"2025-02-12T19:17:22","slug":"jornada-de-lucha-de-los-y-las-enfermeras-en-el-dia-internacional-de-la-enfermeria","status":"publish","type":"post","link":"http:\/\/fmriachuelo.it10.com.ar\/index.php\/2021\/05\/12\/jornada-de-lucha-de-los-y-las-enfermeras-en-el-dia-internacional-de-la-enfermeria\/","title":{"rendered":"JORNADA DE LUCHA DE LOS Y LAS ENFERMERAS EN EL D\u00cdA INTERNACIONAL DE LA ENFERMER\u00cdA"},"content":{"rendered":"<p><strong>[FM Riachuelo, 12\/05\/2021]\u00a0 Ayer fue el D\u00eda Internacional de la Enfermer\u00eda, personal sumamente importante para el sistema de salud, y que est\u00e1n en pie de lucha hace tiempo frente a un gobierno de la ciudad que no escucha los reclamos de las y los trabajadores. En el d\u00eda de ayer realizaron un paro con diversas acciones en simultaneo, donde se sigue exigiendo recomposici\u00f3n salarial porque todav\u00eda siguen sin ser reconocidos como profesionales de la salud. <\/strong><\/p>\n<p>Por eso, entrevistamos a Transito Fern\u00e1ndez, secretaria general de ATE en el Hospital Moyano, que nos habl\u00f3 de la realidad que est\u00e1n viviendo los y las enfermeras: \u00ab<em>No hay ning\u00fan reconocimiento para las enfermeras\u00a0que salen todos los d\u00edas, arriesgando sus vidas. Hemos estudiado, nos hemos preparado, hemos dejado a nuestros hijos, hemos gastado dinero para poder dar la mejor atenci\u00f3n a los pacientes, pero seguimos sin recibir lo que merecemos<\/em>\u00ab.<\/p>\n<p>Tr\u00e1nsito, habl\u00f3 de la falta de respuestas de parte del Gobierno de la Ciudad ante el reclamo gremial de los y las enfermeras: \u00ab<em>No hay respuestas. Tuvimos una reuni\u00f3n con el Doctor Quir\u00f3s, y le exigimos que se nos reconozca como profesionales, pero nos dijo que por el momento no. No tienen ning\u00fan respeto por nosotros. Ya van casi 3 a\u00f1os que estamos peleando por una recomposici\u00f3n salarial(&#8230;) No puede ser que no haya plata para los que hoy estamos en la trinchera poniendo el pecho.<\/em>\u00ab.<\/p>\n<p>Por ultimo resalt\u00f3 la importancia de la unidad para poder conquistar los derechos de los y las enfermeras: \u00ab<em>Nosotros estamos buscando la unidad de los trabajadores para seguir la lucha (&#8230;) Tambi\u00e9n le pedimos a la sociedad que nos ayude a hacer eco de este mensaje, para que se escuche<\/em>\u00bb<\/p>\n<p>&nbsp;<\/p>\n<p><a href=\"https:\/\/ar.radiocut.fm\/audiocut\/jornada-lucha-y-enfermeras-en-dia-internacional-enfermeria\/\">Escucha la entrevista completa<\/a><\/p>\n","protected":false},"excerpt":{"rendered":"<p>[FM Riachuelo, 12\/05\/2021]\u00a0 Ayer fue el D\u00eda Internacional de la Enfermer\u00eda, personal sumamente importante para el sistema de salud, y que est\u00e1n en pie de lucha hace tiempo frente a un gobierno de la ciudad que no escucha los reclamos de las y los trabajadores. En el d\u00eda de ayer realizaron un paro con diversas [&hellip;]<\/p>\n","protected":false},"author":5,"featured_media":13509,"comment_status":"closed","ping_status":"closed","sticky":false,"template":"","format":"standard","meta":{"_monsterinsights_skip_tracking":false,"_monsterinsights_sitenote_active":false,"_monsterinsights_sitenote_note":"","_monsterinsights_sitenote_category":0,"jnews-multi-image_gallery":[],"jnews_single_post":{"format":"standard"},"jnews_primary_category":[],"_joinchat":[],"footnotes":""},"categories":[79,58,109],"tags":[],"class_list":["post-13506","post","type-post","status-publish","format-standard","has-post-thumbnail","hentry","category-nadie-se-salva-solo","category-noticiariachuelo","category-salud"],"_links":{"self":[{"href":"http:\/\/fmriachuelo.it10.com.ar\/index.php\/wp-json\/wp\/v2\/posts\/13506","targetHints":{"allow":["GET"]}}],"collection":[{"href":"http:\/\/fmriachuelo.it10.com.ar\/index.php\/wp-json\/wp\/v2\/posts"}],"about":[{"href":"http:\/\/fmriachuelo.it10.com.ar\/index.php\/wp-json\/wp\/v2\/types\/post"}],"author":[{"embeddable":true,"href":"http:\/\/fmriachuelo.it10.com.ar\/index.php\/wp-json\/wp\/v2\/users\/5"}],"replies":[{"embeddable":true,"href":"http:\/\/fmriachuelo.it10.com.ar\/index.php\/wp-json\/wp\/v2\/comments?post=13506"}],"version-history":[{"count":1,"href":"http:\/\/fmriachuelo.it10.com.ar\/index.php\/wp-json\/wp\/v2\/posts\/13506\/revisions"}],"predecessor-version":[{"id":22786,"href":"http:\/\/fmriachuelo.it10.com.ar\/index.php\/wp-json\/wp\/v2\/posts\/13506\/revisions\/22786"}],"wp:featuredmedia":[{"embeddable":true,"href":"http:\/\/fmriachuelo.it10.com.ar\/index.php\/wp-json\/"}],"wp:attachment":[{"href":"http:\/\/fmriachuelo.it10.com.ar\/index.php\/wp-json\/wp\/v2\/media?parent=13506"}],"wp:term":[{"taxonomy":"category","embeddable":true,"href":"http:\/\/fmriachuelo.it10.com.ar\/index.php\/wp-json\/wp\/v2\/categories?post=13506"},{"taxonomy":"post_tag","embeddable":true,"href":"http:\/\/fmriachuelo.it10.com.ar\/index.php\/wp-json\/wp\/v2\/tags?post=13506"}],"curies":[{"name":"wp","href":"https:\/\/api.w.org\/{rel}","templated":true}]}}