{"id":13499,"date":"2021-05-13T14:01:26","date_gmt":"2021-05-13T14:01:26","guid":{"rendered":"http:\/\/fmriachuelo.com.ar\/?p=13499"},"modified":"2025-02-12T16:15:08","modified_gmt":"2025-02-12T19:15:08","slug":"jornada-nacional-de-lucha-de-la-corriente-1de-mayo","status":"publish","type":"post","link":"http:\/\/fmriachuelo.it10.com.ar\/index.php\/2021\/05\/13\/jornada-nacional-de-lucha-de-la-corriente-1de-mayo\/","title":{"rendered":"JORNADA NACIONAL DE LUCHA DE LA CORRIENTE 1\u00b0DE MAYO"},"content":{"rendered":"<p><b>[FM Riachuelo, 13\/5\/2021] Durante el d\u00eda de ayer, se realiz\u00f3 una jornada\u00a0de lucha a nivel nacional \u201cpor la dignidad y el trabajo\u201d, organizada por la Corriente Social y Sindical 1\u00b0de Mayo, con acciones en distintos lugares del pa\u00eds que convocaban a la\u00a0defensa de la soberan\u00eda popular y comunitaria.\u00a0<\/b><\/p>\n<p><span style=\"font-weight: 400\">Exigiendo y asumiendo el compromiso de ir hacia la soberan\u00eda nacional con justicia social, en la <\/span><b>Ciudad de Buenos Aires<\/b><span style=\"font-weight: 400\"> se realiz\u00f3 una radio abierta en la puerta del Ministerio de Econom\u00eda, bajo la consigna de que la deuda no es con el Fondo Monetario Internacional, sino con el pueblo, y pidiendo por salarios justos que permitan una vida digna a los trabajadores del Estado.<\/span><\/p>\n<p><span style=\"font-weight: 400\">FM Riachuelo pudo recoger, entre varios testimonios, el de <\/span><b>Ra\u00fal Llaneza<\/b><span style=\"font-weight: 400\">, secretario adjunto de <\/span><b>ATE INDEC<\/b><span style=\"font-weight: 400\">:<\/span><i><span style=\"font-weight: 400\"> \u201cLa mayor\u00eda de los estatales estamos bajo la canasta b\u00e1sica total, que es la que da el umbral de la pobreza. Son canastas que son para una familia tipo, a marzo de este a\u00f1o esa canasta estaba alrededor de los $61.000. Nuestros salarios est\u00e1n muy lejos de ese ingreso que deber\u00eda garantizar y saldar las necesidades de la familia, y est\u00e1 muy lejos de lo que plantea el INDEC que es $92.000 para una canasta de bienes y servicios m\u00ednimos o un ingreso m\u00ednimo que est\u00e9 alrededor de ese monto para el mismo per\u00edodo marzo 2021\u201d.<\/span><\/i><\/p>\n<p><span style=\"font-weight: 400\"><img loading=\"lazy\" decoding=\"async\" class=\" wp-image-13500 alignleft\" src=\"http:\/\/fmriachuelo.com.ar\/wp-content\/uploads\/2021\/05\/FOTO-CARINA-ATE-SENASA-169x300.jpg\" alt=\"\" width=\"150\" height=\"266\" \/>Tambi\u00e9n estuvo presente <\/span><b>Carina Maloberti<\/b><span style=\"font-weight: 400\">, secretaria gremial de <\/span><b>ATE SENASA<\/b><span style=\"font-weight: 400\"> Capital Federal, quien expres\u00f3: \u201c<\/span><i><span style=\"font-weight: 400\">Nos desprecian, compa\u00f1erxs, as\u00ed como desprecian a sus empleadxs como patronales que son. Desprecian al pueblo que necesita una tarjeta alimentaria para pagar los alimentos, necesitan trabajo y nosotros sabemos generar pol\u00edticas p\u00fablicas para que haya trabajo en nuestro pa\u00eds. Basta, no hay m\u00e1s tiempo, el mundo est\u00e1 en guerra. Nos declararon la guerra con un virus del capitalismo en nuestras tierras, por eso estamos ac\u00e1, porque nunca fuimos c\u00f3mplices, nunca seremos c\u00f3mplices, pero m\u00e1s que nunca debemos ser protagonistas de lo que viene. Nuestras asambleas populares en Neuqu\u00e9n, en Chubut, en Jujuy, en todas partes est\u00e1n diciendo que las decisiones ahora las toma el pueblo<\/span><\/i><span style=\"font-weight: 400\">\u201d.<\/span><\/p>\n<p><span style=\"font-weight: 400\">En <\/span><b>Jujuy<\/b><span style=\"font-weight: 400\"> el <\/span><b>Sindicato de Empleados y Obreros Municipales (SEOM)<\/b><span style=\"font-weight: 400\">\u00a0 realiz\u00f3 un corte en el puente internacional que une Argentina con Bolivia, exigiendo el paso a planta permanente como lo hab\u00eda anunciado el gobernador Morales desde hace 3 meses, as\u00ed como el aumento de los salarios y la reincorporaci\u00f3n de los despedidos. <\/span><b>Santiago Seillant<\/b><span style=\"font-weight: 400\">, secretario del Interior del SEOM, en una entrevista para FM Riachuelo, habl\u00f3 del conflicto y del plan de lucha que no cesa por parte de las y los municipales de Jujuy, y brind\u00f3 una perspectiva desde las y los trabajadores en pie de lucha sobre la inminente negociaci\u00f3n con el FMI.\u00a0<\/span><\/p>\n<p><span style=\"font-weight: 400\">Desde hace semanas los municipales juje\u00f1os vienen realizando cortes de ruta a trav\u00e9s de los cuales lograron<img loading=\"lazy\" decoding=\"async\" class=\"size-medium wp-image-13501 alignright\" src=\"http:\/\/fmriachuelo.com.ar\/wp-content\/uploads\/2021\/05\/SEOM-JUJUY-300x169.jpg\" alt=\"\" width=\"300\" height=\"169\" \/> algunos avances, pero no para la regi\u00f3n Puna y Del Ramal, esta acci\u00f3n de lucha de hoy es porque necesitan que las autoridades municipales y provinciales, en especial Blas Gallardo, intendente de La Quiaca, noten que no pueden seguir sin dar respuestas, y que de lo contrario las autoridades nacionales deber\u00e1n tomar cartas en este asunto. Seillant expres\u00f3: <\/span><i><span style=\"font-weight: 400\">\u201cesta demanda es estrictamente econ\u00f3mica-gremial y l\u00f3gicamente que vamos a ir a fondo, no vamos a cesar. Esto que planteamos de ir caminando 300 km a San Salvador es una demostraci\u00f3n de sacrificio enorme que no se ve desde los noventa, ahora es por la planta permanente, por las irregularidades de liquidaci\u00f3n y otras falencias que son estructurales. Nosotros vemos ac\u00e1 que realmente hay guita en todos lados, hay guita por el litio, hay plata que sacan las mineras, los petroleros, hay plata que no paga Ledesma. Morales exporta toneladas de cannabis pero no para uso medicinal sino para uso recreativo, eso es tr\u00e1fico. Hay guita para todos menos para los municipales, nosotros tenemos sueldos miserables que se caen a pedazos, salarios de indigencia y estamos rodeados de riqueza, esa es la paradoja\u201d.<\/span><\/i><\/p>\n<p><span style=\"font-weight: 400\">De seguir as\u00ed la situaci\u00f3n, acampar\u00e1n hasta que el gobierno provincial otorgue una respuesta concreta a sus leg\u00edtimas reivindicaciones.<\/span><\/p>\n<p><span style=\"font-weight: 400\"><img loading=\"lazy\" decoding=\"async\" class=\" wp-image-13502 alignleft\" src=\"http:\/\/fmriachuelo.com.ar\/wp-content\/uploads\/2021\/05\/FOTO-LA-MATANZA-225x300.jpg\" alt=\"\" width=\"140\" height=\"187\" \/>En el partido de <\/span><b>La Matanza<\/b><span style=\"font-weight: 400\"> movilizaron hasta la sede del municipio, compa\u00f1erxs de Moreno, Laferrere y del <\/span><b>Merendero Violeta Parra<\/b><span style=\"font-weight: 400\"> de Virrey del Pino. <\/span><b>Daniela<\/b><span style=\"font-weight: 400\">, referente del Merendero, realiz\u00f3 un reporte para FM Riachuelo: <\/span><i><span style=\"font-weight: 400\">\u201centregamos un petitorio pidiendo trabajo genuino, herramientas para nuestras cooperativas y proyectos productivos. Pudimos hablar con un representante del municipio sobre las problem\u00e1ticas del barrio, sobre todo de agua, cloacas y seguridad, pedimos una audiencia para dentro de quince d\u00edas para poder dialogar sobre todo lo que exigimos en nuestro petitorio\u201d<\/span><\/i><span style=\"font-weight: 400\">.<\/span><\/p>\n<p><span style=\"font-weight: 400\">Otro reporte lleg\u00f3 desde <\/span><b>Tandil<\/b><span style=\"font-weight: 400\">, donde<\/span> <span style=\"font-weight: 400\">el <\/span><b>Movimiento 1\u00b0 De Octubre<\/b><span style=\"font-weight: 400\"> se sum\u00f3 a la jornada de lucha. <\/span><b>Griselda Altamirano<\/b><span style=\"font-weight: 400\">, referente del Movimiento, habl\u00f3 de las reivindicaciones y las propuestas que el sector viene realizando: <\/span><i><span style=\"font-weight: 400\">\u201cTe cambiamos diez mil por sesenta mil si podemos desarrollar proyectos productivos, si podemos ganar un salario por lo menos igual al l\u00edmite de pobreza y no un salario menor a la indigencia que es lo que est\u00e1 planteando el gobierno, los empresarios y las organizaciones sociales y sindicales, que acordaron en el consejo del salario que reci\u00e9n en febrero del a\u00f1o que viene llegue a los $29.000, cuando se sabe que la canasta est\u00e1 en m\u00e1s de sesenta. Muchos plantean conformarse con lo posible, que no est\u00e1 la correlaci\u00f3n de fuerza, y creemos que la batalla es al rev\u00e9s: uno tiene que pelear por lo necesario siempre y dar la batalla para que eso se haga realidad. Y eso es lo que estamos haciendo c\u00f3mo 1\u00ba de Mayo y contin\u00faa porque en una semana o diez d\u00edas si no hay respuesta vamos a salir a corte de ruta por tiempo indeterminado en toda la regi\u00f3n\u201d<\/span><\/i><span style=\"font-weight: 400\">.<img loading=\"lazy\" decoding=\"async\" class=\" wp-image-13503 aligncenter\" src=\"http:\/\/fmriachuelo.com.ar\/wp-content\/uploads\/2021\/05\/FOTO-TANDIL-300x169.jpeg\" alt=\"\" width=\"399\" height=\"225\" \/><\/span><\/p>\n<p><span style=\"font-weight: 400\">\u00a0<\/span><\/p>\n","protected":false},"excerpt":{"rendered":"<p>[FM Riachuelo, 13\/5\/2021] Durante el d\u00eda de ayer, se realiz\u00f3 una jornada\u00a0de lucha a nivel nacional \u201cpor la dignidad y el trabajo\u201d, organizada por la Corriente Social y Sindical 1\u00b0de Mayo, con acciones en distintos lugares del pa\u00eds que convocaban a la\u00a0defensa de la soberan\u00eda popular y comunitaria.\u00a0 Exigiendo y asumiendo el compromiso de ir [&hellip;]<\/p>\n","protected":false},"author":5,"featured_media":13504,"comment_status":"closed","ping_status":"closed","sticky":false,"template":"","format":"standard","meta":{"_monsterinsights_skip_tracking":false,"_monsterinsights_sitenote_active":false,"_monsterinsights_sitenote_note":"","_monsterinsights_sitenote_category":0,"jnews-multi-image_gallery":[],"jnews_single_post":{"format":"standard"},"jnews_primary_category":[],"_joinchat":[],"footnotes":""},"categories":[145,58,75],"tags":[],"class_list":["post-13499","post","type-post","status-publish","format-standard","has-post-thumbnail","hentry","category-movimientos-populares","category-noticiariachuelo","category-trabajo"],"_links":{"self":[{"href":"http:\/\/fmriachuelo.it10.com.ar\/index.php\/wp-json\/wp\/v2\/posts\/13499","targetHints":{"allow":["GET"]}}],"collection":[{"href":"http:\/\/fmriachuelo.it10.com.ar\/index.php\/wp-json\/wp\/v2\/posts"}],"about":[{"href":"http:\/\/fmriachuelo.it10.com.ar\/index.php\/wp-json\/wp\/v2\/types\/post"}],"author":[{"embeddable":true,"href":"http:\/\/fmriachuelo.it10.com.ar\/index.php\/wp-json\/wp\/v2\/users\/5"}],"replies":[{"embeddable":true,"href":"http:\/\/fmriachuelo.it10.com.ar\/index.php\/wp-json\/wp\/v2\/comments?post=13499"}],"version-history":[{"count":1,"href":"http:\/\/fmriachuelo.it10.com.ar\/index.php\/wp-json\/wp\/v2\/posts\/13499\/revisions"}],"predecessor-version":[{"id":22783,"href":"http:\/\/fmriachuelo.it10.com.ar\/index.php\/wp-json\/wp\/v2\/posts\/13499\/revisions\/22783"}],"wp:featuredmedia":[{"embeddable":true,"href":"http:\/\/fmriachuelo.it10.com.ar\/index.php\/wp-json\/"}],"wp:attachment":[{"href":"http:\/\/fmriachuelo.it10.com.ar\/index.php\/wp-json\/wp\/v2\/media?parent=13499"}],"wp:term":[{"taxonomy":"category","embeddable":true,"href":"http:\/\/fmriachuelo.it10.com.ar\/index.php\/wp-json\/wp\/v2\/categories?post=13499"},{"taxonomy":"post_tag","embeddable":true,"href":"http:\/\/fmriachuelo.it10.com.ar\/index.php\/wp-json\/wp\/v2\/tags?post=13499"}],"curies":[{"name":"wp","href":"https:\/\/api.w.org\/{rel}","templated":true}]}}