{"id":13495,"date":"2021-05-11T22:02:10","date_gmt":"2021-05-11T22:02:10","guid":{"rendered":"http:\/\/fmriachuelo.com.ar\/?p=13495"},"modified":"2025-02-12T16:18:39","modified_gmt":"2025-02-12T19:18:39","slug":"a-47-anos-del-asesinato-del-padre-carlos-mugica-su-legado-sigue-vigente","status":"publish","type":"post","link":"http:\/\/fmriachuelo.it10.com.ar\/index.php\/2021\/05\/11\/a-47-anos-del-asesinato-del-padre-carlos-mugica-su-legado-sigue-vigente\/","title":{"rendered":"A 47 A\u00d1OS DEL ASESINATO DEL PADRE CARLOS MUGICA SU LEGADO SIGUE VIGENTE"},"content":{"rendered":"<p><strong>[FM Riachuelo, 11\/5\/2021] Un 11 de mayo de 1974, integrantes de la triple A acribillaron al padre Carlos Mugica cuando sal\u00eda de dar misa. A lo largo de estos 47 a\u00f1os su legado se mantuvo presente en la organizaci\u00f3n popular que crece en las barriadas de nuestro pa\u00eds. A modo de homenaje, compartimos dos entrevistas realizadas en el d\u00eda de hoy para conocer m\u00e1s sobre su vida, sus pensamientos, su compromiso con los pobres y su influencia en las luchas actuales por Tierra, Techo y Trabajo.<\/strong><\/p>\n<p><strong>Domingo Bresci, Movimiento de sacerdotes del tercer mundo. Compa\u00f1ero de Mugica<em>:<\/em><\/strong><\/p>\n<p><em>\u00c9l proven\u00eda de una familia de clase alta, Carlos en el evangelio vio una veta, la tom\u00f3 y la sigui\u00f3 hasta el final. El final es que \u00e9l no se apart\u00f3 de ese camino de compromiso con los pobres que lo llev\u00f3 a denunciar las injusticias, a acompa\u00f1ar a todos los que luchaban por una sociedad m\u00e1s humana, m\u00e1s fraterna. Y por eso lo matan.\u00a0<\/em><\/p>\n<p><em>Toda la tem\u00e1tica de los movimientos sociales, la econom\u00eda popular, son un paso m\u00e1s delante de lo que propon\u00edamos en los setenta. Todo el planteo que se hacen hoy los curas que est\u00e1n en villas, no solo urbanizarlas sino integrarla a la sociedad, de que los mismos villeros puedan trabajar en la construcci\u00f3n de sus propias casas. Lo que el Papa Francisco propone como las tres T (tierra-techo y trabajo). Carlos Mugica estar\u00eda enganchando totalmente en eso, como est\u00e1n enganchados varios movimientos sociales de hoy. Tambi\u00e9n la juventud que milita socialmente pero tambi\u00e9n pol\u00edticamente, ha habido una recuperaci\u00f3n de eso\u201d.<\/em><\/p>\n<p>Escucha la entrevista completa: <u><a href=\"https:\/\/ar.radiocut.fm\/audiocut\/si-viviera-carlos-mugica-estaria-enganchado-con-lo-propone-papa-tierra-techo-y-trabajo\/\">https:\/\/ar.radiocut.fm\/audiocut\/si-viviera-carlos-mugica-estaria-enganchado-con-lo-propone-papa-tierra-techo-y-trabajo\/#<\/a><\/u><\/p>\n<p><strong><img loading=\"lazy\" decoding=\"async\" class=\"alignright size-medium wp-image-13497\" src=\"http:\/\/fmriachuelo.com.ar\/wp-content\/uploads\/2021\/05\/MUGICA-2-300x168.jpg\" alt=\"\" width=\"300\" height=\"168\" \/>Lucas Pedr\u00f3, secretario de Culto de la UTEP, integran del Movimiento Misioneros de Francisco:<\/strong><\/p>\n<p><em>Carlos fue uno de los pioneros en la pastoral villera, uno de los primeros curas villeros que tuvimos ac\u00e1 en la argentina, asesinado por el terrorismo de estado por aquellos que quisieron callar el mensaje de los militantes populares de los luchadores del bien com\u00fan.<\/em><\/p>\n<p><em>En cada capilla, en cada centro comunitario de los barrios populares claramente est\u00e1 el legado del padre Carlos y de muchos otros de los m\u00e1rtires populares de que hablamos, de muchos compa\u00f1eros y compa\u00f1eras que supieron entregar su vida no con la muerte pero tambi\u00e9n entregar su vida con su trabajo al servicio de los otros. En cada barrio popular donde hay una Capilla, un centro comunitario, una unidad b\u00e1sica, donde hay un comedor, una cooperativa, <strong>donde est\u00e1n los compa\u00f1eros y compa\u00f1eras construyendo comunidad, creo que ese es el legado<\/strong>. Legado que hoy se transforma en \u201cNadie se salva solo\u201d. El legado es eso una construcci\u00f3n colectiva, comunitaria, solidaria, de lucha, de resistencia, de trabajo por la justicia social, creo que en todo eso encontramos el legado de Carlos y de muchos otros.<\/em><\/p>\n<p>Escucha la entrevista completa: <u><a href=\"https:\/\/ar.radiocut.fm\/audiocut\/a-47-anos-del-asesinato-del-padre-mujica\/\">https:\/\/ar.radiocut.fm\/audiocut\/a-47-anos-del-asesinato-del-padre-mujica\/<\/a><\/u><\/p>\n<p>&nbsp;<\/p>\n","protected":false},"excerpt":{"rendered":"<p>[FM Riachuelo, 11\/5\/2021] Un 11 de mayo de 1974, integrantes de la triple A acribillaron al padre Carlos Mugica cuando sal\u00eda de dar misa. A lo largo de estos 47 a\u00f1os su legado se mantuvo presente en la organizaci\u00f3n popular que crece en las barriadas de nuestro pa\u00eds. A modo de homenaje, compartimos dos entrevistas [&hellip;]<\/p>\n","protected":false},"author":5,"featured_media":13496,"comment_status":"closed","ping_status":"closed","sticky":false,"template":"","format":"standard","meta":{"_monsterinsights_skip_tracking":false,"_monsterinsights_sitenote_active":false,"_monsterinsights_sitenote_note":"","_monsterinsights_sitenote_category":0,"jnews-multi-image_gallery":[],"jnews_single_post":{"format":"standard"},"jnews_primary_category":[],"_joinchat":[],"footnotes":""},"categories":[82,79,58],"tags":[],"class_list":["post-13495","post","type-post","status-publish","format-standard","has-post-thumbnail","hentry","category-derechos-humanos","category-nadie-se-salva-solo","category-noticiariachuelo"],"_links":{"self":[{"href":"http:\/\/fmriachuelo.it10.com.ar\/index.php\/wp-json\/wp\/v2\/posts\/13495","targetHints":{"allow":["GET"]}}],"collection":[{"href":"http:\/\/fmriachuelo.it10.com.ar\/index.php\/wp-json\/wp\/v2\/posts"}],"about":[{"href":"http:\/\/fmriachuelo.it10.com.ar\/index.php\/wp-json\/wp\/v2\/types\/post"}],"author":[{"embeddable":true,"href":"http:\/\/fmriachuelo.it10.com.ar\/index.php\/wp-json\/wp\/v2\/users\/5"}],"replies":[{"embeddable":true,"href":"http:\/\/fmriachuelo.it10.com.ar\/index.php\/wp-json\/wp\/v2\/comments?post=13495"}],"version-history":[{"count":1,"href":"http:\/\/fmriachuelo.it10.com.ar\/index.php\/wp-json\/wp\/v2\/posts\/13495\/revisions"}],"predecessor-version":[{"id":22788,"href":"http:\/\/fmriachuelo.it10.com.ar\/index.php\/wp-json\/wp\/v2\/posts\/13495\/revisions\/22788"}],"wp:featuredmedia":[{"embeddable":true,"href":"http:\/\/fmriachuelo.it10.com.ar\/index.php\/wp-json\/"}],"wp:attachment":[{"href":"http:\/\/fmriachuelo.it10.com.ar\/index.php\/wp-json\/wp\/v2\/media?parent=13495"}],"wp:term":[{"taxonomy":"category","embeddable":true,"href":"http:\/\/fmriachuelo.it10.com.ar\/index.php\/wp-json\/wp\/v2\/categories?post=13495"},{"taxonomy":"post_tag","embeddable":true,"href":"http:\/\/fmriachuelo.it10.com.ar\/index.php\/wp-json\/wp\/v2\/tags?post=13495"}],"curies":[{"name":"wp","href":"https:\/\/api.w.org\/{rel}","templated":true}]}}