{"id":13483,"date":"2021-05-12T19:01:30","date_gmt":"2021-05-12T19:01:30","guid":{"rendered":"http:\/\/fmriachuelo.com.ar\/?p=13483"},"modified":"2025-02-12T16:16:21","modified_gmt":"2025-02-12T19:16:21","slug":"repudio-a-la-represion-en-colombia","status":"publish","type":"post","link":"http:\/\/fmriachuelo.it10.com.ar\/index.php\/2021\/05\/12\/repudio-a-la-represion-en-colombia\/","title":{"rendered":"DESDE ARGENTINA: REPUDIO A LA REPRESION EN COLOMBIA"},"content":{"rendered":"<p>[Fmriachuelo, 12\/05\/2021]<strong>\u00a0 Esta tarde una delegaci\u00f3n de referentes sindicales, sociales y de Derechos Humanos\u00a0 presentaron en la Embajada de Colombia en Argentina un documento con una muy amplia adhesi\u00f3n del movimiento popular argentino \u00aben repudio de la represi\u00f3n y la violencia institucional\u00bb que est\u00e1 ejerciendo el gobierno de Duque.<\/strong><\/p>\n<p>La delegaci\u00f3n estuvo conformada por Pablo Moyano (Camioneros), Roberto Baradel (SUTEBA), Ricardo Peidr\u00f3 (CTA Aut\u00f3noma), Hugo Yasky (CTA de los Trabajadores), Pablo Micheli (CTA Aut\u00f3noma), Dina Sanchez (UTEP), Norma Morales (UTEP) y Lito Borello (UTEP) entre otrxs.<\/p>\n<p><img loading=\"lazy\" decoding=\"async\" class=\"size-medium wp-image-13486 aligncenter\" src=\"http:\/\/fmriachuelo.com.ar\/wp-content\/uploads\/2021\/05\/IMG-20210512-WA0013-300x169.jpg\" alt=\"\" width=\"300\" height=\"169\" \/><\/p>\n<p>La carta presentada al embajador de Colombia y dirigida al gobierno de Duque con un millar de firmas de dirigentes y referentes del mundo sindical, social y de derechos humanos de la Argentina exige \u00abel cese de toda acci\u00f3n represiva, el cese de los asesinatos y la aparici\u00f3n con vida de todos y todas los desaparecidos\/as, el cese de cualquier tipo de represalia o persecuci\u00f3n por parte del Estado colombiano y la convocatoria a una mesa de negociaci\u00f3n donde se vean plasmadas las demandas del pueblo de Colombia. Exigimos el juicio y\u00a0castigo a todos los responsables de los asesinatos y violaciones a los derechos humanos en Colombia\u00bb.<\/p>\n<p><img loading=\"lazy\" decoding=\"async\" class=\"alignright size-medium wp-image-13493\" src=\"http:\/\/fmriachuelo.com.ar\/wp-content\/uploads\/2021\/05\/IMG-20210512-WA0022-300x200.jpg\" alt=\"\" width=\"300\" height=\"200\" \/><\/p>\n<p>&nbsp;<\/p>\n","protected":false},"excerpt":{"rendered":"<p>[Fmriachuelo, 12\/05\/2021]\u00a0 Esta tarde una delegaci\u00f3n de referentes sindicales, sociales y de Derechos Humanos\u00a0 presentaron en la Embajada de Colombia en Argentina un documento con una muy amplia adhesi\u00f3n del movimiento popular argentino \u00aben repudio de la represi\u00f3n y la violencia institucional\u00bb que est\u00e1 ejerciendo el gobierno de Duque. La delegaci\u00f3n estuvo conformada por Pablo [&hellip;]<\/p>\n","protected":false},"author":5,"featured_media":13487,"comment_status":"closed","ping_status":"closed","sticky":false,"template":"","format":"standard","meta":{"_monsterinsights_skip_tracking":false,"_monsterinsights_sitenote_active":false,"_monsterinsights_sitenote_note":"","_monsterinsights_sitenote_category":0,"jnews-multi-image_gallery":[],"jnews_single_post":{"format":"standard"},"jnews_primary_category":[],"_joinchat":[],"footnotes":""},"categories":[82,58,130],"tags":[],"class_list":["post-13483","post","type-post","status-publish","format-standard","has-post-thumbnail","hentry","category-derechos-humanos","category-noticiariachuelo","category-patria-grande"],"_links":{"self":[{"href":"http:\/\/fmriachuelo.it10.com.ar\/index.php\/wp-json\/wp\/v2\/posts\/13483","targetHints":{"allow":["GET"]}}],"collection":[{"href":"http:\/\/fmriachuelo.it10.com.ar\/index.php\/wp-json\/wp\/v2\/posts"}],"about":[{"href":"http:\/\/fmriachuelo.it10.com.ar\/index.php\/wp-json\/wp\/v2\/types\/post"}],"author":[{"embeddable":true,"href":"http:\/\/fmriachuelo.it10.com.ar\/index.php\/wp-json\/wp\/v2\/users\/5"}],"replies":[{"embeddable":true,"href":"http:\/\/fmriachuelo.it10.com.ar\/index.php\/wp-json\/wp\/v2\/comments?post=13483"}],"version-history":[{"count":1,"href":"http:\/\/fmriachuelo.it10.com.ar\/index.php\/wp-json\/wp\/v2\/posts\/13483\/revisions"}],"predecessor-version":[{"id":22784,"href":"http:\/\/fmriachuelo.it10.com.ar\/index.php\/wp-json\/wp\/v2\/posts\/13483\/revisions\/22784"}],"wp:featuredmedia":[{"embeddable":true,"href":"http:\/\/fmriachuelo.it10.com.ar\/index.php\/wp-json\/"}],"wp:attachment":[{"href":"http:\/\/fmriachuelo.it10.com.ar\/index.php\/wp-json\/wp\/v2\/media?parent=13483"}],"wp:term":[{"taxonomy":"category","embeddable":true,"href":"http:\/\/fmriachuelo.it10.com.ar\/index.php\/wp-json\/wp\/v2\/categories?post=13483"},{"taxonomy":"post_tag","embeddable":true,"href":"http:\/\/fmriachuelo.it10.com.ar\/index.php\/wp-json\/wp\/v2\/tags?post=13483"}],"curies":[{"name":"wp","href":"https:\/\/api.w.org\/{rel}","templated":true}]}}