{"id":13468,"date":"2021-05-11T03:13:17","date_gmt":"2021-05-11T03:13:17","guid":{"rendered":"http:\/\/fmriachuelo.com.ar\/?p=13468"},"modified":"2025-02-12T16:21:18","modified_gmt":"2025-02-12T19:21:18","slug":"juan-carlos-sanchez-luchamos-por-el-trabajo-que-dignifica-no-por-el-asistencialismo","status":"publish","type":"post","link":"http:\/\/fmriachuelo.it10.com.ar\/index.php\/2021\/05\/11\/juan-carlos-sanchez-luchamos-por-el-trabajo-que-dignifica-no-por-el-asistencialismo\/","title":{"rendered":"JUAN CARLOS SANCHEZ: \u201cLUCHAMOS POR EL TRABAJO QUE DIGNIFICA, NO POR EL ASISTENCIALISMO\u201d"},"content":{"rendered":"<p><b>[FM Riachuelo, 10\/5\/2021] El viernes, tras encabezar la quinta reuni\u00f3n del Consejo Federal Argentina contra el Hambre, que tuvo lugar en el Museo del Bicentenario de Casa Rosada, Alberto Fern\u00e1ndez anunci\u00f3 la ampliaci\u00f3n del alcance y montos del programa Alimentar. A lo largo del fin de semana, la medida gener\u00f3 r\u00e9plicas por parte de referentes de la UTEP que, aunque destacaron la definici\u00f3n de acciones en el plano social, puntualizaron la necesidad de que las pol\u00edticas de inclusi\u00f3n se centren en la generaci\u00f3n de trabajo fortaleciendo las iniciativas que las organizaciones de la econom\u00eda popular vienen proponiendo desde hace a\u00f1os. Esta ma\u00f1ana, Mateando en el Riachuelo (L a V, de 10 a 12\u00a0<\/b><b>hs<\/b><b>.) sum\u00f3 al debate la voz de Juan Carlos\u00a0<\/b><b>S\u00e1nchez<\/b><b>,\u00a0referente del Frente Barrial Pocho\u00a0<\/b><b>Lepratti<\/b><b>\u00a0de La Paz (<\/b><b>pcia<\/b><b>. de Entre R\u00edos) quien aport\u00f3 desde una experiencia de organizaci\u00f3n y mejoras de barrios populares de reciente creaci\u00f3n donde, aunque insuficientes, se lograron invertir algunos recursos del programa Potenciar Trabajo.<\/b><\/p>\n<p>Ante los anuncios realizados y el debate que se gener\u00f3 el referente barrial expres\u00f3:\u00a0<i>\u201ctenemos que empezar a pensar como salimos de esta emergencia y creo que el camino es el trabajo, el eje central debe ser el trabajo. La cultura del trabajo tenemos que recuperarla porque ah\u00ed recuperamos tambi\u00e9n los tejidos sociales que est\u00e1n totalmente rotos en distintas barriadas\u201d<\/i>. Tambi\u00e9n cuenta como los j\u00f3venes de las barriadas populares se organizan y realizan los trabajos necesarios para solucionar los problemas estructurales del lugar, falta de vivienda, agua, entre otras necesidades b\u00e1sicas que est\u00e1n insatisfechas y agrego \u201cno se puede seguir solamente asistiendo sin inyectar mucha plata en lo que estamos haciendo, justamente la UTEP vino para eso, para recuperar la cultura del trabajo y hay muchas pruebas\u201d<\/p>\n<p><img loading=\"lazy\" decoding=\"async\" class=\"wp-image-13470 alignleft\" src=\"http:\/\/fmriachuelo.com.ar\/wp-content\/uploads\/2021\/05\/WhatsApp-Image-2021-05-10-at-23.44.07-300x200.jpeg\" alt=\"\" width=\"353\" height=\"235\" \/>Para cerrar dej\u00f3 claro que el pueblo organizado no solo trabaja en comedores y merenderos, sino que\u00a0juntos debaten para ver cu\u00e1les son las causas que impiden que los compa\u00f1eros puedan sostener la comida en sus casas: \u201csi las pol\u00edticas solamente van a ser en la direcci\u00f3n de asistir, nunca vamos a llegar a lo que queremos\u201d, se suele concluir en esos debates de asamblea y olla popular. Adem\u00e1s, S\u00e1nchez resalt\u00f3: \u201cestamos peleando por la fuente de trabajo, y hay muchas necesidades. Hay doce barrios que viven en silo bolsas. Imaginen si tuvi\u00e9ramos para hacer viviendas. Si el gobierno realmente aportara m\u00e1s all\u00e1 de alguna asistencia para poner una parte importante de los presupuestos que tiene en materiales y mano de obra\u201d<\/p>\n<p>De esta manera, al referirse al tema de la vivienda como saldo de la inversi\u00f3n social, el referente del Frente Barrial Pocho\u00a0Lepratti, que tambi\u00e9n integra la UTEP, se expres\u00f3 en el mismo sentido que\u00a0Esteban \u00abGringo\u00bb Castro, secretario General de la Uni\u00f3n de Trabajadores de la Econom\u00eda Popular (UTEP) cuando, en dialogo con FM LA PATRIADA, expres\u00f3 que\u00a0<i>\u00ablo que el gobierno pone en asistir a los sectores m\u00e1s vulnerables se va por la canaleta de la concentraci\u00f3n econ\u00f3mica y se va del pa\u00eds\u00bb, en alusi\u00f3n a que el destino \u00faltimo de las inversiones en la tarjeta alimentar terminan en el pu\u00f1ado de empresas trasnacionales que concentran la comercializaci\u00f3n de alimentos.<\/i><\/p>\n<p><i>ESCUCH\u00c1 LA ENTREVISTA COMPLETA:<\/i><\/p>\n<p><a href=\"https:\/\/ar.radiocut.fm\/audiocut\/corresponsales-populares-luchamos-por-trabajo-dignifica-no-por-asistencialismo-1\/\">https:\/\/ar.radiocut.fm\/audiocut\/corresponsales-populares-luchamos-por-trabajo-dignifica-no-por-asistencialismo-1\/<\/a><\/p>\n<p>&nbsp;<\/p>\n<p>&nbsp;<\/p>\n","protected":false},"excerpt":{"rendered":"<p>[FM Riachuelo, 10\/5\/2021] El viernes, tras encabezar la quinta reuni\u00f3n del Consejo Federal Argentina contra el Hambre, que tuvo lugar en el Museo del Bicentenario de Casa Rosada, Alberto Fern\u00e1ndez anunci\u00f3 la ampliaci\u00f3n del alcance y montos del programa Alimentar. A lo largo del fin de semana, la medida gener\u00f3 r\u00e9plicas por parte de referentes [&hellip;]<\/p>\n","protected":false},"author":5,"featured_media":13469,"comment_status":"closed","ping_status":"closed","sticky":false,"template":"","format":"standard","meta":{"_monsterinsights_skip_tracking":false,"_monsterinsights_sitenote_active":false,"_monsterinsights_sitenote_note":"","_monsterinsights_sitenote_category":0,"jnews-multi-image_gallery":[],"jnews_single_post":{"format":"standard"},"jnews_primary_category":[],"_joinchat":[],"footnotes":""},"categories":[82,78,79,58],"tags":[],"class_list":["post-13468","post","type-post","status-publish","format-standard","has-post-thumbnail","hentry","category-derechos-humanos","category-economia-popular","category-nadie-se-salva-solo","category-noticiariachuelo"],"_links":{"self":[{"href":"http:\/\/fmriachuelo.it10.com.ar\/index.php\/wp-json\/wp\/v2\/posts\/13468","targetHints":{"allow":["GET"]}}],"collection":[{"href":"http:\/\/fmriachuelo.it10.com.ar\/index.php\/wp-json\/wp\/v2\/posts"}],"about":[{"href":"http:\/\/fmriachuelo.it10.com.ar\/index.php\/wp-json\/wp\/v2\/types\/post"}],"author":[{"embeddable":true,"href":"http:\/\/fmriachuelo.it10.com.ar\/index.php\/wp-json\/wp\/v2\/users\/5"}],"replies":[{"embeddable":true,"href":"http:\/\/fmriachuelo.it10.com.ar\/index.php\/wp-json\/wp\/v2\/comments?post=13468"}],"version-history":[{"count":1,"href":"http:\/\/fmriachuelo.it10.com.ar\/index.php\/wp-json\/wp\/v2\/posts\/13468\/revisions"}],"predecessor-version":[{"id":22792,"href":"http:\/\/fmriachuelo.it10.com.ar\/index.php\/wp-json\/wp\/v2\/posts\/13468\/revisions\/22792"}],"wp:featuredmedia":[{"embeddable":true,"href":"http:\/\/fmriachuelo.it10.com.ar\/index.php\/wp-json\/"}],"wp:attachment":[{"href":"http:\/\/fmriachuelo.it10.com.ar\/index.php\/wp-json\/wp\/v2\/media?parent=13468"}],"wp:term":[{"taxonomy":"category","embeddable":true,"href":"http:\/\/fmriachuelo.it10.com.ar\/index.php\/wp-json\/wp\/v2\/categories?post=13468"},{"taxonomy":"post_tag","embeddable":true,"href":"http:\/\/fmriachuelo.it10.com.ar\/index.php\/wp-json\/wp\/v2\/tags?post=13468"}],"curies":[{"name":"wp","href":"https:\/\/api.w.org\/{rel}","templated":true}]}}