{"id":13461,"date":"2021-05-10T21:58:16","date_gmt":"2021-05-10T21:58:16","guid":{"rendered":"http:\/\/fmriachuelo.com.ar\/?p=13461"},"modified":"2025-02-12T16:21:55","modified_gmt":"2025-02-12T19:21:55","slug":"misa-en-la-ermita-del-negro-manuel","status":"publish","type":"post","link":"http:\/\/fmriachuelo.it10.com.ar\/index.php\/2021\/05\/10\/misa-en-la-ermita-del-negro-manuel\/","title":{"rendered":"MISA EN LA ERMITA DEL NEGRO MANUEL"},"content":{"rendered":"<p>[<strong>FM Riachuelo, 10\/05\/2021, Corresponsales Populares por Lucas Schaerer]<\/strong><\/p>\n<p><strong>En Luj\u00e1n, el d\u00eda de la Virgen patrona de la Argentina tuvo celebraciones por fuera de la bas\u00edlica. Fueron organizadas por el Movimiento Misioneros de Francisco con varios sacerdotes y el acompa\u00f1amiento del obispo local, Eduardo Scheinig.<\/strong><\/p>\n<p>\u201cSoy de la virgen nom\u00e1s\u201d. Es la carta de presentaci\u00f3n del cuidador de la Virgen de Luj\u00e1n, el legendario Negro Manuel, el esclavo que en el a\u00f1o 1.630 qued\u00f3 al resguardo de la imagen de la Virgen que luego se convertir\u00eda en la patrona de la Rep\u00fablica Argentina.<\/p>\n<p>Este esclavo africano traficado a Am\u00e9rica, primero Brasil y luego Argentina, que gan\u00f3 la libertad por su devoci\u00f3n y cuidado de la Virgen gaucha, por tantas curaciones milagrosas que gener\u00f3 entre el poblado de lo que hoy conocemos como Luj\u00e1n, fue ganando devoci\u00f3n y visibilidad entre el pueblo. De all\u00ed, que hace tres a\u00f1os atr\u00e1s en la Bas\u00edlica de Luj\u00e1n fue colocada una imagen de \u00e9l y un banner resumiendo su historia.<\/p>\n<p>\u201cLos hinchas del Negro Manuel y la virgencita\u201d, as\u00ed se present\u00f3 Pato, un hombre de voz ronca, larga barba canosa y gorrito con orejeras nacido y criado en Luj\u00e1n quien es la referencia local del grupo de creyentes \u201cMisioneros de Francisco\u201d. Ellos construyeron, a principios de a\u00f1o, la ermita del Negro Manuel en la ruta provincial 7 a un kil\u00f3metro y medio del cruce con la ruta provincial 6. All\u00ed se celebr\u00f3 este s\u00e1bado 8, a media ma\u00f1ana, la misa en el d\u00eda de la consagraci\u00f3n de la Virgen de Luj\u00e1n. Acompa\u00f1aron al grupo de laicos \u201cMisioneros de Francisco\u201d, nacido desde el movimiento popular Evita, varios sacerdotes Eduardo Farrell y Tony; quien celebr\u00f3 la misa, al costado de la ruta, por la Virgen y el Negro Manuel, el sacerdote Luis Perales. \u00c9l mismo cont\u00f3 que su conversi\u00f3n fue caminando, durante dos a\u00f1os, desde Argentina a M\u00e9xico. Al regresar el ocho de diciembre de 2012 se consagr\u00f3 cura. Su historia de vida impact\u00f3 en todos los fieles. Luego fue la bendici\u00f3n con agua bendita para el cuadro que estaba al pie del altar en la ermita. Esa imagen fue trasladada a la \u201cCasita de la Virgen\u201d, un local a dos cuadras de la Bas\u00edlica de Luj\u00e1n, donde se est\u00e1 dando forma al \u201cPaseo Cultural e Hist\u00f3rico de la Virgen de Luj\u00e1n y Feria de la Econom\u00eda Popular\u201d.<\/p>\n<p>Al final sonaron los aplausos y vivas a la Virgen, el negro Manuel, la patria y el Papa Francisco. Entre ellos hab\u00edan llegado peregrinos de la localidad de San Mart\u00edn y uno en bici desde Hurlingham.<\/p>\n<p>\u00abEL OBISPO EN LA CASITA DE LA VIRGEN\u00bb<\/p>\n<p>El obispo de la di\u00f3cesis local, Jorge Eduardo Scheinig, sorprendi\u00f3 al llegar al patio arbolado de la \u201cCasita de la Virgen\u201d para ponerse en di\u00e1logo con aquellos creyentes que hab\u00edan llegado de la misa en la ruta.<\/p>\n<p><img loading=\"lazy\" decoding=\"async\" class=\"alignright size-medium wp-image-13462\" src=\"http:\/\/fmriachuelo.com.ar\/wp-content\/uploads\/2021\/05\/IMG-20210510-WA0021-300x216.jpg\" alt=\"\" width=\"300\" height=\"216\" \/><\/p>\n<p>Apenas ingres\u00f3 unos tres hermanitos se le acercan al obispo para ver y acariciar el crucifijo que colgaba de su pecho. Una de ellas le pide que se lo regale. \u201cEst\u00e1 cruz no te la puedo dar, pero s\u00ed esto\u201d y sac\u00f3 de su bolsillo un crucifijo de color negro entregado por el Papa Francisco. La nena que cumpl\u00eda once a\u00f1os sali\u00f3 corriendo a mostrarle a su mam\u00e1.<\/p>\n<p>La escena del obispo y los ni\u00f1os ocurri\u00f3 delante del secretario general de la Uni\u00f3n de Trabajadores de la Econom\u00eda Popular, Esteban \u201cGringo\u201d Castro, y el referente del Movimiento Popular Los Pibes, Luciano \u00c1lvarez.<\/p>\n<p>La presencia del cl\u00e9rigo no es menor. Sobre todo, en el contexto del d\u00eda que inclu\u00eda una trasmisi\u00f3n on line, v\u00eda Vaticano, de la oraci\u00f3n mundial que convoc\u00f3 el Pont\u00edfice para el fin de la pandemia del coronavirus.<\/p>\n<p>Para el mediod\u00eda en la \u201cCasita de la Virgen\u201d (al costado de la bas\u00edlica cruzando el puente en Mitre y Julio A. Roca frente al parque de diversiones) ya circulaban las bandejas de pl\u00e1stico con guiso de lentejas cocinadas en una gran olla; otros ya se compraban las remeras con la estampa del negro Manuel y la Virgen de Luj\u00e1n y otros art\u00edculos como tazas con las devociones que realizaron los \u201cMisioneros de Francisco\u201d con el fin pastoral y para sostener el proyecto de la \u201cCasita de la Virgen\u201d que busca ser refugio para los peregrinos que viajan a ver a la patrona de la Argentina.<\/p>\n<p>Las charlas de los fieles, muchos de ellos integrantes de los movimientos populares, iban desde la preocupaci\u00f3n por suba de precios de los alimentos, los sue\u00f1os por una econom\u00eda popular que reciba m\u00e1s apoyos para producir en las comunidades sea ladrillos, en las huertas o en la industria lechera locales hasta contar an\u00e9cdotas inolvidables de peregrinaciones como a Paraguay en la visita apost\u00f3lica del Papa argentino.<\/p>\n<p>El sol oto\u00f1al acompa\u00f1\u00f3 toda la jornada de fe y fraternidad por fuera de la bas\u00edlica.<\/p>\n<p>Pato de Misioneros de Francisco dijo sobre esta experiencia \u00abCuando lo abrazamos al Negro sentimos que abrazamos al \u00faltimo de la fila, que muchas veces es cualquiera de nosotros, cualquiera de nuestros vecinos, por eso reivindicamos su figura\u00bb.<\/p>\n<p>Escucha la entrevista completa.<\/p>\n<p>https:\/\/ar.radiocut.fm\/audiocut\/misa-en-ermita-del-negro-manuel\/<\/p>\n","protected":false},"excerpt":{"rendered":"<p>[FM Riachuelo, 10\/05\/2021, Corresponsales Populares por Lucas Schaerer] En Luj\u00e1n, el d\u00eda de la Virgen patrona de la Argentina tuvo celebraciones por fuera de la bas\u00edlica. Fueron organizadas por el Movimiento Misioneros de Francisco con varios sacerdotes y el acompa\u00f1amiento del obispo local, Eduardo Scheinig. \u201cSoy de la virgen nom\u00e1s\u201d. Es la carta de presentaci\u00f3n [&hellip;]<\/p>\n","protected":false},"author":5,"featured_media":13463,"comment_status":"closed","ping_status":"closed","sticky":false,"template":"","format":"standard","meta":{"_monsterinsights_skip_tracking":false,"_monsterinsights_sitenote_active":false,"_monsterinsights_sitenote_note":"","_monsterinsights_sitenote_category":0,"jnews-multi-image_gallery":[],"jnews_single_post":{"format":"standard"},"jnews_primary_category":[],"_joinchat":[],"footnotes":""},"categories":[141,58,62],"tags":[],"class_list":["post-13461","post","type-post","status-publish","format-standard","has-post-thumbnail","hentry","category-comunicacion-popular","category-noticiariachuelo","category-religiosidad-popular"],"_links":{"self":[{"href":"http:\/\/fmriachuelo.it10.com.ar\/index.php\/wp-json\/wp\/v2\/posts\/13461","targetHints":{"allow":["GET"]}}],"collection":[{"href":"http:\/\/fmriachuelo.it10.com.ar\/index.php\/wp-json\/wp\/v2\/posts"}],"about":[{"href":"http:\/\/fmriachuelo.it10.com.ar\/index.php\/wp-json\/wp\/v2\/types\/post"}],"author":[{"embeddable":true,"href":"http:\/\/fmriachuelo.it10.com.ar\/index.php\/wp-json\/wp\/v2\/users\/5"}],"replies":[{"embeddable":true,"href":"http:\/\/fmriachuelo.it10.com.ar\/index.php\/wp-json\/wp\/v2\/comments?post=13461"}],"version-history":[{"count":1,"href":"http:\/\/fmriachuelo.it10.com.ar\/index.php\/wp-json\/wp\/v2\/posts\/13461\/revisions"}],"predecessor-version":[{"id":22793,"href":"http:\/\/fmriachuelo.it10.com.ar\/index.php\/wp-json\/wp\/v2\/posts\/13461\/revisions\/22793"}],"wp:featuredmedia":[{"embeddable":true,"href":"http:\/\/fmriachuelo.it10.com.ar\/index.php\/wp-json\/"}],"wp:attachment":[{"href":"http:\/\/fmriachuelo.it10.com.ar\/index.php\/wp-json\/wp\/v2\/media?parent=13461"}],"wp:term":[{"taxonomy":"category","embeddable":true,"href":"http:\/\/fmriachuelo.it10.com.ar\/index.php\/wp-json\/wp\/v2\/categories?post=13461"},{"taxonomy":"post_tag","embeddable":true,"href":"http:\/\/fmriachuelo.it10.com.ar\/index.php\/wp-json\/wp\/v2\/tags?post=13461"}],"curies":[{"name":"wp","href":"https:\/\/api.w.org\/{rel}","templated":true}]}}