{"id":13457,"date":"2021-05-08T19:10:00","date_gmt":"2021-05-08T19:10:00","guid":{"rendered":"http:\/\/fmriachuelo.com.ar\/?p=13457"},"modified":"2025-02-12T16:24:38","modified_gmt":"2025-02-12T19:24:38","slug":"agustin-lecchi-nosotros-entendemos-a-la-comunicacion-como-un-derecho-social-de-toda-la-comunidad","status":"publish","type":"post","link":"http:\/\/fmriachuelo.it10.com.ar\/index.php\/2021\/05\/08\/agustin-lecchi-nosotros-entendemos-a-la-comunicacion-como-un-derecho-social-de-toda-la-comunidad\/","title":{"rendered":"AGUST\u00cdN LECCHI: \u201cNOSOTROS ENTENDEMOS A LA COMUNICACI\u00d3N COMO UN DERECHO SOCIAL DE TODA LA COMUNIDAD\u201d"},"content":{"rendered":"<p><strong>[FM Riachuelo, 6\/5\/2021] En el marco del d\u00eda Internacional de las trabajadoras y los trabajadores, FM Riachuelo lanza una Serie de Notas y Entrevistas a distintxs referentes del Movimiento de Trabajadorxs, con y sin patr\u00f3n.<\/strong><\/p>\n<p>Para esta entrega, conversamos con <strong>Agust\u00edn Lecchi<\/strong>, secretario de organizaci\u00f3n del <strong>Sindicato de Prensa de Buenos Aires (SiPreBA)<\/strong>, quien reflexion\u00f3 sobre el contexto pol\u00edtico actual en el pa\u00eds y en la regi\u00f3n, y c\u00f3mo impactan las crisis sociales en el movimiento de trabajadores y trabajadoras, en los gremios y su representaci\u00f3n.<\/p>\n<p>Pod\u00e9s escuchar la entrevista completa <a href=\"https:\/\/radiocut.fm\/audiocut\/agustin-lecchi-nosotros-entendemos-a-comunicacion-como-un-derecho-social-toda-comunidad\/\" target=\"_blank\" rel=\"noopener\"><strong>ac\u00e1<\/strong><\/a>, o leerla a continuaci\u00f3n:<\/p>\n<p><strong>FM Riachuelo<\/strong>: <strong>\u00bfC\u00f3mo llegaste a la militancia y c\u00f3mo esto te llev\u00f3 a la representaci\u00f3n sindical?<\/strong><\/p>\n<p><strong>Agust\u00edn Lecchi<\/strong>: Bueno mi llegada a la militancia es un largo camino. Me inici\u00e9 en la militancia desde la escuela secundaria, tambi\u00e9n en la militancia en barrios, y luego la masacre de Avellaneda de Dar\u00edo y Maxi nos marc\u00f3 mucho, por supuesto acompa\u00f1amos las marchas junto a la CTA en ese momento. Adem\u00e1s, yo estudi\u00e9 periodismo en la Universidad de las Madres,\u00a0 no casualmente sino por ser ellas una referencia pol\u00edtica, y desde el 2007 ingres\u00e9 a trabajar formalmente en Canal 7. A partir de all\u00ed me vincul\u00e9 con la experiencia gremial del canal que tiene un largo recorrido. El rol del canal estatal y p\u00fablico demostr\u00f3 como fue el asesinato de la estaci\u00f3n Avellaneda que nos marc\u00f3 a todos nosotros como generaci\u00f3n.<\/p>\n<p><strong>FMR: \u00bfC\u00f3mo ves que est\u00e1 hoy la realidad de los trabajadores de prensa en este contexto de crisis en todos los \u00f3rdenes, y adem\u00e1s en pandemia?<\/strong><\/p>\n<p><strong>AL<\/strong>: Estamos en una situaci\u00f3n cr\u00edtica, esto no es ret\u00f3rico. El macrismo arras\u00f3 con nuestra actividad, y en el marco de la pandemia lejos, de modificarse se acrecent\u00f3. Durante el gobierno de Macri tuvimos una precarizaci\u00f3n con 4500 despidos y cierre de medios. Esto lo vinculamos directamente con el derecho a la comunicaci\u00f3n, la cual nosotros entendemos como un derecho social de toda la comunidad, y que exista precarizaci\u00f3n y miedo a ser despedidos como trabajadores vulnera ese derecho. Hoy tenemos salarios muy por debajo de la media de los trabajadores asalariados, y en gran parte de nuestra actividad estamos sin convenios colectivos, sin paritarias, sin derechos sociales, por eso decimos que es preocupante.<\/p>\n<p>Adem\u00e1s, fuimos declarados esenciales durante la pandemia, pero seguimos con alta exposici\u00f3n de los laburantes. Lo asumimos con compromiso y organizaci\u00f3n porque comprendimos que nadie se salva solo, pero las patronales no tienen ning\u00fan problema en exponer a los compa\u00f1eros, esto lo vemos a diario cuando hay notas donde en la calle se acumulan un mont\u00f3n de periodistas. Esto nos cost\u00f3 la vida de muchos compa\u00f1eros y compa\u00f1eras y un alto nivel de contagios. Si bien dentro de las empresas los protocolos se cumplen,\u00a0 tenemos problemas puntuales que nos hacen estar reclamando y alertas por la seguridad social para poder desarrollar nuestras tareas.<\/p>\n<p><strong>FMR<\/strong>: <strong>Vinculado al Movimiento de las y los trabajadores en todo su contexto,\u00a0 SiPreBA est\u00e1 haciendo una experiencia de inclusi\u00f3n en el sindicato,\u00a0 de un sector de trabajadores de prensa que no son del sector formal sino del cooperativo, de la econom\u00eda popular, como lo es la FM Riachuelo, \u00bfC\u00f3mo est\u00e1n transitando en el sindicato esa novedad de estos tiempos?<\/strong><\/p>\n<p><strong>AL: <\/strong>\u00a0Es interesante para nosotros, porque esto no fue una discusi\u00f3n sin tensiones. Nace a partir de los debates en asamblea de las llamadas empresas \u201ctradicionales o comerciales\u201d que estaban abandonadas por la UTPBA, que nos ha organizado pero nos abandon\u00f3, con entrega total en paritarias.\u00a0 Y parad\u00f3jicamente ese gremio utilizaba, para engrosar su padr\u00f3n, la inclusi\u00f3n de los medios comunitarios y populares, pero tampoco pretend\u00eda representarlos genuinamente, entonces se gener\u00f3 una desconfianza de las comisiones internas de las empresas comerciales hacia ese padr\u00f3n trucho que inventaba el gremio, pero eso s\u00ed, no hacia el sujeto ni al compa\u00f1ero trabajador autogestivo.<\/p>\n<p>Este proceso excede al gremio de prensa. Estas asociaciones se producen dentro del movimiento obrero en general, y nos parece que hay que interpretar esas transformaciones de una manera virtuosa para ser m\u00e1s solidarios y tener mejor organizaci\u00f3n. Independientemente del estatuto formal que baj\u00f3 el Ministerio de Trabajo,\u00a0 que no interpretaba esta nueva formaci\u00f3n gremial,\u00a0 nosotros tuvimos la voluntad pol\u00edtica y nos sentamos a discutir un estatuto nuevo que incluya a los compa\u00f1eros trabajadores y trabajadoras de los medios autogestivos, sobre todo porque son los que nos dan voz\u00a0 y nos cubren cuando necesitamos luchar con las empresas comerciales. No hay un doble standard en SiPreBA, todo lo contrario, tienen plenos derechos, y la verdad que yo estoy orgulloso de ese proceso que, insisto, no fue de un d\u00eda para otro ni exento de debates e intercambios.<\/p>\n<p>Hoy en la FATPREN por primera vez hay una vocal\u00eda que funciona como secretaria de Medios Autogestivos,\u00a0 que la encabeza una compa\u00f1era de un diario cooperativo de Esquel, y la verdad es una experiencia que estamos tratando de nacionalizar y que no sea solo de CABA.\u00a0 Para nosotros es un orgullo que compa\u00f1eros como ustedes sean parte del SiPreBA.<\/p>\n<p><strong>FMR: \u00bfC\u00f3mo ves al movimiento de los y las trabajadoras en su conjunto y qu\u00e9 desaf\u00edos tiene por delante? \u00bfC\u00f3mo habr\u00eda que prepararse?<\/strong><\/p>\n<p><strong>AL:<\/strong> Nosotros vivimos el macrismo con una intensidad muy grande,\u00a0 que fue lo peor que nos pas\u00f3, y hubo una parte de la conducci\u00f3n del movimiento obrero que no interpret\u00f3 lo que pasaba por abajo. Pero sin embargo hay una frase de Rodolfo Walsh que dice que \u201cel movimiento obrero no es ni una personer\u00eda ni un edificio sino la voluntad del pueblo organizado\u201d, y me parece que eso se vio tambi\u00e9n durante el macrismo cuando salimos a la calle e hicimos paros, a\u00fan contra la voluntad de la conducci\u00f3n de la\u00a0 CGT, y hoy en un contexto de pandemia independientemente de si uno vot\u00f3 o no a este gobierno, el rol del movimiento obrero tiene que ser activo. Hay una sensaci\u00f3n de disputa todos los d\u00edas sobre todo contra los y las trabajadoras, el intento de que suban las tarifas, con pretexto del congelamiento que genera en realidad patear la pelota para adelante. Todos los d\u00edas vemos c\u00f3mo el pueblo se sigue empobreciendo y no llega a fin de mes, el presidente Fern\u00e1ndez y el ministro de econom\u00eda Guzm\u00e1n a principio de a\u00f1o nos dijeron que los salarios le iban a ganar a la inflaci\u00f3n y no es lo que vemos. Tenemos un gobierno de CABA, donde desarrollamos nuestra actividad, que viola sistem\u00e1ticamente los derechos de toda la comunidad, como la locura de las clases presenciales, y eso lo enfrentan los sindicatos de la educaci\u00f3n y estatales en soledad, entonces a nosotros eso nos preocupa y creo que el conjunto del movimiento obrero tiene que salir a enfrentar al gobierno de Larreta, por eso no los podemos dejar solos.<\/p>\n<p>La semana pasada participamos en una jornada de lucha con esos gremios, pero si no tenemos un rol activo como clase trabajadora, m\u00e1s all\u00e1 de que se le gane en las urnas a la derecha, igual nos van a pasar por arriba en el d\u00eda a d\u00eda. Y nosotros quer\u00edamos derrotar a Macri para volver a tener derechos para los y las trabajadoras, no para que est\u00e9n en discusi\u00f3n. Creo que es un momento muy interesante para que los trabajadores y trabajadoras intervengan en pol\u00edtica, tenemos que hacer pol\u00edtica, y estamos preocupados por la situaci\u00f3n del mundo y de la regi\u00f3n. Estuvimos presentes cuando fue el golpe en Bolivia, ahora vamos a discutir medidas de solidaridad con el pueblo de Colombia: lo que pasa es terrible y nosotros tenemos que tener una mirada regional, no nos podemos quedar solo con los intereses de nuestro sector. Aunque obviamente discutimos paritarias, peleamos por nuestros derechos, pero tenemos que tener una mirada general porque no estamos exentos de lo que le pasa a toda nuestra clase.<\/p>\n<p><strong>FMR: Respecto de Colombia, \u00bfa qu\u00e9 le tenemos que prestar atenci\u00f3n de los hechos que ocurren en el pa\u00eds hermano?<\/strong><\/p>\n<p><strong>AL:<\/strong> Para mi hay tres ejes no solo en Colombia: los l\u00edmites de una pol\u00edtica liberal como ocurri\u00f3 en Chile que no se sabe que est\u00e1, pero en un momento estalla, y eso el gobierno argentino lo tiene que tener en cuenta. En Chile surgi\u00f3 anecd\u00f3ticamente por un aumento de transporte, esto de Colombia por una reforma tributaria, pero en realidad esto es una situaci\u00f3n social que no da m\u00e1s y va mostrando su tinte.<\/p>\n<p>Despu\u00e9s el funcionamiento del aparato represivo tanto en Chile como en Colombia, ah\u00ed tambi\u00e9n ser conscientes del rol que tienen las fuerzas armadas, las fuerzas represivas, en los distintos pa\u00edses que siempre juegan del mismo modo. Dentro del gobierno popular a veces creen que tener un funcionario que grite m\u00e1s fuerte resguarda al gobierno nacional y no es as\u00ed.<\/p>\n<p>Y en tercer lugar el rol de los medios en Colombia y Chile. Tienen un blindaje medi\u00e1tico enorme como lo fue con Macri tambi\u00e9n en nuestro pa\u00eds. Nuestro rol es, desde nuestro lugar, salir a denunciar lo que pasa con esta clase de gobiernos que obviamente son perjudiciales para nuestros intereses como clase trabajadora. Por eso discutimos qu\u00e9 acciones vamos a tomar con respecto a estos sucesos.<\/p>\n<p><strong>FMR:<\/strong> En v\u00edsperas del 7 de mayo, nacimiento de Evita \u00bfQu\u00e9 reflexiones pod\u00e9s compartirnos sobre ella y qu\u00e9 nos estar\u00eda diciendo a los trabajadores y trabajadoras hoy?<\/p>\n<p><strong>AL:<\/strong> Es interesante y sirve mucho en estos tiempos volver, sin querer ser anacr\u00f3nico: en las d\u00e9cadas del 40 y 50 hubo un debate sobre el rol de los medios, y William Cooke, que era diputado, planteaba la expropiaci\u00f3n del diario La Prensa. Una de las pel\u00edculas de Evita, la de\u00a0 Pablo Feinmann, lo refleja claramente como un momento de tensi\u00f3n, y Per\u00f3n lo resuelve otorgando derechos a los trabajadores y trabajadoras y en particular al promulgar el Estatuto del Periodista. Esto se sanciona con Per\u00f3n en la presidencia y Evita ten\u00eda un rol fundamental en eso. Ella fue una voz que represent\u00f3 ya como actriz, a todos los trabajadores de la radio y adem\u00e1s con su voz inaugura la primera transmisi\u00f3n de la televisi\u00f3n por canal 7, donde yo soy delegado.\u00a0 As\u00ed que nos une un lazo enorme con ella, y creemos que si hay una representaci\u00f3n tiene que ser como lo hizo Evita, otorgando derechos a los trabajadores de los medios por sobre todo. Nosotros estamos peleando por el reconocimiento pleno de SiPreBA en el Ministerio de Trabajo y creemos que es lo justo, esa pelea que estamos dando tiene mucha referencia con la figura de Evita.<\/p>\n","protected":false},"excerpt":{"rendered":"<p>[FM Riachuelo, 6\/5\/2021] En el marco del d\u00eda Internacional de las trabajadoras y los trabajadores, FM Riachuelo lanza una Serie de Notas y Entrevistas a distintxs referentes del Movimiento de Trabajadorxs, con y sin patr\u00f3n. Para esta entrega, conversamos con Agust\u00edn Lecchi, secretario de organizaci\u00f3n del Sindicato de Prensa de Buenos Aires (SiPreBA), quien reflexion\u00f3 [&hellip;]<\/p>\n","protected":false},"author":5,"featured_media":13458,"comment_status":"closed","ping_status":"closed","sticky":false,"template":"","format":"standard","meta":{"_monsterinsights_skip_tracking":false,"_monsterinsights_sitenote_active":false,"_monsterinsights_sitenote_note":"","_monsterinsights_sitenote_category":0,"jnews-multi-image_gallery":[],"jnews_single_post":{"format":"standard"},"jnews_primary_category":[],"_joinchat":[],"footnotes":""},"categories":[141,63,75],"tags":[],"class_list":["post-13457","post","type-post","status-publish","format-standard","has-post-thumbnail","hentry","category-comunicacion-popular","category-entrevista-riachuelo","category-trabajo"],"_links":{"self":[{"href":"http:\/\/fmriachuelo.it10.com.ar\/index.php\/wp-json\/wp\/v2\/posts\/13457","targetHints":{"allow":["GET"]}}],"collection":[{"href":"http:\/\/fmriachuelo.it10.com.ar\/index.php\/wp-json\/wp\/v2\/posts"}],"about":[{"href":"http:\/\/fmriachuelo.it10.com.ar\/index.php\/wp-json\/wp\/v2\/types\/post"}],"author":[{"embeddable":true,"href":"http:\/\/fmriachuelo.it10.com.ar\/index.php\/wp-json\/wp\/v2\/users\/5"}],"replies":[{"embeddable":true,"href":"http:\/\/fmriachuelo.it10.com.ar\/index.php\/wp-json\/wp\/v2\/comments?post=13457"}],"version-history":[{"count":1,"href":"http:\/\/fmriachuelo.it10.com.ar\/index.php\/wp-json\/wp\/v2\/posts\/13457\/revisions"}],"predecessor-version":[{"id":22799,"href":"http:\/\/fmriachuelo.it10.com.ar\/index.php\/wp-json\/wp\/v2\/posts\/13457\/revisions\/22799"}],"wp:featuredmedia":[{"embeddable":true,"href":"http:\/\/fmriachuelo.it10.com.ar\/index.php\/wp-json\/"}],"wp:attachment":[{"href":"http:\/\/fmriachuelo.it10.com.ar\/index.php\/wp-json\/wp\/v2\/media?parent=13457"}],"wp:term":[{"taxonomy":"category","embeddable":true,"href":"http:\/\/fmriachuelo.it10.com.ar\/index.php\/wp-json\/wp\/v2\/categories?post=13457"},{"taxonomy":"post_tag","embeddable":true,"href":"http:\/\/fmriachuelo.it10.com.ar\/index.php\/wp-json\/wp\/v2\/tags?post=13457"}],"curies":[{"name":"wp","href":"https:\/\/api.w.org\/{rel}","templated":true}]}}