{"id":13455,"date":"2021-05-08T19:10:08","date_gmt":"2021-05-08T19:10:08","guid":{"rendered":"http:\/\/fmriachuelo.com.ar\/?p=13455"},"modified":"2025-02-12T16:23:10","modified_gmt":"2025-02-12T19:23:10","slug":"carlos-perro-santillan-se-multiplica-la-ayuda-social-pero-hay-que-luchar-por-el-trabajo-genuino-que-reivindicaba-evita","status":"publish","type":"post","link":"http:\/\/fmriachuelo.it10.com.ar\/index.php\/2021\/05\/08\/carlos-perro-santillan-se-multiplica-la-ayuda-social-pero-hay-que-luchar-por-el-trabajo-genuino-que-reivindicaba-evita\/","title":{"rendered":"CARLOS PERRO SANTILL\u00c1N: \u201cSE MULTIPLICA LA AYUDA SOCIAL, PERO HAY QUE LUCHAR POR EL TRABAJO GENUINO QUE REIVINDICABA EVITA\u201d"},"content":{"rendered":"<p><strong>[FM Riachuelo, 5\/5\/2021] Carlos \u201cPerro\u201d Santill\u00e1n, junto con otros dirigentes del Sindicato de Empleados y Obreros Municipales de Jujuy (SEOM &#8211; Jujuy), fue condenado a realizar tareas comunitarias junto a otros referentes del sindicato, por una causa que estaba a punto de prescribir, por usurpaci\u00f3n de tierras en el Barrio de Campo Verde, situado en San Salvador de Jujuy. Desde FM Riachuelo nos comunicamos con El Perro, quien es secretario general del SEOM y secretario del Interior de la Confederaci\u00f3n de Trabajadores Municipales de la Rep\u00fablica Argentina (CTM), para conocer su mirada sobre esta medida judicial en contra de trabajadorxs que est\u00e1n en pie de lucha.<\/strong><\/p>\n<p>Adem\u00e1s, aprovechamos para preguntarle c\u00f3mo ve, desde la mirada de\u00a0 los referentes sindicales y populares, los desaf\u00edos y las complejidades que se deben transitar actualmente, desde el convencimiento que es m\u00e1s necesario y urgente que nunca construir una Patria Libre, Justa y Soberana, y continuamos con la serie de entrevistas a referentes del movimiento de las y los trabajadores.<\/p>\n<p>Pod\u00e9s escuchar la entrevista completa <strong><a href=\"https:\/\/ar.radiocut.fm\/audiocut\/condenan-a-carlos-perro-santillan-y-a-otros-dirigentes-a-cumplir-tareas-comunitarias\/\" target=\"_blank\" rel=\"noopener\">ac\u00e1<\/a><\/strong>, o leerla a continuaci\u00f3n:<\/p>\n<p><strong>FMR:\u00a0 Es parad\u00f3jico que el resultado de esta condena sea a tareas comunitarias que es lo que los movimientos populares hacen diariamente \u00bfQu\u00e9 dice eso sobre la instituci\u00f3n judicial y c\u00f3mo act\u00faa frente a los reclamos de los trabajadores?<\/strong><\/p>\n<p><strong>CS:<\/strong> Como en todas partes: a favor de los poderosos, para los que dirigen la justicia. Hablarnos a nosotros de trabajo comunitario es como una burla; hemos vivido haci\u00e9ndolo. Entonces yo les dir\u00eda a ellos: los compa\u00f1eros saben de trabajo comunitario, y vos, Morales, \u00bfsab\u00e9s de trabajo comunitario? Es como burlarse de nosotros con esa condena, pero la vamos a cumplir.<\/p>\n<p>Justamente ahora cuando el SEOM est\u00e1 en las calles reclamando, pidiendo por el pase a planta permanente para miles de municipales, esto es bastante significativo. En v\u00edsperas de una gran movilizaci\u00f3n en la Puna Juje\u00f1a sacan esta resoluci\u00f3n, pero estamos dispuestos a cumplirla.<\/p>\n<p><strong>FMR: Hace unos d\u00edas fue 1ro de mayo, las reivindicaciones fueron con ollas populares acompa\u00f1ando este momento, \u00bfc\u00f3mo ves el movimiento de trabajadores en este contexto?<\/strong><\/p>\n<p><strong>CS:<\/strong> Yo veo todo muy confuso, hay cuestiones que no entran en la grieta y no son tenidas en cuenta, o estamos de un lado o estamos del otro; no hay lugar para una corriente independiente que no est\u00e9 con uno ni con otro gobierno, hemos sufrido persecuciones luchando contra Macri, pero tambi\u00e9n en el gobierno anterior de Fellner nos persiguieron.<\/p>\n<p>No tenemos un cauce de expresi\u00f3n, hemos visto c\u00f3mo compa\u00f1eros que estaban en las calles con nosotros hoy son pr\u00e1cticamente bur\u00f3cratas. No podemos decir que este fue un primero de mayo donde no estuvimos, reivindicamos el d\u00eda de lucha con ollas populares en las rutas.<\/p>\n<p><strong>FMR:<\/strong> <strong>\u00bfC\u00f3mo est\u00e1s viendo las organizaciones de trabajadores sindicales y movimientos populares en estos tiempos?<\/strong><\/p>\n<p><strong>CS: <\/strong>Per\u00f3n ten\u00eda una consigna: dec\u00eda que el trabajo dignifica, y yo con gran hast\u00edo veo c\u00f3mo se multiplican los planes sociales en las organizaciones y no se lucha por ese trabajo genuino que reivindicaba Evita. La verdad que pelear el hambre con un bols\u00f3n no dignifica, eso tiene que estar en el tapete como una discusi\u00f3n, no estoy viendo que eso suceda, el trabajo se consigue con lucha, eso tendr\u00eda que suceder.<\/p>\n<p>Estoy viendo que se multiplica la ayuda social pero no como la daba Evita, con trenes llenos de m\u00e1quinas de coser para las compa\u00f1eras, no con los camiones lecheros que llegaban a toda la zona de Santa Fe.\u00a0 No veo que se multiplique ese desarrollo social como una posibilidad de trabajo, como una salida que es fundamental para la dignificaci\u00f3n de la familia argentina, eso no est\u00e1 sucediendo.<\/p>\n<p><strong>FMR: \u00bfQu\u00e9 nos hace falta como movimiento de trabajadores para superar este momento y avanzar hacia un pa\u00eds m\u00e1s justo?<\/strong><\/p>\n<p><strong>CS<\/strong>: Tener pol\u00edticas que tengan que ver con la verdadera liberaci\u00f3n nacional. No pensar tanto en el FMI, en la dependencia total. Hag\u00e1monos fuertes adentro y despu\u00e9s salgamos al mundo. Todav\u00eda estamos con un sistema de producci\u00f3n terrateniente que es de los a\u00f1os \u201820 o \u201830 y sigue siendo el mismo: el de acumulaci\u00f3n capitalista con grandes extensiones de tierra y trabajadores empobrecidos, y adem\u00e1s de eso, sin la posibilidad de una producci\u00f3n beneficiosa para todo el pa\u00eds.<\/p>\n<p>Este es un pa\u00eds rico y lo est\u00e1n saqueando con la soja, las mineras. En nuestras provincias andinas vemos como la franja de la Cordillera de los Andes est\u00e1 vendida a otros pa\u00edses. Por eso creo yo que este modelo de pol\u00edticas que tenemos sigue mirando al extranjero y sigue entregando porciones de nuestra Patria a los pa\u00edses hegem\u00f3nicos, sin pensar en el desarrollo industrial y de la tierra para nosotros.<\/p>\n<p><strong>FMR: \u00bfC\u00f3mo sigue la lucha desde el SEOM en Jujuy?<\/strong><\/p>\n<p><strong>CS:<\/strong> Si no hay soluciones esto sigue. La lucha sigue. Ellos creen que nos sacan a nosotros y esto va m\u00e1s all\u00e1 de un hombre, esto est\u00e1 metido en la conciencia de nuestros compa\u00f1eros que tienen que luchar para mejorar.<\/p>\n","protected":false},"excerpt":{"rendered":"<p>[FM Riachuelo, 5\/5\/2021] Carlos \u201cPerro\u201d Santill\u00e1n, junto con otros dirigentes del Sindicato de Empleados y Obreros Municipales de Jujuy (SEOM &#8211; Jujuy), fue condenado a realizar tareas comunitarias junto a otros referentes del sindicato, por una causa que estaba a punto de prescribir, por usurpaci\u00f3n de tierras en el Barrio de Campo Verde, situado en [&hellip;]<\/p>\n","protected":false},"author":5,"featured_media":13456,"comment_status":"closed","ping_status":"closed","sticky":false,"template":"","format":"standard","meta":{"_monsterinsights_skip_tracking":false,"_monsterinsights_sitenote_active":false,"_monsterinsights_sitenote_note":"","_monsterinsights_sitenote_category":0,"jnews-multi-image_gallery":[],"jnews_single_post":{"format":"standard"},"jnews_primary_category":[],"_joinchat":[],"footnotes":""},"categories":[63,75],"tags":[],"class_list":["post-13455","post","type-post","status-publish","format-standard","has-post-thumbnail","hentry","category-entrevista-riachuelo","category-trabajo"],"_links":{"self":[{"href":"http:\/\/fmriachuelo.it10.com.ar\/index.php\/wp-json\/wp\/v2\/posts\/13455","targetHints":{"allow":["GET"]}}],"collection":[{"href":"http:\/\/fmriachuelo.it10.com.ar\/index.php\/wp-json\/wp\/v2\/posts"}],"about":[{"href":"http:\/\/fmriachuelo.it10.com.ar\/index.php\/wp-json\/wp\/v2\/types\/post"}],"author":[{"embeddable":true,"href":"http:\/\/fmriachuelo.it10.com.ar\/index.php\/wp-json\/wp\/v2\/users\/5"}],"replies":[{"embeddable":true,"href":"http:\/\/fmriachuelo.it10.com.ar\/index.php\/wp-json\/wp\/v2\/comments?post=13455"}],"version-history":[{"count":1,"href":"http:\/\/fmriachuelo.it10.com.ar\/index.php\/wp-json\/wp\/v2\/posts\/13455\/revisions"}],"predecessor-version":[{"id":22796,"href":"http:\/\/fmriachuelo.it10.com.ar\/index.php\/wp-json\/wp\/v2\/posts\/13455\/revisions\/22796"}],"wp:featuredmedia":[{"embeddable":true,"href":"http:\/\/fmriachuelo.it10.com.ar\/index.php\/wp-json\/"}],"wp:attachment":[{"href":"http:\/\/fmriachuelo.it10.com.ar\/index.php\/wp-json\/wp\/v2\/media?parent=13455"}],"wp:term":[{"taxonomy":"category","embeddable":true,"href":"http:\/\/fmriachuelo.it10.com.ar\/index.php\/wp-json\/wp\/v2\/categories?post=13455"},{"taxonomy":"post_tag","embeddable":true,"href":"http:\/\/fmriachuelo.it10.com.ar\/index.php\/wp-json\/wp\/v2\/tags?post=13455"}],"curies":[{"name":"wp","href":"https:\/\/api.w.org\/{rel}","templated":true}]}}