{"id":13448,"date":"2021-05-08T15:05:31","date_gmt":"2021-05-08T15:05:31","guid":{"rendered":"http:\/\/fmriachuelo.com.ar\/?p=13448"},"modified":"2025-02-12T16:25:15","modified_gmt":"2025-02-12T19:25:15","slug":"el-gobierno-de-duque-esta-desatando-un-genocidio","status":"publish","type":"post","link":"http:\/\/fmriachuelo.it10.com.ar\/index.php\/2021\/05\/08\/el-gobierno-de-duque-esta-desatando-un-genocidio\/","title":{"rendered":"\u00abEL GOBIERNO DE DUQUE EST\u00c1 DESATANDO UN GENOCIDIO\u00bb"},"content":{"rendered":"<p>[FM Riachuelo 8\/05\/2021]\u00a0<strong>Entrevistas Riachuelo<\/strong><\/p>\n<p>Conversamos con Juan Contreras de la Coordinadora Sim\u00f3n Bol\u00edvar y referente de Al Son del 23 emisora radial hermana, quien desde Caracas analiz\u00f3 el contexto regional poniendo el acento en la grave represi\u00f3n que est\u00e1 sufriendo el Pueblo colombiano: \u00absi un Pueblo sale a protestar en un contexto as\u00ed, es porque el gobierno es m\u00e1s peligroso que el virus\u00bb.<\/p>\n<p>Tambi\u00e9n se refiri\u00f3 a la cobertura medi\u00e1tica del poder f\u00e1ctico que protege al gobierno de Duque: \u00abSi esta masacre hubiera ocurrido en Venezuela ya estar\u00edan pidiendo una invasi\u00f3n\u00bb.<\/p>\n<p>Reivindicando tambi\u00e9n el trabajo del comunicador desaparecido recientemente, Carlos Lanz, Contreras explic\u00f3 porque la suerte de Venezuela y la suerte del continente est\u00e1 atada a lo que se juega en Colombia: \u00abhay un Pueblo que se est\u00e1 revelando contra un gobierno que juega un papel importante en la agresi\u00f3n contra Venezuela\u00bb.<\/p>\n<p><strong>FMR<\/strong><strong>: \u00bfC\u00f3mo analiz\u00e1s el estallido que se produjo en Colombia y la furiosa represi\u00f3n producida contra el pueblo?<\/strong><\/p>\n<p><strong>JC<\/strong>: Habr\u00eda que visualizar lo que ocurre hoy en Colombia: un proyecto de reforma tributaria con el objetivo de ampliar la base de recaudaci\u00f3n, es decir un aumento sobre servicios y alimentos b\u00e1sicos para la poblaci\u00f3n, eso hace estallar al pueblo colombiano y sumado a eso la propia pol\u00edtica neoliberal que vive el pueblo colombiano, la masacre que viene ocurriendo en Colombia contra compa\u00f1eros\/as dirigentes asesinados y por supuesto contra los guerrilleros con quienes no se respetan los acuerdos de paz. En ese marco acontecen los estallidos sociales que son producto de todos estos elementos y que se hicieron sentir muy fuerte en Bogot\u00e1 y en Cali donde la represi\u00f3n fue feroz.<\/p>\n<p>As\u00ed se produjeron asesinatos, heridos, mutilados tal como la pol\u00edtica de Pi\u00f1era en Chile contra los manifestantes. Adem\u00e1s, hay que sumar desaparecidos y detenciones arbitrarias y violaciones, por las que se acusan a los represores que son parte de las fuerzas militares colombianas.<\/p>\n<p>Sumado a todo esto el tema del repunte del COVID en Colombia y la inacci\u00f3n de un gobierno que no se ha preocupado por la salud. Mientras estos gobiernos neoliberales privatizan la salud no hay atenci\u00f3n para el pueblo porque no hay una salud p\u00fablica que le garantice al pueblo en general el ser atendido. Esto es una cosa que queda en evidencia en este mundo capitalista de las oligarqu\u00edas: la falta de pol\u00edticas de salud para nuestros pueblos.<\/p>\n<p>Tanto Colombia como Brasil con sus gobiernos fascistas dejaron esto expuesto, y en el caso de Colombia se agrava con la fuerte represi\u00f3n de un pueblo que se rebela contra estas medidas que son parte del recetario del FMI, y de los aumentos desmedidos que no toman en cuenta la situaci\u00f3n del pueblo.<\/p>\n<p>La crisis del capitalismo que hoy se vive en Colombia quieren que la pague ese pueblo que hoy est\u00e1 en la calle reclamando con sus consignas. Es que si un pueblo sale a protestar en medio de una pandemia debe ser porque el gobierno es m\u00e1s peligroso que el virus.<\/p>\n<p>Eso es lo que dejan en evidencia las protestas del pueblo colombiano en la calle rechazando la militarizaci\u00f3n, la agresi\u00f3n, todo esto producto de un pueblo harto de la pol\u00edtica neoliberal.<\/p>\n<p><strong>\u00a0<\/strong><\/p>\n<p><strong>FMR: \u00bfQu\u00e9 mirada ten\u00e9s de las repercusiones internacionales que est\u00e1 teniendo la situaci\u00f3n de Colombia? M\u00e1s de una semana de protestas, con asesinatos a manos de las fuerzas represoras, desaparecidos y abusos sexuales.<\/strong><\/p>\n<p><strong>JC:<\/strong> Si esto hubiese pasado en Venezuela, ya habr\u00eda medidas para intentar invadir a Venezuela, que es siempre acusada internacionalmente de dictadura. Pero en Colombia donde se est\u00e1 atacando al pueblo, no se dice nada, ni la OEA ni nadie de la derecha habla sobre esto.<\/p>\n<p>Pero me pregunto \u00bfd\u00f3nde est\u00e1 el conjunto de gente que hizo un concierto para denunciar la dictadura en Venezuela? \u00bfpor qu\u00e9 hoy no le cantan a ese pueblo que esta siendo reprimido, maltratado por esa oligarqu\u00eda rancia?<\/p>\n<p>Yo dir\u00eda que hay tres oligarqu\u00edas en Am\u00e9rica Latina y el Caribe, la colombiana, la chilena y la guatemalteca que van a impedir a costa de lo que sea que esos pa\u00edses avancen a procesos progresistas o revolucionarios, como se est\u00e1n dando en la regi\u00f3n.<\/p>\n<p>Sin embargo yo veo un pueblo que esta batallando, dando la pelea, a un pueblo que necesita ser escuchado y es necesario el apoyo del campo popular y revolucionario de Am\u00e9rica latina, que se pronuncie contra lo que hoy sucede realmente: un fascismo, un genocidio contra el pueblo colombiano, que es lo que ha desatado el t\u00edtere de Iv\u00e1n Duque, un gobierno narco-paramilitar que maneja \u00c1lvaro Uribe.<\/p>\n<p><strong>\u00a0<\/strong><\/p>\n<p><strong>FMR-<\/strong><strong> Para contextualizar y comprender la estrategia del enemigo \u00a0\u00bfqu\u00e9 papel seg\u00fan tu interpretaci\u00f3n esta jugando hoy Colombia en la realidad de la Regi\u00f3n?<\/strong><\/p>\n<p><strong>JC:<\/strong> En los sucesos que hoy se dan podemos decir que tambi\u00e9n se juega la suerte de Venezuela y de Am\u00e9rica Latina y el Caribe. Porque no es menos cierto que la pol\u00edtica de Colombia se aline\u00f3 contra la pol\u00edtica de Venezuela. Desde all\u00ed se ha preparado una agresi\u00f3n contra Venezuela, cosa que investigaba Carlos Lanz, quien desapareci\u00f3 misteriosamente hace nueve meses: \u00e9l habl\u00f3 de la \u201cguerra por delegaci\u00f3n\u201d que es la tarea que el imperio de EEUU le ha encargado a Iv\u00e1n Duque, para la agresi\u00f3n contra Venezuela.<\/p>\n<p>As\u00ed los drones que salieron de Colombia como los paramilitares que atacaron a Nicolas Maduro fueron preparados en campamentos de Colombia. Esto ha sido denunciado por el propio pueblo colombiano el que hoy sale a la calle a denunciar a la pol\u00edtica neoliberal que se presta a la agresi\u00f3n contra Venezuela.<\/p>\n<p>Si esas condiciones cambiaran, las condiciones de ese pueblo ser\u00edan otras y estar\u00edan a favor de Venezuela, porque somos hermanos. Cuando el imperio quiere recobrar lo que ellos llaman el \u201cpatio trasero\u201d, vemos como se producen las revueltas como las de Chile, de Guatemala, los campesinos, los ind\u00edgenas salen rechaz\u00e1ndolo.<\/p>\n<p>Todo esto comenz\u00f3 por la no asistencia de la pandemia, como en Paraguay donde el pueblo sali\u00f3 a las calles a denunciar la corrupci\u00f3n que se ha quedado con el dinero destinado a la salud de la gente. Como reprimieron, incluso con el asesinato de ni\u00f1as que desde ese estado fascista, fueron presentados como enfrentamientos.<\/p>\n<p>As\u00ed vemos como hay una contraofensiva del imperio y como en alg\u00fan lado aparece nuevamente la doctrina Monroe: \u201cAm\u00e9rica para los americanos\u201d. Sin embargo, vemos como nuestros pueblos est\u00e1n en la calle. En ese marco est\u00e1 la doctrina Bolivariana que hace 200 a\u00f1os ech\u00f3 al dominio espa\u00f1ol, y que hoy nos encontramos en esta misma lucha contra el imperio yanquee porque vienen por nosotros.<\/p>\n<p>Colombia hoy es parte de ese ejemplo de gobiernos t\u00edteres de ese imperio, por eso se juega all\u00ed el destino tambi\u00e9n de toda Am\u00e9rica Latina<\/p>\n<p>&nbsp;<\/p>\n<p><strong>FMR<\/strong><strong>: En esta descripci\u00f3n que haces y retomando el concepto de Carlos Lanz, a\u00fan desaparecido, existe un t\u00e9rmino, el de \u201cestado fallido\u201d del cual somos v\u00edctimas, como un estado que no resuelve ni tiene poder \u00bfcrees que este es el recorrido que est\u00e1n dise\u00f1ando para nuestros pa\u00edses?<\/strong><\/p>\n<p><strong>JC: <\/strong>Hay que decir que en Venezuela lo que esta pasando tiene que ver con la guerra no convencional y multifactorial. Esto tiene que ver con todas estas doctrinas del imperio contra Venezuela, que ellos deben expandirse m\u00e1s all\u00e1 de sus fronteras y que est\u00e1n amparados, como dicen, por Dios. Esto tiene que ver con las doctrinas que se est\u00e1n imponiendo tambi\u00e9n en muchos pa\u00edses de Am\u00e9rica, como la doctrina de seguridad nacional, donde el eje central que se ha inculcado es que hay que combatir al pueblo en general y a la izquierda en particular.<\/p>\n<p>Guerra \u201cde enjambre\u201d se llama a como agreden desde toda su tecnolog\u00eda, con los drones con los que intentan asesinar. La guerra del caos que aplicaron en Nicaragua. Todo esto tiene que ver con la guerra hibrida, una guerra sin restricciones. Todo esto se est\u00e1 volcando hoy contra Am\u00e9rica Latina.<\/p>\n<p>Por eso nuestros pueblos libran las batallas contra la intervenci\u00f3n y la contraofensiva que el imperio yanquee tiene contra nosotros.<\/p>\n<p>&nbsp;<\/p>\n<p><strong>FMR:<\/strong><strong> \u00bfC\u00f3mo es la realidad del d\u00eda a d\u00eda en los barrios populares hoy en Venezuela, existe conciencia de esta complejidad y como hacen y resisten este tiempo?<\/strong><\/p>\n<p><strong>JC:<\/strong> Podemos decir que el pueblo venezolano, los sectores populares, campesinos, obreros se han convertido en hero\u00ednas y en h\u00e9roes. El bloqueo econ\u00f3mico financiero y comercial al que se somete a Venezuela, esas medidas de agresi\u00f3n contra el pueblo desde el imperio, han agravado la situaci\u00f3n por eso digo que son h\u00e9roes y hero\u00ednas: el pueblo est\u00e1 resistiendo esta agresi\u00f3n.<\/p>\n<p>En sentido coloquial decimos \u201cestamos llevando una pela dur\u00edsima\u201d contra el bloqueo, la falta de alimentos, medicinas, el gobierno trata de ayudar con lo esencial para que la gente pueda resistir, pero no da abasto.<\/p>\n<p>No hemos encontrado a\u00fan la f\u00f3rmula. Tenemos la guerra econ\u00f3mica perdida, no hay pol\u00edticas suficientes para salir de estos problemas, la moneda no vale nada y en la pr\u00e1ctica se est\u00e1n privatizando empresas para salir de esta problem\u00e1tica. Pero los medios de producci\u00f3n est\u00e1n en las manos del pueblo, y con mucha dignidad estamos resistiendo esto que vivimos y seguimos apostando al camino de Ch\u00e1vez, el camino del estado comunal para lograr el socialismo bolivariano.<\/p>\n<p>&nbsp;<\/p>\n<p><strong>FMR:\u00a0 <\/strong><strong>Te pedimos para despedirnos un mensaje para la militancia popular en Argentina<\/strong><\/p>\n<p><strong>JC: <\/strong>Les dir\u00eda a los compa\u00f1eros de Argentina que tenemos que seguir luchando, nadie dijo que esta pelea ser\u00eda f\u00e1cil. Nosotros tenemos que poner en pr\u00e1ctica en nuestra Am\u00e9rica Latina y el Caribe la articulaci\u00f3n de una forma pol\u00edtica necesaria, que es urgente para luchar contra esta contraofensiva del imperio. Como dec\u00eda el comandante Che Guevara: \u201ccontinentalizar la lucha del pueblo latinoamericano\u201d. Tenemos que tejer nuestras propias redes con el movimiento campesino, con el ind\u00edgena, y el pueblo en general de toda la Regi\u00f3n. En el marco de una pandemia que como fin construye un modelo de aislarse, es necesario tejer redes del campo popular revolucionario contra esta agresi\u00f3n.<\/p>\n<p>Nuestro camino debe ser la unidad la articulaci\u00f3n del campo popular latinoamericano y caribe\u00f1o para recuperar la emancipaci\u00f3n y liberaci\u00f3n nacional de nuestros pueblos, para salir victoriosos de estas batallas, para recobrar el camino hacia la construcci\u00f3n del socialismo y la segunda y definitiva independencia.<\/p>\n<p>Nuevas insurgencias nuevas rebeliones del campo popular latinoamericano, y \u00a1hasta la victoria siempre compa\u00f1eros!<\/p>\n<p>&nbsp;<\/p>\n<p>&nbsp;<\/p>\n<p><strong>ESCUCHA LA ENTREVISTA COMPLETA<\/strong><\/p>\n<p><a href=\"https:\/\/ar.radiocut.fm\/audiocut\/juan-contreras-gobierno-duque-esta-desatando-un-genocidio\/\"><strong>https:\/\/ar.radiocut.fm\/audiocut\/juan-contreras-gobierno-duque-esta-desatando-un-genocidio\/<\/strong><\/a><\/p>\n","protected":false},"excerpt":{"rendered":"<p>[FM Riachuelo 8\/05\/2021]\u00a0Entrevistas Riachuelo Conversamos con Juan Contreras de la Coordinadora Sim\u00f3n Bol\u00edvar y referente de Al Son del 23 emisora radial hermana, quien desde Caracas analiz\u00f3 el contexto regional poniendo el acento en la grave represi\u00f3n que est\u00e1 sufriendo el Pueblo colombiano: \u00absi un Pueblo sale a protestar en un contexto as\u00ed, es porque [&hellip;]<\/p>\n","protected":false},"author":5,"featured_media":13451,"comment_status":"closed","ping_status":"closed","sticky":false,"template":"","format":"standard","meta":{"_monsterinsights_skip_tracking":false,"_monsterinsights_sitenote_active":false,"_monsterinsights_sitenote_note":"","_monsterinsights_sitenote_category":0,"jnews-multi-image_gallery":[],"jnews_single_post":{"format":"standard"},"jnews_primary_category":[],"_joinchat":[],"footnotes":""},"categories":[63,130],"tags":[],"class_list":["post-13448","post","type-post","status-publish","format-standard","has-post-thumbnail","hentry","category-entrevista-riachuelo","category-patria-grande"],"_links":{"self":[{"href":"http:\/\/fmriachuelo.it10.com.ar\/index.php\/wp-json\/wp\/v2\/posts\/13448","targetHints":{"allow":["GET"]}}],"collection":[{"href":"http:\/\/fmriachuelo.it10.com.ar\/index.php\/wp-json\/wp\/v2\/posts"}],"about":[{"href":"http:\/\/fmriachuelo.it10.com.ar\/index.php\/wp-json\/wp\/v2\/types\/post"}],"author":[{"embeddable":true,"href":"http:\/\/fmriachuelo.it10.com.ar\/index.php\/wp-json\/wp\/v2\/users\/5"}],"replies":[{"embeddable":true,"href":"http:\/\/fmriachuelo.it10.com.ar\/index.php\/wp-json\/wp\/v2\/comments?post=13448"}],"version-history":[{"count":1,"href":"http:\/\/fmriachuelo.it10.com.ar\/index.php\/wp-json\/wp\/v2\/posts\/13448\/revisions"}],"predecessor-version":[{"id":22800,"href":"http:\/\/fmriachuelo.it10.com.ar\/index.php\/wp-json\/wp\/v2\/posts\/13448\/revisions\/22800"}],"wp:featuredmedia":[{"embeddable":true,"href":"http:\/\/fmriachuelo.it10.com.ar\/index.php\/wp-json\/"}],"wp:attachment":[{"href":"http:\/\/fmriachuelo.it10.com.ar\/index.php\/wp-json\/wp\/v2\/media?parent=13448"}],"wp:term":[{"taxonomy":"category","embeddable":true,"href":"http:\/\/fmriachuelo.it10.com.ar\/index.php\/wp-json\/wp\/v2\/categories?post=13448"},{"taxonomy":"post_tag","embeddable":true,"href":"http:\/\/fmriachuelo.it10.com.ar\/index.php\/wp-json\/wp\/v2\/tags?post=13448"}],"curies":[{"name":"wp","href":"https:\/\/api.w.org\/{rel}","templated":true}]}}