{"id":13437,"date":"2021-05-07T13:34:21","date_gmt":"2021-05-07T13:34:21","guid":{"rendered":"http:\/\/fmriachuelo.com.ar\/?p=13437"},"modified":"2025-02-12T16:32:53","modified_gmt":"2025-02-12T19:32:53","slug":"evita-cumple","status":"publish","type":"post","link":"http:\/\/fmriachuelo.it10.com.ar\/index.php\/2021\/05\/07\/evita-cumple\/","title":{"rendered":"EVITA CUMPLE"},"content":{"rendered":"<div class=\"o9v6fnle cxmmr5t8 oygrvhab hcukyx3x c1et5uql ii04i59q\">\n<div dir=\"auto\"><strong>En el d\u00eda de su cumplea\u00f1os, la homenajeamos a trav\u00e9s de las voces de lxs trabajadorxs, con y sin patr\u00f3n, que luchan hoy y llevan su bandera hasta la victoria.<\/strong><\/div>\n<div dir=\"auto\"><\/div>\n<\/div>\n<div class=\"o9v6fnle cxmmr5t8 oygrvhab hcukyx3x c1et5uql ii04i59q\">\n<div dir=\"auto\">\u00a1Evita vive en sus descamisados!<\/div>\n<div dir=\"auto\"><\/div>\n<\/div>\n<div class=\"o9v6fnle cxmmr5t8 oygrvhab hcukyx3x c1et5uql ii04i59q\">\n<div dir=\"auto\">\u00abLa Patria dejar\u00e1 de ser colonia o la bandera flamear\u00e1 sobre sus ruinas\u00bb Evita.<\/div>\n<\/div>\n<div class=\"o9v6fnle cxmmr5t8 oygrvhab hcukyx3x c1et5uql ii04i59q\">\n<div dir=\"auto\">10 a\u00f1os de la FM Riachuelo, 10 a\u00f1os de Comunicaci\u00f3n Popular y Comunitaria.<\/div>\n<\/div>\n<div dir=\"auto\"><\/div>\n<div dir=\"auto\">Escucha el informe completo <a href=\"https:\/\/l.facebook.com\/l.php?u=https%3A%2F%2Fsoundcloud.com%2Fprensa-fm-riachuelo%2Finforme-especial-evitacumple-en-la-voz-de-cada-companerx%3Ffbclid%3DIwAR021Nhsybv0ZMpozdE7PV-TcZekIipthY7Zw6Ck5iB0DPTjLbaB-PAB50w&amp;h=AT13ftn6huMG0LJxg_4viCJk-BiHS8ExNu1LT-wSd5w7LMrKUUel7WmhkIwXXbB4PLdmaxGc3ssyyNKDJj3A1ZdaG0bASpP1Syy7a7vfzIuf2iUYkvfPseZXLprzAqKrUg&amp;__tn__=-UK-R&amp;c[0]=AT1e_JOceeCAVjivKGgF9ZjOrZS8d1ae5RQPhOSfRPKQn7NW_7tzfESBjgWO81a321lN4aC9NQFiDVVITM9drFJsBkqH-PED7JhZ_R1D1W055ws66uEF6H6beKuBh25p4Zj_H-ADJqIO9r_UHp7xFzJvZvtmQOdsiJAIXojIZTxvOBH2a0bLmUynb49KXhvp1bYewlg\">ac\u00e1<\/a><\/div>\n<div dir=\"auto\"><\/div>\n","protected":false},"excerpt":{"rendered":"<p>En el d\u00eda de su cumplea\u00f1os, la homenajeamos a trav\u00e9s de las voces de lxs trabajadorxs, con y sin patr\u00f3n, que luchan hoy y llevan su bandera hasta la victoria. \u00a1Evita vive en sus descamisados! \u00abLa Patria dejar\u00e1 de ser colonia o la bandera flamear\u00e1 sobre sus ruinas\u00bb Evita. 10 a\u00f1os de la FM Riachuelo, [&hellip;]<\/p>\n","protected":false},"author":5,"featured_media":13440,"comment_status":"closed","ping_status":"closed","sticky":false,"template":"","format":"standard","meta":{"_monsterinsights_skip_tracking":false,"_monsterinsights_sitenote_active":false,"_monsterinsights_sitenote_note":"","_monsterinsights_sitenote_category":0,"jnews-multi-image_gallery":[],"jnews_single_post":{"format":"standard"},"jnews_primary_category":[],"_joinchat":[],"footnotes":""},"categories":[59,139],"tags":[],"class_list":["post-13437","post","type-post","status-publish","format-standard","has-post-thumbnail","hentry","category-informe-riachuelo","category-tierra-techo-y-trabajo"],"_links":{"self":[{"href":"http:\/\/fmriachuelo.it10.com.ar\/index.php\/wp-json\/wp\/v2\/posts\/13437","targetHints":{"allow":["GET"]}}],"collection":[{"href":"http:\/\/fmriachuelo.it10.com.ar\/index.php\/wp-json\/wp\/v2\/posts"}],"about":[{"href":"http:\/\/fmriachuelo.it10.com.ar\/index.php\/wp-json\/wp\/v2\/types\/post"}],"author":[{"embeddable":true,"href":"http:\/\/fmriachuelo.it10.com.ar\/index.php\/wp-json\/wp\/v2\/users\/5"}],"replies":[{"embeddable":true,"href":"http:\/\/fmriachuelo.it10.com.ar\/index.php\/wp-json\/wp\/v2\/comments?post=13437"}],"version-history":[{"count":1,"href":"http:\/\/fmriachuelo.it10.com.ar\/index.php\/wp-json\/wp\/v2\/posts\/13437\/revisions"}],"predecessor-version":[{"id":22808,"href":"http:\/\/fmriachuelo.it10.com.ar\/index.php\/wp-json\/wp\/v2\/posts\/13437\/revisions\/22808"}],"wp:featuredmedia":[{"embeddable":true,"href":"http:\/\/fmriachuelo.it10.com.ar\/index.php\/wp-json\/"}],"wp:attachment":[{"href":"http:\/\/fmriachuelo.it10.com.ar\/index.php\/wp-json\/wp\/v2\/media?parent=13437"}],"wp:term":[{"taxonomy":"category","embeddable":true,"href":"http:\/\/fmriachuelo.it10.com.ar\/index.php\/wp-json\/wp\/v2\/categories?post=13437"},{"taxonomy":"post_tag","embeddable":true,"href":"http:\/\/fmriachuelo.it10.com.ar\/index.php\/wp-json\/wp\/v2\/tags?post=13437"}],"curies":[{"name":"wp","href":"https:\/\/api.w.org\/{rel}","templated":true}]}}