{"id":13433,"date":"2021-05-06T19:06:07","date_gmt":"2021-05-06T19:06:07","guid":{"rendered":"http:\/\/fmriachuelo.com.ar\/?p=13433"},"modified":"2025-02-12T16:34:15","modified_gmt":"2025-02-12T19:34:15","slug":"6-de-mayo-paro-nacional-de-los-trabajadores-de-prensa","status":"publish","type":"post","link":"http:\/\/fmriachuelo.it10.com.ar\/index.php\/2021\/05\/06\/6-de-mayo-paro-nacional-de-los-trabajadores-de-prensa\/","title":{"rendered":"6 DE MAYO: PARO NACIONAL DE LOS TRABAJADORES DE PRENSA"},"content":{"rendered":"<p><b>[FM Riachuelo, 06\/05\/2021] Esta ma\u00f1ana se realiz\u00f3 una conferencia de prensa, convocada por\u00a0la Federaci\u00f3n Argentina de Trabajadores de Prensa (FATPREN) frente a las puertas del Diario Popular, la sede de Avellaneda. En esta actividad se dio\u00a0inicio a un paro nacional de 24 horas de los trabajadores de prensa, ante\u00a0las insuficientes propuestas de aumento por parte de la\u00a0Asociaci\u00f3n de Diarios del Interior de la Rep\u00fablica Argentina (ADIRA).<\/b><\/p>\n<p>Durante la actividad se mencion\u00f3 la situaci\u00f3n de los trabajadores de prensa de todo el pa\u00eds y como se llego a esta medida de lucha:\u00a0\u00ab<em>Venimos arrastrando salarios de hambre que tienen todas las compa\u00f1eras y compa\u00f1eros de todo el pa\u00eds. Esto tiene que ser parte del reclamo unificado a nivel nacional a trav\u00e9s de la FATPREN, tenemos que seguir trabajando de forma coordinada en esta lucha por un salario digno, que no este por debajo de la canasta b\u00e1sica ni que sea un salario cobrado en cuotas. Lo que se cumple en una empresa se tiene que cumplir en todas, porque esa la lucha de la federaci\u00f3n, es la lucha de SiPreBA y es la lucha de los trabajadores del diario popular<\/em>\u00bb se\u00f1al\u00f3\u00a0Juan \u00abEl Vasco\u00bb Lazarino, trabajador del Diario Popular y delegado del SiPreBA.<\/p>\n<p><img loading=\"lazy\" decoding=\"async\" class=\" wp-image-13435 aligncenter\" src=\"http:\/\/fmriachuelo.com.ar\/wp-content\/uploads\/2021\/05\/WhatsApp-Image-2021-05-06-at-14.43.11-1-300x225.jpeg\" alt=\"\" width=\"414\" height=\"310\" \/><\/p>\n<p>En la conferencia tambi\u00e9n tom\u00f3 la palabra Carla Gaudensi, Secretaria General de FATPREN, quien puso el \u00e9nfasis en la insuficiencia de la oferta salarial y la intransigencia de la patronal: \u00ab<em>desde marzo se vienen realizando audiencias y todas las propuestas salariales son insuficientes por eso convocamos a este paro nacional. La oferta que nos estaban ofreciendo era de un 15 porciento por seis meses y no remunerativo y consideramos que eso, sumado a la situaci\u00f3n que venimos arrastrando, con salarios por debajo de la canasta b\u00e1sica es insuficiente para los trabajadores y las trabajadoras de prensa<\/em>\u00ab.<\/p>\n<p>&nbsp;<\/p>\n<p>Gaudensi tambi\u00e9n se refiri\u00f3 a la importancia del trabajo de prensa en tiempos de pandemia:\u00bbsomos quienes garantizamos d\u00eda a d\u00eda que la informaci\u00f3n este en la calle, somos esenciales y queremos seguir garantizando el derecho a que la comunidad siga manteni\u00e9ndose informada y por eso estamos reclamando un salario acorde a eso\u00bb.<\/p>\n","protected":false},"excerpt":{"rendered":"<p>[FM Riachuelo, 06\/05\/2021] Esta ma\u00f1ana se realiz\u00f3 una conferencia de prensa, convocada por\u00a0la Federaci\u00f3n Argentina de Trabajadores de Prensa (FATPREN) frente a las puertas del Diario Popular, la sede de Avellaneda. En esta actividad se dio\u00a0inicio a un paro nacional de 24 horas de los trabajadores de prensa, ante\u00a0las insuficientes propuestas de aumento por parte [&hellip;]<\/p>\n","protected":false},"author":5,"featured_media":13434,"comment_status":"closed","ping_status":"closed","sticky":false,"template":"","format":"standard","meta":{"_monsterinsights_skip_tracking":false,"_monsterinsights_sitenote_active":false,"_monsterinsights_sitenote_note":"","_monsterinsights_sitenote_category":0,"jnews-multi-image_gallery":[],"jnews_single_post":{"format":"standard"},"jnews_primary_category":[],"_joinchat":[],"footnotes":""},"categories":[138,58,75],"tags":[],"class_list":["post-13433","post","type-post","status-publish","format-standard","has-post-thumbnail","hentry","category-comunicacion","category-noticiariachuelo","category-trabajo"],"_links":{"self":[{"href":"http:\/\/fmriachuelo.it10.com.ar\/index.php\/wp-json\/wp\/v2\/posts\/13433","targetHints":{"allow":["GET"]}}],"collection":[{"href":"http:\/\/fmriachuelo.it10.com.ar\/index.php\/wp-json\/wp\/v2\/posts"}],"about":[{"href":"http:\/\/fmriachuelo.it10.com.ar\/index.php\/wp-json\/wp\/v2\/types\/post"}],"author":[{"embeddable":true,"href":"http:\/\/fmriachuelo.it10.com.ar\/index.php\/wp-json\/wp\/v2\/users\/5"}],"replies":[{"embeddable":true,"href":"http:\/\/fmriachuelo.it10.com.ar\/index.php\/wp-json\/wp\/v2\/comments?post=13433"}],"version-history":[{"count":1,"href":"http:\/\/fmriachuelo.it10.com.ar\/index.php\/wp-json\/wp\/v2\/posts\/13433\/revisions"}],"predecessor-version":[{"id":22809,"href":"http:\/\/fmriachuelo.it10.com.ar\/index.php\/wp-json\/wp\/v2\/posts\/13433\/revisions\/22809"}],"wp:featuredmedia":[{"embeddable":true,"href":"http:\/\/fmriachuelo.it10.com.ar\/index.php\/wp-json\/"}],"wp:attachment":[{"href":"http:\/\/fmriachuelo.it10.com.ar\/index.php\/wp-json\/wp\/v2\/media?parent=13433"}],"wp:term":[{"taxonomy":"category","embeddable":true,"href":"http:\/\/fmriachuelo.it10.com.ar\/index.php\/wp-json\/wp\/v2\/categories?post=13433"},{"taxonomy":"post_tag","embeddable":true,"href":"http:\/\/fmriachuelo.it10.com.ar\/index.php\/wp-json\/wp\/v2\/tags?post=13433"}],"curies":[{"name":"wp","href":"https:\/\/api.w.org\/{rel}","templated":true}]}}