{"id":13408,"date":"2021-05-03T23:40:02","date_gmt":"2021-05-03T23:40:02","guid":{"rendered":"http:\/\/fmriachuelo.com.ar\/?p=13408"},"modified":"2025-02-14T14:02:29","modified_gmt":"2025-02-14T17:02:29","slug":"lito-borello-la-construccion-de-una-sociedad-diferente-es-una-tarea-politica","status":"publish","type":"post","link":"http:\/\/fmriachuelo.it10.com.ar\/index.php\/2021\/05\/03\/lito-borello-la-construccion-de-una-sociedad-diferente-es-una-tarea-politica\/","title":{"rendered":"LITO BORELLO: \u201cLA CONSTRUCCI\u00d3N DE UNA SOCIEDAD DIFERENTE ES UNA TAREA POL\u00cdTICA\u201d"},"content":{"rendered":"<p><b>[FM Riachuelo, 3\/5\/2021] En el marco del d\u00eda Internacional de las trabajadoras y los trabajadores, FM Riachuelo lanza una Serie de Notas y Entrevistas a distintxs referentes del Movimiento de Trabajadorxs, con y sin patr\u00f3n.<\/b><\/p>\n<p><span style=\"font-weight: 400\">Estamos convencidxs de que la Clase Trabajadora en su conjunto, en pleno proceso de reformulaci\u00f3n y de debates, no s\u00f3lo mantiene su vitalidad para luchar por sus derechos, tambi\u00e9n defiende soberan\u00eda <\/span><b>construyendo comunidad<\/b><span style=\"font-weight: 400\"> a diario. Es por esto que, muy lejos de dejarnos llevar por el ruido ensordecedor de las armas medi\u00e1ticas del poder f\u00e1ctico y sus medios masivos, esperamos que este material sirva de aporte a ese proceso de debates, tan necesarios y urgentes como la Unidad estrat\u00e9gica de todo el campo popular.<\/span><\/p>\n<p><span style=\"font-weight: 400\">Para esta entrega, entrevistamos a <\/span><b>Lito Borello<\/b><span style=\"font-weight: 400\">, secretario de Derechos Humanos de la <\/span><b>Uni\u00f3n de Trabajadores y Trabajadoras de la Econom\u00eda Popular (UTEP) y coordinador nacional del Movimiento Popular Los Pibes<\/b><span style=\"font-weight: 400\">, durante la programaci\u00f3n especial que realizamos durante el 1ro de mayo en el marco de una jornada de trabajo solidario y olla popular en el <\/span><b>Paseo de la Econom\u00eda Popular Mart\u00edn Oso Cisneros.<\/b><\/p>\n<p><b>FM Riachuelo: Es un 1ro de mayo particular por el contexto pand\u00e9mico que nos toca, pero con mucha actividad. \u00bfQu\u00e9 1ro de mayo encontraste?<\/b><\/p>\n<p><b>Lito Borello:<\/b><span style=\"font-weight: 400\"> A pesar de una compleja situaci\u00f3n en que nos mete la cuesti\u00f3n de la pandemia, porque uno no deja de tener que cumplir con todos los protocolos y entendiendo los cuidados que tenemos que tener, es impresionante como nuestra gente, nuestro pueblo, las organizaciones comunitarias, los movimientos populares, han elegido este d\u00eda para celebrar el d\u00eda del trabajador. Preparando desde tortas fritas, sopa paraguaya, locros, guisos, todo tipo de cosa para compartir con el otro, con la otra, para de alguna manera en esta situaci\u00f3n que estamos pasando no perder esa alegr\u00eda de luchar, esa alegr\u00eda de celebrar un d\u00eda tan importante para los trabajadores y las trabajadoras. En todos lados se ve\u00eda, m\u00e1s all\u00e1 del formato que hayan elegido, se ve\u00eda mucha alegr\u00eda que contagiaba. Pude estar en distintos lugares, un ratito en cada lugar y termin\u00e9 comiendo un locro en un local que est\u00e1 abriendo una cooperativa gr\u00e1fica, un nuevo lugar donde la econom\u00eda popular elige llevar adelante un emprendimiento.<\/span><\/p>\n<p><span style=\"font-weight: 400\">Muy contento y te dir\u00eda conmovido profundamente por lo que es nuestra gente, como es el subsuelo de la Patria sublevado como tantas veces decimos. Y renueva la esperanza y renueva la posibilidad de construir ese otro mundo posible.<\/span><\/p>\n<p><b>FMR: Venimos del jueves pasado de una actividad muy importante, que es la constituci\u00f3n formal de la UTEP, donde fuiste nombrado formalmente como secretario de Derechos Humanos de nuestro sindicato, donde te toc\u00f3 la responsabilidad y el honor de hacer la apertura. \u00bfQu\u00e9 otras cosas te pasaron ese d\u00eda en ese acto?\u00a0<\/b><\/p>\n<p><b>LB: <\/b><span style=\"font-weight: 400\">Creo que ten\u00edamos muchos de nosotros y de nosotras mucha emoci\u00f3n. Era imposible abstraernos de esa emoci\u00f3n y de esa sensaci\u00f3n de tarea cumplida despu\u00e9s de haber llegado, no solamente los diez a\u00f1os que lleva de tarea la CTEP en su momento y ahora la UTEP, sino quienes venimos de los movimientos sociales, los movimientos populares que nacimos hace algo m\u00e1s de un cuarto de siglo, es como haber llegado a un punto c\u00falmine, a un broche de oro de poder coronar llevando adelante. Con toda la historia que tiene para nosotros el movimiento obrero, los sindicatos, los gremios, habiendo logrado los movimientos sociales un gremio de nuevo tipo, un sindicato de nuevo tipo y estar haciendo formalmente la Uni\u00f3n de Trabajadores de la Econom\u00eda Popular.<\/span><\/p>\n<p><span style=\"font-weight: 400\">Un jal\u00f3n importante y un jal\u00f3n que como tambi\u00e9n muchos dec\u00edan no es el final en s\u00ed mismo, es nuevamente un volver a nacer y un prepararnos para los desaf\u00edos que tenemos por delante. Ya cada vez m\u00e1s claro no es tan solo la herramienta para la batalla de las reivindicaciones m\u00e1s urgentes o las reivindicaciones de tipo gremial, sino tambi\u00e9n una herramienta que nos va a ayudar a construir y acumular lo necesario de poder popular para ir construyendo ese otro mundo posible.<\/span><\/p>\n<p><b>FMR: \u00bfCu\u00e1les crees vos que son esos desaf\u00edos por delante?<\/b><\/p>\n<p><b>LB: <\/b><span style=\"font-weight: 400\">Tenemos que seguir trabajando por la unidad, por una unidad de todo el campo popular, por una unidad del movimiento popular, por una unidad cada vez m\u00e1s f\u00e9rrea del conjunto de organizaciones de nuestro sujeto, de los movimientos populares. Hoy la UTEP, por m\u00e1s que est\u00e9n dentro de ella decenas y decenas de organizaciones nacionales y varios cientos de grupos que a veces son simplemente barriales o locales, seguimos siendo conscientes que todav\u00eda hay mucho afuera, que todav\u00eda hay mucho grupo, mucha organizaci\u00f3n comunitaria, mucho emprendimiento productivo, mucha cooperativa de trabajo, mucho afuera de la UTEP. Y la UTEP tiene que trabajar para poder ser la expresi\u00f3n de representaci\u00f3n de todo ese universo, que como nos dice Francisco, somos sujeto de transformaci\u00f3n.<\/span><\/p>\n<p><span style=\"font-weight: 400\">Por lo tanto hay todo un desaf\u00edo no solamente de consolidar lo que hoy es la UTEP, sino por crecer y por crecer tambi\u00e9n en generar la condici\u00f3n de poder seguir uniendo junto con trabajadores que tienen patr\u00f3n, con los sindicatos que son de aquellos trabajadores que a\u00fan tienen patr\u00f3n, ya sea del Estado o sea privado. Y desde ya que tambi\u00e9n renovando lo que decimos tantas veces, que los trabajadores tienen que ser columna vertebral y cabeza de los procesos de transformaci\u00f3n.<\/span><\/p>\n<p><span style=\"font-weight: 400\">Hoy tenemos cada vez m\u00e1s claro que no nos vamos a quedar solamente en nuestras reivindicaciones, que no solamente vamos a tener estas herramientas para la lucha reivindicativa, que somos conscientes que la construcci\u00f3n de una sociedad diferente es una conquista pol\u00edtica, es una tarea pol\u00edtica y no le vamos a correr la responsabilidad a ser constructores de nuestro propio destino. Por lo tanto la alegr\u00eda es un ratito, el festejo es un ratito, r\u00e1pidamente a ponerse la mochila de nuevo y a seguir trabajando. Qu\u00e9 bueno que lo pudimos hacer hace un par de d\u00edas y hoy estamos festejando este 1ro de mayo, con todo el simbolismo que para todos los trabajadores tiene, con un nuevo sindicato, con el nacimiento de la UTEP.<\/span><\/p>\n<p><b>FMR: Hablaste de la unidad como uno de los desaf\u00edos m\u00e1s importantes. Son varios los dirigentes que est\u00e1n planteando esta necesidad de la unidad, hace un ratito compartimos una entrevista que le realizamos ayer a Pablo Moyano, tambi\u00e9n el Gringo en su asunci\u00f3n formal del secretariado general de la UTEP plantea la cuesti\u00f3n de la unidad, \u00bfqu\u00e9 hace falta para que se materialice esa unidad?<\/b><\/p>\n<p><b>LB: <\/b><span style=\"font-weight: 400\">Pablo dec\u00eda en una de sus contestaciones que es necesaria una profunda autocr\u00edtica de muchos dirigentes. Est\u00e1 claro que hasta ac\u00e1 hemos llegado y todos nos tenemos que hacer una autocr\u00edtica, pero est\u00e1 claro que hay muchos dirigentes que no han estado a la altura de las circunstancias y que muchas veces han estado m\u00e1s cerca de las patronales y de intereses for\u00e1neos. Todos somos conscientes que en algo tenemos que tener una mirada retrospectiva. Pero sin ninguna duda que la crisis de representaci\u00f3n, la acefal\u00eda de conducci\u00f3n pol\u00edtica hace tambi\u00e9n a la necesaria autocr\u00edtica de muchos de los dirigentes y las dirigentas.<\/span><\/p>\n<p><span style=\"font-weight: 400\">Esa unidad es una unidad de los que luchan, es una unidad de los que son consecuentes con lo que dicen y con lo que hacen. Es una unidad de los que codo a codo en la calle vamos fortaleciendo una unidad que no solo necesita ser org\u00e1nica, sino una unidad que tambi\u00e9n est\u00e9 apuntalada con la coherencia de vida. Me parece que estamos igual pese a que esto es un elemento dif\u00edcil de solucionar, es una asignatura pendiente. Vemos con optimismo, con alegr\u00eda que transitamos un\u00a0 momento de oportunidad.<\/span><\/p>\n<p><span style=\"font-weight: 400\">Tanto Pablo desde Camioneros como otros compa\u00f1eros, como lo dec\u00eda el Gringo y como tambi\u00e9n tantas organizaciones que a\u00fan no est\u00e1n en la UTEP, somos conscientes que todav\u00eda tenemos que recorrer un camino en unidad; qu\u00e9 mejor que hacerlo en la lucha y siendo conscientes que cada vez es m\u00e1s necesaria la construcci\u00f3n de ese otro mundo posible. Porque cada vez tenemos m\u00e1s claro que en el marco del capitalismo no tenemos destino. Que este paradigma de un capitalismo depredador, financiero, dependiente que nos hace realmente rehenes de esa democracias, que ya no tan solo nos dejan\u00a0 votar cada dos o cuatro a\u00f1os sino que somos rehenes de esa situaci\u00f3n. No nos dejan participar, todas las reglas est\u00e1n a favor de los que tienen el poder. Para hacer pol\u00edtica nuestros compa\u00f1eros y nuestras compa\u00f1eras no tienen las mismas condiciones que tienen los poderosos, que los que tienen mucha, que los que tienen el poder. Por lo tanto nosotros apostamos a la construcci\u00f3n de poder popular y para la construcci\u00f3n del poder popular es necesaria la unidad, es necesaria m\u00e1s unidad, m\u00e1s organizaci\u00f3n y m\u00e1s lucha.<\/span><\/p>\n<p><b>FMR: Estamos cerrando el programa con tu intervenci\u00f3n, muchos compa\u00f1eros nos est\u00e1n mandando saludos de muchos puntos del pa\u00eds, compa\u00f1eros del Movimiento Popular los Pibes. \u00bfQu\u00e9 mensaje les dejas para cerrar el programa?<\/b><\/p>\n<p><b>LB:<\/b><span style=\"font-weight: 400\"> La organizaci\u00f3n Los Pibes, el Movimiento Popular Los Pibes, en muy poquito tiempo, en muy poquitos d\u00edas cumplimos 25 a\u00f1os y en medio de estos desaf\u00edos que tenemos por delante en medio de una situaci\u00f3n tan adversa quiero agradecer a que mis compa\u00f1eras, mis compa\u00f1eros me hayan ayudado en estos 25 a\u00f1os a llegar hasta ac\u00e1. No ser\u00eda quien soy si no hubiera tenido el apoyo de mis compa\u00f1eras y de mis compa\u00f1eros. Y en cada responsabilidad que vamos asumiendo somos conscientes que nos ponemos una mochila, todav\u00eda con muchos desaf\u00edos por resolver de manera personal y con muchas asignaturas pendientes. Ojal\u00e1 que podamos seguir estando a la altura de las circunstancias, que la organizaci\u00f3n pueda seguir siendo un aporte para la UTEP, para los movimientos populares, para el campo popular, para todos aquellos y aquellas que anhelamos ese otro mundo posible.<\/span><\/p>\n<p><span style=\"font-weight: 400\">Muchas gracias, muchos abrazos, muchos brindis y mucha alegr\u00eda a todos mis compa\u00f1eros y compa\u00f1eras de la organizaci\u00f3n Los Pibes, del Movimiento Popular Los Pibes, por haberme hecho un poco mejor. Con todos los desaf\u00edos que tenemos por delante un saludo a todos y cada uno de ellos que en todos lados estuvieron haciendo tareas para seguir de cerca construyendo este 1\u00ba de Mayo, con tanta importancia que tiene en este momento estar celebrando esta fecha. Gracias tambi\u00e9n a mis organizaciones hermanas, con los que en todos estos a\u00f1os en los momentos que tuvimos que estar juntos hemos estado codo a codo en la calle, en las peleas, en las luchas. Gracias a la inspiraci\u00f3n del Papa Francisco con sus mensajes, permanentemente alentador promovi\u00e9ndonos a ser sujetos de transformaci\u00f3n. Compartir el cari\u00f1o, el afecto, el abrazo fraterno y reafirmar nuestras rebeld\u00edas, a seguir construyendo las pr\u00f3ximas insurgencias y a gritar desde el pecho desde las tripas que ac\u00e1 no se rinde nadie, y hay que luchar hasta vencer.<\/span><\/p>\n","protected":false},"excerpt":{"rendered":"<p>[FM Riachuelo, 3\/5\/2021] En el marco del d\u00eda Internacional de las trabajadoras y los trabajadores, FM Riachuelo lanza una Serie de Notas y Entrevistas a distintxs referentes del Movimiento de Trabajadorxs, con y sin patr\u00f3n. Estamos convencidxs de que la Clase Trabajadora en su conjunto, en pleno proceso de reformulaci\u00f3n y de debates, no s\u00f3lo [&hellip;]<\/p>\n","protected":false},"author":5,"featured_media":13412,"comment_status":"closed","ping_status":"closed","sticky":false,"template":"","format":"standard","meta":{"_monsterinsights_skip_tracking":false,"_monsterinsights_sitenote_active":false,"_monsterinsights_sitenote_note":"","_monsterinsights_sitenote_category":0,"jnews-multi-image_gallery":[],"jnews_single_post":{"format":"standard"},"jnews_primary_category":[],"_joinchat":[],"footnotes":""},"categories":[78,63,145,75],"tags":[],"class_list":["post-13408","post","type-post","status-publish","format-standard","has-post-thumbnail","hentry","category-economia-popular","category-entrevista-riachuelo","category-movimientos-populares","category-trabajo"],"_links":{"self":[{"href":"http:\/\/fmriachuelo.it10.com.ar\/index.php\/wp-json\/wp\/v2\/posts\/13408","targetHints":{"allow":["GET"]}}],"collection":[{"href":"http:\/\/fmriachuelo.it10.com.ar\/index.php\/wp-json\/wp\/v2\/posts"}],"about":[{"href":"http:\/\/fmriachuelo.it10.com.ar\/index.php\/wp-json\/wp\/v2\/types\/post"}],"author":[{"embeddable":true,"href":"http:\/\/fmriachuelo.it10.com.ar\/index.php\/wp-json\/wp\/v2\/users\/5"}],"replies":[{"embeddable":true,"href":"http:\/\/fmriachuelo.it10.com.ar\/index.php\/wp-json\/wp\/v2\/comments?post=13408"}],"version-history":[{"count":1,"href":"http:\/\/fmriachuelo.it10.com.ar\/index.php\/wp-json\/wp\/v2\/posts\/13408\/revisions"}],"predecessor-version":[{"id":22821,"href":"http:\/\/fmriachuelo.it10.com.ar\/index.php\/wp-json\/wp\/v2\/posts\/13408\/revisions\/22821"}],"wp:featuredmedia":[{"embeddable":true,"href":"http:\/\/fmriachuelo.it10.com.ar\/index.php\/wp-json\/"}],"wp:attachment":[{"href":"http:\/\/fmriachuelo.it10.com.ar\/index.php\/wp-json\/wp\/v2\/media?parent=13408"}],"wp:term":[{"taxonomy":"category","embeddable":true,"href":"http:\/\/fmriachuelo.it10.com.ar\/index.php\/wp-json\/wp\/v2\/categories?post=13408"},{"taxonomy":"post_tag","embeddable":true,"href":"http:\/\/fmriachuelo.it10.com.ar\/index.php\/wp-json\/wp\/v2\/tags?post=13408"}],"curies":[{"name":"wp","href":"https:\/\/api.w.org\/{rel}","templated":true}]}}