{"id":13376,"date":"2021-04-30T16:13:17","date_gmt":"2021-04-30T16:13:17","guid":{"rendered":"http:\/\/fmriachuelo.com.ar\/?p=13376"},"modified":"2025-02-14T14:10:47","modified_gmt":"2025-02-14T17:10:47","slug":"maria-fernanda-silva-primer-mujer-afrodescendiente-como-embajadora-en-el-vaticano","status":"publish","type":"post","link":"http:\/\/fmriachuelo.it10.com.ar\/index.php\/2021\/04\/30\/maria-fernanda-silva-primer-mujer-afrodescendiente-como-embajadora-en-el-vaticano\/","title":{"rendered":"MARIA FERNANDA SILVA:\u00bbFORMAR LIDERESAS Y ABRIR NUEVOS CAMINOS\u00bb"},"content":{"rendered":"<p><strong>[FM Riachuelo, 30\/04\/2021] En Haciendo\u00a0 Lio, programa que realiza el Movimiento Misioneros de Francisco (jueves 16 horas) en la FM Riachuelo, conversamos con la primer mujer afrodescendiente representante de Argentina en la Santa sede, convocada por el Papa Francisco.<\/strong><br \/>\nMar\u00eda Fernanda reflexion\u00f3 sobre la definici\u00f3n de poder desde el punto de vista por el cual la concepci\u00f3n hegem\u00f3nica de liderazgo no incluye ni contiene al respecto Mar\u00eda dijo <strong><em>\u00abEl nuevo concepto es incluir a las mujeres que somos capaces de construir nuevos roles, no repetir convenciones patriarcales. incluir a las comunidades desde mujeres de distintas edades y procedencias que construyen conocimiento desde el colectivo\u00bb .<\/em><\/strong><br \/>\nHabl\u00f3 sobre la necesidad de \u00ab<strong><em>formar lideresas y armar nuevos caminos desde nuestros diversos roles.\u00a0<\/em><\/strong><strong><em>Esto es parte del liderazgo de las mujeres desde lo popular\u00bb<\/em><\/strong>.<br \/>\nHoy como embajadora en el Vaticano agradece esta oportunidad de revalorizar el rol de las mujeres en la sociedad, y adem\u00e1s la posibilidad de representar al pa\u00eds.<br \/>\nSe refiri\u00f3 a los ocho a\u00f1os del papado de Francisco como mujer de fe y expres\u00f3 que siente que <strong><em>\u00abestamos ante el Papa de la Misericordia, de la Revoluci\u00f3n de la ternura, de la Enc\u00edclica social con el Laudato Si, y que llora los muertos que nadie llora. Marca un camino de unidad muy fuerte, es el Papa de los Movimientos sociales, de los \u00abPoetas Sociales\u00bb como les llama\u00bb.<\/em><\/strong><br \/>\nPara finalizar reflexion\u00f3 sobre la situaci\u00f3n actual y dijo <em><strong>\u00abHoy hay que actuar para prepararnos en todos los aspectos espiritual, religioso, social para sobrellevar este tiempo dif\u00edcil de pandemia, en esto tambi\u00e9n estar\u00e9 representando al pa\u00eds\u00bb.<\/strong><\/em><\/p>\n<p>Escucha la entrevista completa<\/p>\n<p><a href=\"https:\/\/ar.radiocut.fm\/audiocut\/entrevista-a-maria-fernanda-silva-primer-mujer-afrodescendiente-representante-en-santa-sede\/\">https:\/\/ar.radiocut.fm\/audiocut\/entrevista-a-maria-fernanda-silva-primer-mujer-afrodescendiente-representante-en-santa-sede\/<\/a><\/p>\n","protected":false},"excerpt":{"rendered":"<p>[FM Riachuelo, 30\/04\/2021] En Haciendo\u00a0 Lio, programa que realiza el Movimiento Misioneros de Francisco (jueves 16 horas) en la FM Riachuelo, conversamos con la primer mujer afrodescendiente representante de Argentina en la Santa sede, convocada por el Papa Francisco. Mar\u00eda Fernanda reflexion\u00f3 sobre la definici\u00f3n de poder desde el punto de vista por el cual [&hellip;]<\/p>\n","protected":false},"author":5,"featured_media":13378,"comment_status":"closed","ping_status":"closed","sticky":false,"template":"","format":"standard","meta":{"_monsterinsights_skip_tracking":false,"_monsterinsights_sitenote_active":false,"_monsterinsights_sitenote_note":"","_monsterinsights_sitenote_category":0,"jnews-multi-image_gallery":[],"jnews_single_post":{"format":"standard"},"jnews_primary_category":[],"_joinchat":[],"footnotes":""},"categories":[82,79,58,62],"tags":[],"class_list":["post-13376","post","type-post","status-publish","format-standard","has-post-thumbnail","hentry","category-derechos-humanos","category-nadie-se-salva-solo","category-noticiariachuelo","category-religiosidad-popular"],"_links":{"self":[{"href":"http:\/\/fmriachuelo.it10.com.ar\/index.php\/wp-json\/wp\/v2\/posts\/13376","targetHints":{"allow":["GET"]}}],"collection":[{"href":"http:\/\/fmriachuelo.it10.com.ar\/index.php\/wp-json\/wp\/v2\/posts"}],"about":[{"href":"http:\/\/fmriachuelo.it10.com.ar\/index.php\/wp-json\/wp\/v2\/types\/post"}],"author":[{"embeddable":true,"href":"http:\/\/fmriachuelo.it10.com.ar\/index.php\/wp-json\/wp\/v2\/users\/5"}],"replies":[{"embeddable":true,"href":"http:\/\/fmriachuelo.it10.com.ar\/index.php\/wp-json\/wp\/v2\/comments?post=13376"}],"version-history":[{"count":1,"href":"http:\/\/fmriachuelo.it10.com.ar\/index.php\/wp-json\/wp\/v2\/posts\/13376\/revisions"}],"predecessor-version":[{"id":22828,"href":"http:\/\/fmriachuelo.it10.com.ar\/index.php\/wp-json\/wp\/v2\/posts\/13376\/revisions\/22828"}],"wp:featuredmedia":[{"embeddable":true,"href":"http:\/\/fmriachuelo.it10.com.ar\/index.php\/wp-json\/"}],"wp:attachment":[{"href":"http:\/\/fmriachuelo.it10.com.ar\/index.php\/wp-json\/wp\/v2\/media?parent=13376"}],"wp:term":[{"taxonomy":"category","embeddable":true,"href":"http:\/\/fmriachuelo.it10.com.ar\/index.php\/wp-json\/wp\/v2\/categories?post=13376"},{"taxonomy":"post_tag","embeddable":true,"href":"http:\/\/fmriachuelo.it10.com.ar\/index.php\/wp-json\/wp\/v2\/tags?post=13376"}],"curies":[{"name":"wp","href":"https:\/\/api.w.org\/{rel}","templated":true}]}}