{"id":13375,"date":"2021-05-03T20:18:11","date_gmt":"2021-05-03T20:18:11","guid":{"rendered":"http:\/\/fmriachuelo.com.ar\/?p=13375"},"modified":"2025-02-14T14:08:23","modified_gmt":"2025-02-14T17:08:23","slug":"especialesriachuelo-entrevistariachuelo-el-movimiento-de-todes-les-trabajadores-3-en-un-sistema-de-vida-que-te-plantea-el-individualismo-nosotros-planteamos-lo-colectivo","status":"publish","type":"post","link":"http:\/\/fmriachuelo.it10.com.ar\/index.php\/2021\/05\/03\/especialesriachuelo-entrevistariachuelo-el-movimiento-de-todes-les-trabajadores-3-en-un-sistema-de-vida-que-te-plantea-el-individualismo-nosotros-planteamos-lo-colectivo\/","title":{"rendered":"JUAN CARLOS S\u00c1NCHEZ: \u201cEN UN SISTEMA DE VIDA QUE TE PLANTEA EL INDIVIDUALISMO, NOSOTROS PLANTEAMOS LO COLECTIVO\u201d"},"content":{"rendered":"<p><strong>[Radio Vida, FM Riachuelo, 3\/5\/2021]\u00a0<\/strong><b>En el marco del d\u00eda Internacional de las trabajadoras y los trabajadores, FM Riachuelo lanza una Serie de Notas y Entrevistas a distintxs referentes del Movimiento de Trabajadorxs, con y sin patr\u00f3n.<\/b><\/p>\n<p>Estamos convencidxs de que la Clase Trabajadora en su conjunto, en pleno proceso de reformulaci\u00f3n y de debates, no s\u00f3lo mantiene su vitalidad para luchar por sus derechos, tambi\u00e9n defiende soberan\u00eda\u00a0<b>construyendo comunidad<\/b>\u00a0a diario. Es por esto que, muy lejos de dejarnos llevar por el ruido ensordecedor de las armas medi\u00e1ticas del poder f\u00e1ctico y sus medios masivos, esperamos que este material sirva de aporte a ese proceso de debates, tan necesarios y urgentes como la Unidad estrat\u00e9gica de todo el campo popular.<\/p>\n<p>Para esta entrega, en una coproducci\u00f3n con <strong>Radio Vida<\/strong> de Entre R\u00edos, en el marco de la <strong>red de corresponsales populares<\/strong> que FM Riachuelo organiza para dar cuenta de las luchas en distintos rincones de nuestra Patria, dialogamos con <strong>Juan Carlos El Negro S\u00e1nchez<\/strong>, referente del <strong>Frente Barrial Pocho Lepratti 19 y 20 UTEP<\/strong> de La Paz, Entre R\u00edos, quien tiene un amplio recorrido militante, sobre en todo en la lucha por la vivienda, para que aporte una mirada desde quienes luchan y trabajan por <strong>Tierra, Techo y Trabajo.<\/strong><\/p>\n<p><strong>Radio Vida: Queremos conocer un poco tu historia. \u00bfC\u00f3mo llegaste a la militancia? \u00bfC\u00f3mo esa militancia te llev\u00f3 a las luchas por la vivienda y por la econom\u00eda popular?<\/strong><\/p>\n<p><strong>Juan Carlos S\u00e1nchez<\/strong>: En Bueno Aires, en los primeros tiempos, no fui a vivir a capital sino al conurbano bonaerense, a Lan\u00fas Este, en una villa, donde vi mucha necesidad de compa\u00f1eros y compa\u00f1eras trabajadores y me fui formando al calor de la lucha del movimiento obrero. De ah\u00ed tom\u00e9 conciencia de que ten\u00edamos derechos. Yo militaba en la iglesia antes que en el sindicalismo, era una Comunidad Eclesial de Base, donde realmente nos iban educando: que dios existe, dios hecho hombre, no una cosa abstracta; en cada compa\u00f1ero, en cada hermana y hermano debe estar la acci\u00f3n de Jesucristo. En eso me fui formando.<\/p>\n<p>El tema de la vivienda lo sufr\u00ed ac\u00e1 en La Paz, y los segu\u00eda sufriendo en Buenos Aires. Es un problema a nivel nacional, no es un problema de ac\u00e1 de La Paz; la vivienda sigue siendo un problema, el no tener acceso a la tierra, y uno hoy en d\u00eda ve la toma de tierra por los medios de comunicaci\u00f3n de alcance nacional. Nosotros en el \u201880 fuimos a tomar 200 hect\u00e1reas de tierra y del 80 al 83 le exigimos al gobierno inconstitucional -porque hab\u00eda una dictadura- una ley de expropiaci\u00f3n, que el Estado compre y nos venda a nosotros. Ah\u00ed tuvimos que hacer experiencia de c\u00f3mo el pueblo organizado exig\u00eda derecho, y ah\u00ed viene el tema de la vivienda y de la tierra del 81, o sea que nosotros en Buenos Aires logramos que el gobierno, en este caso provincial, comprase las tierras privadas y nos las vendiera a nosotros, y por medio de cooperativas nosotros construimos las viviendas. Esa fue una experiencia muy rica y que a nosotros nos llev\u00f3 a organizarnos y luchar por nuestros derechos.<\/p>\n<p><strong>RV: Seg\u00fan tu experiencia como militante popular, \u00bfqu\u00e9 sentido tiene construir comunidad en nuestros barrios y asentamientos? Y en la pr\u00e1ctica concreta \u00bfqu\u00e9 es hacer comunidad?<\/strong><\/p>\n<p><strong>JCS<\/strong>: En un sistema de vida que te plantea el individualismo, nosotros planteamos lo colectivo. \u201cEn comunidad\u201d quiere decir, en s\u00edntesis,\u00a0 que tenemos identidad en com\u00fan, problemas en com\u00fan y eso es lo que nosotros retomamos. Se ve en las ciudades o en provincias como en la nuestra, se ve m\u00e1s fuerte la cosa individual, el \u201cs\u00e1lvese quien pueda\u201d. Nosotros planteamos al rev\u00e9s, lo que nos viene planteando el Papa, \u201cnadie se salva solo\u201d, y entonces formamos comunidad. La comunidad nuestra ac\u00e1 en la Paz es La Ribera, yo soy nacido y criado y tengo la misma identidad, tengo las mismas necesidades, quiz\u00e1 no las mismas en nivel material sino a nivel espiritual, que veo en mis hermanos y hermanas ribere\u00f1os, que no tienen posibilidad de trabajo, no tienen la posibilidad de tener acceso a la tierra, posibilidad de tener una vivienda, y eso tiene que hacer la comunidad. Lo que en s\u00edntesis plantea el Papa es al rev\u00e9s de lo que nos plantea un sistema que s\u00f3lo el que tiene capital dice \u201cyo soy m\u00e1s que vos\u201d, y no es as\u00ed,\u00a0 somos todos iguales, somos seres humanos, tenemos sentimientos, tenemos los mismos derechos. La comunidad en s\u00edntesis es eso, tener problemas en com\u00fan y resolverlos en comunidad; en com\u00fan, con toda la poblaci\u00f3n que venimos sufriendo esta falta de trabajo de tierra y de vivienda.<\/p>\n<p><strong>RV: De cara al 1ero de mayo \u00bfQu\u00e9 desaf\u00edos tienen por delante los trabajadores en nuestra Patria? \u00bfC\u00f3mo hay que prepararse para encarar esos desaf\u00edos?<\/strong><\/p>\n<p><strong>JCS:<\/strong> Los desaf\u00edos son grandes, pero uno tiene que partir desde la base, y la historia del primero de mayo comienza en Chicago hace m\u00e1s de 130 a\u00f1os. Los distintos gobiernos que han luchado en contra de nuestros intereses, los intereses de los que realmente producimos riqueza, han trabajado para empobrecernos, as\u00ed que los desaf\u00edos hoy en esta crisis que estamos viviendo son grandes. Primero debemos buscar la unidad de los trabajadores en su conjunto, los que tienen patr\u00f3n que est\u00e1n sufriendo que su salario es bajo y lo que sufrimos los trabajadores y trabajadoras que no tienen patrones; nosotros sinceramente queremos que los gobiernos dejen de dar planes, nosotros queremos trabajo, nosotros estamos cansados de que haya programas alimentarios. Nosotros queremos trabajo para as\u00ed comer lo que nosotros queramos comer, no lo que ellos quieren que comamos.<\/p>\n<p>Hay que recomponer el movimiento de los trabajadores porque ha cambiado el mundo, ha cambiado la Argentina. Yo recuerdo que en Buenos Aires trabajaba en la industria; hoy hay muy poca industria porque en realidad ha cambiado el modelo de pa\u00eds, pero tenemos todo para recomponerlo. Tenemos el desaf\u00edo de generar unidad, en distintas provincias, con una identidad muy clara: somos trabajadores que producimos riqueza y vivimos en la pobreza, qu\u00e9 contradicci\u00f3n. Entonces esto nos tiene que fortalecer para armar un proyecto, como dice el Papa, \u201cconstruir un mundo donde quepan todos los mundos\u201d, que somos todos seres humanos y somos sujetos, no somos objetos y hoy est\u00e1 planteado a nivel mundial que somos un objeto, entonces se dice: \u201cvos tenes 50 a\u00f1os ya no serv\u00eds m\u00e1s\u201d, y no es as\u00ed, servimos, seguimos teniendo sentimientos. Antes en La Paz no exist\u00eda un hogar de ancianos, antes los abuelos estaban en la familia, era sabidur\u00eda para los nietos, y eso quiere decir el Papa, no somos sujetos de descarte. Al contrario, hay mucha sabidur\u00eda, nosotros peleamos por esa sociedad y ese es el gran desaf\u00edo.<\/p>\n","protected":false},"excerpt":{"rendered":"<p>[Radio Vida, FM Riachuelo, 3\/5\/2021]\u00a0En el marco del d\u00eda Internacional de las trabajadoras y los trabajadores, FM Riachuelo lanza una Serie de Notas y Entrevistas a distintxs referentes del Movimiento de Trabajadorxs, con y sin patr\u00f3n. Estamos convencidxs de que la Clase Trabajadora en su conjunto, en pleno proceso de reformulaci\u00f3n y de debates, no [&hellip;]<\/p>\n","protected":false},"author":5,"featured_media":13380,"comment_status":"closed","ping_status":"closed","sticky":false,"template":"","format":"standard","meta":{"_monsterinsights_skip_tracking":false,"_monsterinsights_sitenote_active":false,"_monsterinsights_sitenote_note":"","_monsterinsights_sitenote_category":0,"jnews-multi-image_gallery":[],"jnews_single_post":{"format":"standard"},"jnews_primary_category":[],"_joinchat":[],"footnotes":""},"categories":[78,63,79,75],"tags":[],"class_list":["post-13375","post","type-post","status-publish","format-standard","has-post-thumbnail","hentry","category-economia-popular","category-entrevista-riachuelo","category-nadie-se-salva-solo","category-trabajo"],"_links":{"self":[{"href":"http:\/\/fmriachuelo.it10.com.ar\/index.php\/wp-json\/wp\/v2\/posts\/13375","targetHints":{"allow":["GET"]}}],"collection":[{"href":"http:\/\/fmriachuelo.it10.com.ar\/index.php\/wp-json\/wp\/v2\/posts"}],"about":[{"href":"http:\/\/fmriachuelo.it10.com.ar\/index.php\/wp-json\/wp\/v2\/types\/post"}],"author":[{"embeddable":true,"href":"http:\/\/fmriachuelo.it10.com.ar\/index.php\/wp-json\/wp\/v2\/users\/5"}],"replies":[{"embeddable":true,"href":"http:\/\/fmriachuelo.it10.com.ar\/index.php\/wp-json\/wp\/v2\/comments?post=13375"}],"version-history":[{"count":1,"href":"http:\/\/fmriachuelo.it10.com.ar\/index.php\/wp-json\/wp\/v2\/posts\/13375\/revisions"}],"predecessor-version":[{"id":22825,"href":"http:\/\/fmriachuelo.it10.com.ar\/index.php\/wp-json\/wp\/v2\/posts\/13375\/revisions\/22825"}],"wp:featuredmedia":[{"embeddable":true,"href":"http:\/\/fmriachuelo.it10.com.ar\/index.php\/wp-json\/"}],"wp:attachment":[{"href":"http:\/\/fmriachuelo.it10.com.ar\/index.php\/wp-json\/wp\/v2\/media?parent=13375"}],"wp:term":[{"taxonomy":"category","embeddable":true,"href":"http:\/\/fmriachuelo.it10.com.ar\/index.php\/wp-json\/wp\/v2\/categories?post=13375"},{"taxonomy":"post_tag","embeddable":true,"href":"http:\/\/fmriachuelo.it10.com.ar\/index.php\/wp-json\/wp\/v2\/tags?post=13375"}],"curies":[{"name":"wp","href":"https:\/\/api.w.org\/{rel}","templated":true}]}}