{"id":13354,"date":"2021-04-26T21:34:04","date_gmt":"2021-04-26T21:34:04","guid":{"rendered":"http:\/\/fmriachuelo.com.ar\/?p=13354"},"modified":"2025-02-14T14:15:50","modified_gmt":"2025-02-14T17:15:50","slug":"radio-la-milagrosa-sufrio-un-corte-en-plena-entrevista-con-el-enacom","status":"publish","type":"post","link":"http:\/\/fmriachuelo.it10.com.ar\/index.php\/2021\/04\/26\/radio-la-milagrosa-sufrio-un-corte-en-plena-entrevista-con-el-enacom\/","title":{"rendered":"RADIO LA MILAGROSA SUFRI\u00d3 UN CORTE EN PLENA ENTREVISTA CON EL ENACOM"},"content":{"rendered":"<p><strong>[FM Riachuelo, 26\/4\/2021] Hoy en el programa Voces Ocultas, que realiza Radio La Milagrosa, estaban haciendo una entrevista al vicepresidente del ENaCom, Gustavo L\u00f3pez, y se cortaron todas las comunicaciones (internet, l\u00ednea telef\u00f3nica y streaming).<\/strong><\/p>\n<p><strong>Juan N\u00fa\u00f1ez<\/strong>, director de la radio, expres\u00f3: \u00ab<em>nos llam\u00f3 poderosamente la atenci\u00f3n lo que pas\u00f3 (&#8230;) en principio pensamos que era una cuesti\u00f3n de se\u00f1al (&#8230;) pero se cay\u00f3 todo el sistema. Cuando empezamos a ver que todo estaba ca\u00eddo, y que cuando pusimos un tema musical volvi\u00f3, fue como si alguien hubiera apretado un bot\u00f3n y se cortara todo. \u00bfQu\u00e9 podemos pensar? Venimos siendo perseguidos por el Grupo Am\u00e9rica al igual que Riachuelo, no podemos dejar de pensar que esta es una maniobra m\u00e1s que estamos recibiendo de parte de las multimedias<\/em>\u00ab, y agreg\u00f3 \u00ab<em>creemos que lo que molesta es que nosotros hablemos con el ENaCom<\/em>\u00ab. La entrevista al funcionario del ENaCom est\u00e1 reprogramada para el mi\u00e9rcoles.<\/p>\n<p><strong>Escuch\u00e1 la entrevista completa:<\/strong><\/p>\n<p><iframe loading=\"lazy\" title=\"26 - 04 - 2021 RADIO LA MILAGROSA SUFRI\u00d3 UN CORTE EN PLENA ENTREVISTA CON EL ENACOM by FMR\" width=\"500\" height=\"400\" scrolling=\"no\" frameborder=\"no\" src=\"https:\/\/w.soundcloud.com\/player\/?visual=true&#038;url=https%3A%2F%2Fapi.soundcloud.com%2Ftracks%2F1037252281&#038;show_artwork=true&#038;maxheight=750&#038;maxwidth=500\"><\/iframe><\/p>\n","protected":false},"excerpt":{"rendered":"<p>[FM Riachuelo, 26\/4\/2021] Hoy en el programa Voces Ocultas, que realiza Radio La Milagrosa, estaban haciendo una entrevista al vicepresidente del ENaCom, Gustavo L\u00f3pez, y se cortaron todas las comunicaciones (internet, l\u00ednea telef\u00f3nica y streaming). Juan N\u00fa\u00f1ez, director de la radio, expres\u00f3: \u00abnos llam\u00f3 poderosamente la atenci\u00f3n lo que pas\u00f3 (&#8230;) en principio pensamos que [&hellip;]<\/p>\n","protected":false},"author":5,"featured_media":13355,"comment_status":"closed","ping_status":"closed","sticky":false,"template":"","format":"standard","meta":{"_monsterinsights_skip_tracking":false,"_monsterinsights_sitenote_active":false,"_monsterinsights_sitenote_note":"","_monsterinsights_sitenote_category":0,"jnews-multi-image_gallery":[],"jnews_single_post":{"format":"standard"},"jnews_primary_category":[],"_joinchat":[],"footnotes":""},"categories":[141,58],"tags":[],"class_list":["post-13354","post","type-post","status-publish","format-standard","has-post-thumbnail","hentry","category-comunicacion-popular","category-noticiariachuelo"],"_links":{"self":[{"href":"http:\/\/fmriachuelo.it10.com.ar\/index.php\/wp-json\/wp\/v2\/posts\/13354","targetHints":{"allow":["GET"]}}],"collection":[{"href":"http:\/\/fmriachuelo.it10.com.ar\/index.php\/wp-json\/wp\/v2\/posts"}],"about":[{"href":"http:\/\/fmriachuelo.it10.com.ar\/index.php\/wp-json\/wp\/v2\/types\/post"}],"author":[{"embeddable":true,"href":"http:\/\/fmriachuelo.it10.com.ar\/index.php\/wp-json\/wp\/v2\/users\/5"}],"replies":[{"embeddable":true,"href":"http:\/\/fmriachuelo.it10.com.ar\/index.php\/wp-json\/wp\/v2\/comments?post=13354"}],"version-history":[{"count":1,"href":"http:\/\/fmriachuelo.it10.com.ar\/index.php\/wp-json\/wp\/v2\/posts\/13354\/revisions"}],"predecessor-version":[{"id":22831,"href":"http:\/\/fmriachuelo.it10.com.ar\/index.php\/wp-json\/wp\/v2\/posts\/13354\/revisions\/22831"}],"wp:featuredmedia":[{"embeddable":true,"href":"http:\/\/fmriachuelo.it10.com.ar\/index.php\/wp-json\/"}],"wp:attachment":[{"href":"http:\/\/fmriachuelo.it10.com.ar\/index.php\/wp-json\/wp\/v2\/media?parent=13354"}],"wp:term":[{"taxonomy":"category","embeddable":true,"href":"http:\/\/fmriachuelo.it10.com.ar\/index.php\/wp-json\/wp\/v2\/categories?post=13354"},{"taxonomy":"post_tag","embeddable":true,"href":"http:\/\/fmriachuelo.it10.com.ar\/index.php\/wp-json\/wp\/v2\/tags?post=13354"}],"curies":[{"name":"wp","href":"https:\/\/api.w.org\/{rel}","templated":true}]}}