{"id":13320,"date":"2021-04-18T16:37:50","date_gmt":"2021-04-18T16:37:50","guid":{"rendered":"http:\/\/fmriachuelo.com.ar\/?p=13320"},"modified":"2025-02-14T14:21:41","modified_gmt":"2025-02-14T17:21:41","slug":"entrevista-a-lito-borello-parte-ii-si-no-refundamos-el-estado-nada-va-a-cambiar","status":"publish","type":"post","link":"http:\/\/fmriachuelo.it10.com.ar\/index.php\/2021\/04\/18\/entrevista-a-lito-borello-parte-ii-si-no-refundamos-el-estado-nada-va-a-cambiar\/","title":{"rendered":"ENTREVISTA A LITO BORELLO (PARTE II): \u201cSI NO REFUNDAMOS EL ESTADO, NADA VA A CAMBIAR\u201d"},"content":{"rendered":"<p><b>[FM Riachuelo, 18\/4\/2021] Los contextos que vive nuestro pueblo se vuelven cada d\u00eda m\u00e1s complejos, con una incertidumbre reinante que es alimentada d\u00eda a d\u00eda por los poderosos. En un segmento especial en el programa Romp\u00e9 el Cerco, Lito Borello, secretario de Derechos Humanos de la Uni\u00f3n de Trabajadores y Trabajadoras de la Econom\u00eda Popular y coordinador nacional del Movimiento Popular Los Pibes, reflexion\u00f3 sobre el lugar que tiene nuestro pueblo en los diversos aspectos de la coyuntura. En esta segunda parte, brind\u00f3 una lectura sobre la llegada de la segunda ola y dio un mensaje a lxs compa\u00f1erxs de las ollas y merenderos entre tanta incertidumbre, as\u00ed como dio su mirada sobre la puja de la clase pol\u00edtica entre Naci\u00f3n y Ciudad.<\/b><\/p>\n<p>Si te perdiste la primera parte, la pod\u00e9s leer o escuchar\u00a0<strong><a href=\"http:\/\/fmriachuelo.com.ar\/blog\/2021\/04\/17\/entrevista-a-lito-borello-parte-i-si-no-construimos-poder-popular-nuestro-destino-sera-el-sometimiento\/\" target=\"_blank\" rel=\"noopener\">ac\u00e1<\/a><\/strong>. Esta segunda parte, la pod\u00e9s escuchar <strong><a href=\"https:\/\/radiocut.fm\/audiocut\/entrevista-a-lito-borello-parte-ii-si-no-refundamos-estado-nada-va-a-cambiar\/\" target=\"_blank\" rel=\"noopener\">ac\u00e1<\/a><\/strong>, o leerla a continuaci\u00f3n:<\/p>\n<p><b>FM Riachuelo:<\/b> <b>Estamos en esta segunda ola, y eso abruma \u00bfc\u00f3mo la ves y qu\u00e9 mensaje compartirle a los compa\u00f1eros frente a estos desaf\u00edos? Pensamos sobre todo en aquellos que siguen en lo cotidiano poni\u00e9ndole el cuerpo a esta pandemia.<\/b><\/p>\n<p><b>Lito Borello:<\/b><span style=\"font-weight: 400\"> Hace unos meses atr\u00e1s, cuando todav\u00eda no empezaba a asomar esta segunda ola, pero se hac\u00eda como muy necesario recorrer un balance de lo que fue el a\u00f1o pasado, decidimos hacerlo. Lo pudimos recorrer en el marco de las organizaciones, en el marco de instrumentos que \u00edbamos construyendo al calor de la necesidad urgente pero de tipo comunitario, en donde la cultura del encuentro, la solidaridad, el que nadie se salva solo y una cantidad de argumentos formidables que tienen que ver no con el construir el otro mundo posible no dentro de tres siglos, sino hoy todos los d\u00edas y entre todos, no el mejor o la mejor, sino el entre todos, es superador del mejor de cualquiera de nosotros. Nos fuimos dando cuenta que la pandemia, si bien tiene un eje de car\u00e1cter sanitario, fundamentalmente tiene una ra\u00edz pol\u00edtica, que muchas veces se la oculta, se la tapa para que quede como un fen\u00f3meno que tenemos que dirimir, entender y solucionar desde una situaci\u00f3n sanitaria. Y en las organizaciones lo dijimos el a\u00f1o pasado: esto tiene una matriz pol\u00edtica, jam\u00e1s sabremos si alguien en alg\u00fan lado inocul\u00f3 este bichito, pero est\u00e1 claro que estas cosas pasan por lo que generan estos modelos de dominaci\u00f3n mundial, estos sistemas hegem\u00f3nicos mundiales que m\u00e1s tarde o m\u00e1s temprano, m\u00e1s all\u00e1 de la manipulaci\u00f3n de los poderosos en sus peleas, terminan generando situaciones como estas. Algo que hace d\u00e9cadas fue denunciado, nada menos que por ejemplo Fidel hace 40 a\u00f1os atr\u00e1s.<\/span><\/p>\n<p><span style=\"font-weight: 400\">En ese sentido creo que nosotros debemos volver a las fuentes, a resolver esto de manera comunitaria, a resolver esto entendiendo que nos est\u00e1n metiendo en una guerra, una guerra que nosotros no elegimos, pero una guerra que no la vamos a poder\u00a0 borrar solamente desde la intencionalidad ni esperando que en alg\u00fan momento se acuerden de nosotros.\u00a0 Esto se resuelve con m\u00e1s organizaci\u00f3n, con m\u00e1s unidad, con m\u00e1s lucha y con el amor y la fraternidad, que desde el subsuelo de la patria sublevado, fueron quienes pusieron cientos de ollas populares el a\u00f1o pasado.<\/span><\/p>\n<p><span style=\"font-weight: 400\">La verdad que deber\u00edan haber medidas mucho m\u00e1s dr\u00e1sticas tambi\u00e9n. No puede ser que los poderosos sigan acumulando paladas de plata y que no haya medidas de car\u00e1cter urgente en funci\u00f3n de lo complejo y lo dif\u00edcil que tiene esta situaci\u00f3n. La verdad que se deber\u00eda hacer de recursos de los poderosos al servicio del conjunto de los pueblos. Hay muchos que piden que la deuda tiene que ser condonada, que tiene que haber subsidios m\u00e1s de car\u00e1cter universal. Lo que est\u00e1 claro es que no se puede vivir en una sociedad con estos niveles de injusticia, estos niveles de asimetr\u00eda son insoportables y es imposible imaginar paz y democracias con la injusticia que hay presente. Por lo tanto creo que hay que bajar un cambio, que no nos hagan la cabeza, apelar a la memoria hist\u00f3rica de nuestro pueblo, ir al barrio, ir a las organizaciones populares y ver como nuevamente en conjunto y colectivamente salimos, porque nadie se salva solo.<\/span><\/p>\n<p><b>FMR: Nosotros ac\u00e1 en la radio decimos \u201capag\u00e1 la tele, prend\u00e9 la radio de tu barrio\u201d, pero a veces la prendemos y vemos las cosas que pasan (seg\u00fan los que manejan los medios). En este momento por ejemplo es la tensi\u00f3n entre Alberto y Larreta por las medidas que se tomaron. \u00bfEsa es la principal contradicci\u00f3n pol\u00edtica del momento, o hay m\u00e1s cosas atr\u00e1s?<\/b><\/p>\n<p><b>LB:<\/b><span style=\"font-weight: 400\"> Me dec\u00eda una compa\u00f1era el otro d\u00eda, que est\u00e1bamos pensando en organizar una actividad, \u201cyo mucho no entiendo, los escucho pero me mareo, porque no me acuerdo cual es la rusa, cu\u00e1l es la china, pero se est\u00e1n matando por intereses no quien salva m\u00e1s vidas, a ver qui\u00e9n pone la rusa qui\u00e9n pone la china\u201d. La verdad que hay una lectura silvestre, visceral de nuestra gente, que advierte que la pelea en la superestructura no tiene que ver con salvar vidas sino con una disputa que sigue profundizando la crisis de representatividad sobre la clase institucional, la clase pol\u00edtica, lo que realmente preocupa porque esto no le hace bien a nadie. Creo que se deber\u00edan haber tomado medidas antes, eso implica tocar intereses; se deber\u00edan haber tocado esos intereses ya el a\u00f1o pasado y a la vez deber\u00edan haber convocado a nuestro pueblo a jugar un papel activo. Est\u00e1n m\u00e1s preocupados a ver si en alg\u00fan barrio o en alg\u00fan lugar la situaci\u00f3n genera alg\u00fan desborde, y la verdad que esto no pas\u00f3 el a\u00f1o pasado. La verdad que primero pusieron los milicos y despu\u00e9s las fuerzas de seguridad, y los compa\u00f1eros organizaban las ollas, organizaban el merendero, y los compa\u00f1eros vieron c\u00f3mo resolv\u00edan cuando en una familia aparec\u00eda una persona infectada. Ya tendr\u00edan que haber apelado a los movimientos populares, deber\u00edan haber dado instrumentos concretos a las organizaciones populares para poder hacer esto en los territorios, con toda la experiencia que se tuvo el a\u00f1o pasado. No alcanza con ponerle a una ley Ramona, y agarrar alguna ley asistencial a nombre de cada compa\u00f1ero y compa\u00f1era que dio la vida en la primera l\u00ednea de combate. En el Movimiento Popular Los Pibes creemos que deber\u00eda haber un alt\u00edsimo grado de protagonismo de los movimientos populares, de las organizaciones libres del pueblo, de los trabajadores del Estado, de los trabajadores de la salud, de los trabajadores en general.<\/span><\/p>\n<p><span style=\"font-weight: 400\">Cuando los trabajadores, con patr\u00f3n sin patr\u00f3n, no son la columna vertebral y la cabeza de los procesos de transformaci\u00f3n, los destinos terminan yendo para otros lados en cosm\u00e9tica y paliativos. Creemos que se deber\u00edan tomar medidas mucho m\u00e1s audaces, mucho m\u00e1s dr\u00e1sticas y llamar a nuestro pueblo. Nuestro pueblo est\u00e1 cansado de dar se\u00f1ales, de que est\u00e1 en la primera l\u00ednea, de que estamos a disposici\u00f3n. Que toquen el pito que vamos a Plaza de Mayo a juntar todo lo necesario para realmente solucionar estas cosas. Hay grandes intereses y desde las pujas partidocr\u00e1ticas no se van a resolver.<\/span><\/p>\n<p><b>FMR: En un mundo en que la pandemia vino a poner blanco sobre negro, \u00bfque oportunidad tenemos los pueblos de cambiar el mundo hacia un mundo m\u00e1s justo para los nuestros?<\/b><\/p>\n<p><b>LB:<\/b><span style=\"font-weight: 400\"> Nosotros estamos profundamente optimistas. Hay un modelo y un paradigma de sociedad que solo le ofrece al mundo hambre, miseria, guerra y muerte; un proyecto de muerte. Hoy m\u00e1s que nunca los pueblos advierten que tenemos el derecho humano de construir otra sociedad, de construir otro mundo posible, un mundo donde quepan todos los mundos, al decir zapatista. Yo creo que nuestros pueblos est\u00e1n caminando hacia la liberaci\u00f3n. Sin ninguna duda tenemos complejidades, como este nivel de atomizaci\u00f3n, este nivel de dispersi\u00f3n, una crisis y una acefal\u00eda de conducci\u00f3n pol\u00edtica tambi\u00e9n porque hay una dirigencia perimida, hay una dirigencia en la cual yo me incluyo, no hemos estado a la altura de las circunstancias. Pero la verdad es que nuestros pueblos vienen empujando.<\/span><\/p>\n<p><span style=\"font-weight: 400\">No va a ser f\u00e1cil, para nada, esto no es un optimismo cerrado, no va a ser sencillo pero la verdad es que estamos ante la oportunidad hist\u00f3rica de construir esa alternativa. Y Francisco nos alienta, Francisco, que es una inspiraci\u00f3n para los movimientos populares, nos alienta porque primero describe a esa sociedad que est\u00e1 muriendo claramente, mejor que nadie. y por otro lado porque nos alienta y nos dice, ustedes son sujetos de transformaci\u00f3n: los movimientos populares, y entiendo a los movimientos populares no solamente aquellos que tradicionalmente venimos de los movimientos territoriales, hay tambi\u00e9n en todo el universo del mundo de los trabajadores un proceso de reformulaci\u00f3n. Los instrumentos viejos est\u00e1n quedando cada vez m\u00e1s viejos y sin ponerse a la altura de las circunstancias. Y hay un proceso de reformulaci\u00f3n de la clase trabajadora, que tambi\u00e9n est\u00e1 en busca de esos nuevos instrumentos.<\/span><\/p>\n<p><span style=\"font-weight: 400\">Bienvenido sea estas luchas que se vienen dando en todo el mundo. Si bien hay n\u00fameros adversos en el plano de lo electoral, tambi\u00e9n es cierto que los pueblos vienen manifestando una capacidad de pelea, una capacidad de lucha inquebrantable y que el mundo est\u00e1 regado por estas luchas. Nosotros tenemos un fuerte optimismo,\u00a0 creemos que hay condiciones y ni que hablar que en la Argentina es necesario, no solamente reformar la constituci\u00f3n sino ir hacia una Asamblea Constituyente que reformule la Naci\u00f3n, que reformule la Constituci\u00f3n, que reformule el Estado, un estado transformador, un estado revolucionario para una democracia popular, para una democracia de calle, para una democracia m\u00e1s directa. Ya no alcanza con que solo nos inviten cada tanto a poner un papelito en la caja de cart\u00f3n.<\/span><\/p>\n<p><b>FMR: Hay otro efecto muy fuerte en la trama de poder que ven\u00eds se\u00f1alando, que tambi\u00e9n se expresa con fuerza en los medios de comunicaci\u00f3n: se invisibiliza permanentemente el rol de los Pueblos y sus organizaciones, todo invita a mirarlo desde la tribuna \u00bfc\u00f3mo se hace para recuperar un protagonismo que permita encauzar este momento en favor de los Pueblos?<\/b><\/p>\n<p><b>LB:<\/b><span style=\"font-weight: 400\"> Evidentemente hay una direccionalidad en la artiller\u00eda comunicacional para que suceda esto, para quebrar la voluntad de lucha. Hoy cuando llegu\u00e9 a la f\u00e1brica, me cruc\u00e9 con una compa\u00f1era del barrio que hac\u00eda mucho que no ve\u00eda, y me pregunt\u00f3 \u201c\u00bfqu\u00e9 va a pasar, el lunes hay escuela, no hay escuela, que hago con los chicos?\u201d. Nos van metiendo esta incertidumbre en la cabeza de los compa\u00f1eros en el territorio. Hay que poder mirar m\u00e1s a largo plazo, levantar la vista que el ruido medi\u00e1tico no nos ensordezca, que el ruido que nos intenta aturdir para marearnos no lo logre, y tratar de pensar en la necesidad de acumular fuerzas para ir por otro mundo, por otra sociedad, por otra situaci\u00f3n.<\/span><\/p>\n<p><span style=\"font-weight: 400\">En los movimientos populares hablamos de la econom\u00eda popular, no como la resoluci\u00f3n para el mientras tanto; cada vez m\u00e1s la econom\u00eda popular es una de las maneras de ir construyendo en el hoy ese otro mundo posible. Una manera de comercializaci\u00f3n diferente, una manera de producir distinta, una manera de relacionarnos entre nosotros, entre quien produce y quien consume cada una de las cosas que se elabora, un modo diferente. Por eso los movimientos populares denodadamente tratamos de explicarle a los gobiernos y al estado que necesitamos instrumentos. Las organizaciones no queremos el asistencialismo, no queremos los planes, no queremos que nos inunden con kilos y kilos de polenta y mercader\u00eda. Necesitamos una transformaci\u00f3n que haga de la econom\u00eda popular realmente uno de los instrumentos de la econom\u00eda. Por lo tanto esos instrumentos y la econom\u00eda popular es una manera de ir construyendo la alternativa hoy, y no solamente resistir a los impactos que nos da la pol\u00edtica globalizadora del enemigo.<\/span><\/p>\n<p><span style=\"font-weight: 400\">Por otro lado necesitamos cambiar la l\u00f3gica del pesimismo que nos intentan poner y como dicen los campesinos de la v\u00eda campesina, hay que globalizar la esperanza. Es momento de construir la cultura del encuentro, de hacer fecunda la esperanza de lo que viene, en los compa\u00f1eros, en nuestros pibes, en nuestras pibas, en nuestros hijos, en nuestros familiares m\u00e1s j\u00f3venes, m\u00e1s chicos y trabajar para que esa incertidumbre pero fundamentalmente esa bronca, esa rabia que nos dan las injusticias la podamos transformar en m\u00e1s organizaci\u00f3n y en lucha. Es momento de asumir la construcci\u00f3n de nuestro propio destino, que tenemos que dejar de esperar que el que llegue de turno, se acuerde de nosotros y por supuesto que para eso estos cambios no vienen gratis, se conquistan. Sin ninguna duda la conquista implica costos, pero m\u00e1s costos implica no luchar.<\/span><\/p>\n<p><span style=\"font-weight: 400\">De alguna manera todos sabemos que nos vamos a morir, pero cada uno de nosotros tenemos la oportunidad de elegir c\u00f3mo queremos vivir. Quienes venimos del Movimiento Popular Los Pibes decimos que al Oso no hay que llorarlo, hay que imitarlo en su combate cotidiano y en la construcci\u00f3n de un destino distinto de una sociedad distinta. Como dice la UTEP, ac\u00e1 no se rinde nadie, hay que luchar hasta vencer.<\/span><\/p>\n<p><b>FMR:<\/b> <b>\u00bfCu\u00e1l deber\u00eda ser la funci\u00f3n del Estado para revertir esas injusticias que nuestro pueblo padece?<\/b><\/p>\n<p><b>LB:<\/b><span style=\"font-weight: 400\"> Si no refundamos este Estado, el que hoy existe, m\u00e1s all\u00e1 de sus trabajadores, es un estado para que nada cambie, es un estado burocr\u00e1tico que todo lo traba, que inhibe inclusive la potencialidad de los trabajadores que muchas veces tienen en su esp\u00edritu y en su historia la defensa de la soberan\u00eda, la defensa de lo nacional, la defensa de sus intereses. Y si no transformamos este Estado y no reformulamos la Naci\u00f3n, va a ser muy dif\u00edcil. Cada vez m\u00e1s los movimientos populares tenemos que articular con las organizaciones sindicales, fundamentalmente con los trabajadores del estado, de la salud, de la educaci\u00f3n, porque tenemos un desaf\u00edo por delante que no es bancarnos este estado, sino perforar el techo a trav\u00e9s de la participaci\u00f3n de la articulaci\u00f3n y de la lucha.\u00a0\u00a0\u00a0\u00a0\u00a0\u00a0\u00a0\u00a0\u00a0\u00a0\u00a0\u00a0\u00a0\u00a0<\/span><\/p>\n<p>&nbsp;<\/p>\n<p>&nbsp;<\/p>\n","protected":false},"excerpt":{"rendered":"<p>[FM Riachuelo, 18\/4\/2021] Los contextos que vive nuestro pueblo se vuelven cada d\u00eda m\u00e1s complejos, con una incertidumbre reinante que es alimentada d\u00eda a d\u00eda por los poderosos. En un segmento especial en el programa Romp\u00e9 el Cerco, Lito Borello, secretario de Derechos Humanos de la Uni\u00f3n de Trabajadores y Trabajadoras de la Econom\u00eda Popular [&hellip;]<\/p>\n","protected":false},"author":5,"featured_media":13318,"comment_status":"closed","ping_status":"closed","sticky":false,"template":"","format":"standard","meta":{"_monsterinsights_skip_tracking":false,"_monsterinsights_sitenote_active":false,"_monsterinsights_sitenote_note":"","_monsterinsights_sitenote_category":0,"jnews-multi-image_gallery":[],"jnews_single_post":{"format":"standard"},"jnews_primary_category":[],"_joinchat":[],"footnotes":""},"categories":[82,63,79,76],"tags":[],"class_list":["post-13320","post","type-post","status-publish","format-standard","has-post-thumbnail","hentry","category-derechos-humanos","category-entrevista-riachuelo","category-nadie-se-salva-solo","category-salud-comunitaria"],"_links":{"self":[{"href":"http:\/\/fmriachuelo.it10.com.ar\/index.php\/wp-json\/wp\/v2\/posts\/13320","targetHints":{"allow":["GET"]}}],"collection":[{"href":"http:\/\/fmriachuelo.it10.com.ar\/index.php\/wp-json\/wp\/v2\/posts"}],"about":[{"href":"http:\/\/fmriachuelo.it10.com.ar\/index.php\/wp-json\/wp\/v2\/types\/post"}],"author":[{"embeddable":true,"href":"http:\/\/fmriachuelo.it10.com.ar\/index.php\/wp-json\/wp\/v2\/users\/5"}],"replies":[{"embeddable":true,"href":"http:\/\/fmriachuelo.it10.com.ar\/index.php\/wp-json\/wp\/v2\/comments?post=13320"}],"version-history":[{"count":1,"href":"http:\/\/fmriachuelo.it10.com.ar\/index.php\/wp-json\/wp\/v2\/posts\/13320\/revisions"}],"predecessor-version":[{"id":22838,"href":"http:\/\/fmriachuelo.it10.com.ar\/index.php\/wp-json\/wp\/v2\/posts\/13320\/revisions\/22838"}],"wp:featuredmedia":[{"embeddable":true,"href":"http:\/\/fmriachuelo.it10.com.ar\/index.php\/wp-json\/"}],"wp:attachment":[{"href":"http:\/\/fmriachuelo.it10.com.ar\/index.php\/wp-json\/wp\/v2\/media?parent=13320"}],"wp:term":[{"taxonomy":"category","embeddable":true,"href":"http:\/\/fmriachuelo.it10.com.ar\/index.php\/wp-json\/wp\/v2\/categories?post=13320"},{"taxonomy":"post_tag","embeddable":true,"href":"http:\/\/fmriachuelo.it10.com.ar\/index.php\/wp-json\/wp\/v2\/tags?post=13320"}],"curies":[{"name":"wp","href":"https:\/\/api.w.org\/{rel}","templated":true}]}}