{"id":13307,"date":"2021-04-09T18:27:41","date_gmt":"2021-04-09T18:27:41","guid":{"rendered":"http:\/\/fmriachuelo.com.ar\/?p=13307"},"modified":"2025-02-14T14:24:47","modified_gmt":"2025-02-14T17:24:47","slug":"le-quieren-echar-la-culpa-al-muerto","status":"publish","type":"post","link":"http:\/\/fmriachuelo.it10.com.ar\/index.php\/2021\/04\/09\/le-quieren-echar-la-culpa-al-muerto\/","title":{"rendered":"LE QUIEREN ECHAR LA CULPA AL MUERTO"},"content":{"rendered":"<p><strong>[*Por Colectivo de Medios Populares, 9\/04\/2021]\u00a0Desde el 2 de marzo se desarrolla el juicio oral por el homicidio doblemente agravado de Cristopher \u201cBocha\u201d Rego. Por el hecho se est\u00e1 juzgando a siete ex integrantes de la Prefectura Naval Argentina, exonerados de la fuerza y procesados por los delitos de homicidio doblemente agravado por el uso de arma de fuego y por ser integrante de una fuerza de seguridad; abandono de persona seguido de muerte y encubrimiento y encubrimiento doblemente agravado. En la \u00faltima jornada declar\u00f3 Jorge Rego, pap\u00e1 del Bocha.\u00a0Dialogamos con \u00e9l sobre c\u00f3mo est\u00e1 viviendo el juicio, qu\u00e9 implica declarar para un familiar y las expectativas de la resoluci\u00f3n del proceso judicial. La pr\u00f3xima audiencia ser\u00e1 el martes 20 de abril y se espera la declaraci\u00f3n del ex prefecto Pablo Brites. <\/strong><\/p>\n<p><strong>-\u00bfC\u00f3mo est\u00e1s viviendo el proceso del juicio?\u00a0<\/strong><\/p>\n<p>-Jorge Rego: Por momentos muy nervioso y por momentos tranquilo, esa es la realidad de c\u00f3mo estoy atravesando el juicio del Bocha.<\/p>\n<p><strong>-El martes pasado declaraste\u00a0como testigo \u201cde concepto\u201d\u00a0porque no estuviste en el hecho, pero sos el padre de la v\u00edctima \u00bfPor qu\u00e9 quisiste declarar? \u00bfQu\u00e9 implica para vos, como pap\u00e1, el hecho en s\u00ed de declarar?\u00a0<\/strong><\/p>\n<p>-JR: Insist\u00ed en declarar para que los jueces, los fiscales y todos los abogados que est\u00e1n ah\u00ed sepan qui\u00e9n era el Bocha. Porque en ning\u00fan momento hablaron de qui\u00e9n era mi hijo, entonces sent\u00eda la necesidad de declarar. Entre algunas cosas coment\u00e9 que al Bocha le quitaron la vida con 26 a\u00f1os reci\u00e9n cumplidos por no parar un control vehicular. \u00c9l no muri\u00f3, lo mataron a los veintis\u00e9is a\u00f1os, sin saber lo que era un arma, jam\u00e1s tuvo un arma, nunca, jam\u00e1s. Nunca conoci\u00f3 una comisar\u00eda el Bocha, nunca lo arrestaron. Jam\u00e1s estuvo preso. Y lo mataron por matar. Por no parar en un control vehicular, solamente por eso.<\/p>\n<p>Soy el padre pero estoy diciendo la verdad. Yo tengo cuatro hijos varones, contando al Bocha que era el m\u00e1s chiquito. Y viste, la gente te pregunta \u00ab\u00bfqu\u00e9 te gustar\u00eda que sean cuando sean grandes?\u00bb \u00bfQu\u00e9 s\u00e9 yo?, m\u00e9dico, abogado, juez, veterinario dice la gente\u2026 Y yo a toda la gente le respond\u00eda \u00abque sea buena gente\u00bb y con el Bocha lo logr\u00e9. Eso tambi\u00e9n lo dije. Al entierro de Bocha fueron aproximadamente unas 500 personas a despedirlo. Para un pibe com\u00fan, de barrio c\u00f3mo era Bocha, me parece demasiado. Yo jam\u00e1s v\u00ed tanta cantidad de gente en un velorio como el de mi hijo Bocha. Tambi\u00e9n dije que le hicieron cinco murales, le dedicaron una canci\u00f3n del grupo Mandale Cumbia, sobre el gatillo f\u00e1cil, lo nombran a Bocha, a la familia Rego. Que era hincha de Hurac\u00e1n, como todos nosotros, yo lo hice hincha llev\u00e1ndolo de la manito a la cancha y haciendo que juegue en las inferiores, en el baby, jug\u00f3 en cancha grande y le hicieron una bandera que cada vez que juega Hurac\u00e1n la ponen en la cancha.<\/p>\n<p><strong>-Distintxs familiares de otros casos de violencia policial les estuvieron acompa\u00f1ando \u00bfc\u00f3mo se siente ese acompa\u00f1amiento y todo el proceso de lucha por justicia?\u00a0<\/strong><\/p>\n<p>-JR: Siento que las Madres del Dolor, de la Marcha Nacional contra el gatillo f\u00e1cil, que la mayor\u00eda son mujeres, son mi segunda familia. Lo digo y lo siento as\u00ed, nos apoyamos en todo. Yo siempre digo que despu\u00e9s de que mataron al Bocha yo no ten\u00eda idea que en el pa\u00eds pasaban estas cosas con las fuerzas de seguridad. No ten\u00eda idea que mataban a los pibes. Me enter\u00e9 porque hicimos una marcha de la puerta de mi casa hasta Caseros y La Rioja, el coraz\u00f3n de Parque Patricios, la familia sali\u00f3 a la calle, vino much\u00edsima gente, y ah\u00ed se present\u00f3 Emilia Vasallo, con Roxana Cainzos y Alfredo Cuellar, y me comentaron las cosas que pasaban y que nos ven\u00edan a apoyar. A trav\u00e9s del tiempo las conoc\u00ed bien conocidas -no solo a ellas sino a muchas madres m\u00e1s, imagInate hay 7100 casos registrados de gatillo f\u00e1cil- y son mi segunda familia. Me dieron total apoyo de entrada. Salimos a marchar por la muerte de nuestros hijos y para que de una vez por todas terminen de asesinar a chicos como el Bocha, Paly Alcorta, Nehuen Rodr\u00edguez.<\/p>\n<p><strong>-\u00bfQu\u00e9 expectativa ten\u00e9s para la resoluci\u00f3n del juicio?<\/strong><\/p>\n<p>-JR: Las expectativas para la resoluci\u00f3n del juicio, por lo que yo presiento y veo, son muy buenas. Me da la impresi\u00f3n que los jueces son imparciales y el negro Soares y Rosario son nuestros abogados que son muy buenos, los fiscales tambi\u00e9n. Y hay pruebas muy contundentes, hay videos muy contundentes, contra eso va a ser muy dif\u00edcil que alguno zafe. Pablo Miguel Brites fue el asesino de mi hijo y creo que ser\u00eda imposible que zafe. L\u00f3pez y Carrizo est\u00e1n involucrados por encubrimiento seguido de muerte. Lucila Carrizo fue con L\u00f3pez y Brites, se tomaron un Uber hasta el lugar donde el Bocha choca. Al Bocha le\u00a0 pegaron dos balazos en Ancasta e Iguaz\u00fa, el que lo mat\u00f3 fue por la espalda, as\u00ed que adem\u00e1s de asesino, cobarde. Sin ninguna necesidad, por evadir un control vehicular solamente. A las 3 cuadras, el Bocha choca. Se toman un Uber hasta ese lugar, miran y Britez les dice \u201cv\u00e1monos\u201d. No asistieron al Bocha, no llamaron al Same\u2026 as\u00ed que no solo lo mataron sino que lo dejaron morir. Despu\u00e9s declar\u00f3 un testigo, que lo encontr\u00f3 uno de mis hijos. Y tambi\u00e9n declar\u00f3 uno de los jefes m\u00e1ximos de Prefectura, dijo que estaban asignados para estar en el Pabell\u00f3n 70, dentro de la Villa Zavaleta, pero estaban donde quer\u00edan, en Alcorta e Iguaz\u00fa, que no era el lugar que les correspond\u00eda, estaban fuera de jurisdicci\u00f3n. Dijo que no estaban asignados para hacer control vehicular. O sea,estaban haciendo lo que quer\u00edan. Que ten\u00edan la obligaci\u00f3n de informarle a \u00e9l. Pero lo mataron al Bocha y no le dijeron nada, incluso le dijeron que hab\u00eda sido una noche normal. Al otro d\u00eda por la tarde noche se entera el jefe del operativo porque fueron a verlo gente de Homicidios, averigu\u00f3 qui\u00e9nes estaban en esa zona y ah\u00ed dio los datos y las direcciones y fueron a detenerlos. Al Bocha lo mataron el domingo a la madrugada y el martes al mediod\u00eda ya estaban todos presos.<\/p>\n<p>Y despu\u00e9s, como es evidente de parte de los abogados defensores, dicen que el Bocha quiso atropellar a Brites. En realidad, como Bocha esquiva a Brites, su \u00faltima decisi\u00f3n lo llev\u00f3 a la muerte. Brites le dispara dos balazos. O sea le quieren echar la culpa al muerto. No tienen verg\u00fcenza. Despu\u00e9s tambi\u00e9n dijeron que el Bocha pod\u00eda haber muerto por el choque a las tres cuadras. El m\u00e9dico forense dej\u00f3 bien en claro que hab\u00eda muerto por el disparo por la espalda que le hab\u00eda arruinado todos los \u00f3rganos. Dec\u00edan que la 9 mil\u00edmetros era un arma repetitiva. Qu\u00e9 quer\u00e9s disparar un solo balazo y salen dos, por ejemplo, insinuando que a Brites se le escap\u00f3 el segundo balazo. El perito bal\u00edstico dej\u00f3 en claro que fue un balazo y a los segundos dispar\u00f3 un segundo y que lo hizo con toda la intenci\u00f3n.<\/p>\n<p>En definitiva, me lo mataron por evadir un control vehicular. Hab\u00eda comprado una camioneta hac\u00eda una semana, o dos a lo sumo, y le faltaban papeles, le deb\u00eda 20 lucas al suegro, diez a un amigo m\u00edo al que le compr\u00f3 la camioneta que termin\u00f3 siendo su ata\u00fad, y por eso no para. Estaba yendo a buscar a su mujer y a su hijo a un cumplea\u00f1os, no estaba haciendo nada raro. Lo mataron, encubrieron el caso, y encima le quieren echar la culpa al muerto. Pero estoy tranquilo, yo creo que va a salir todo bien, tengo mucha fe.<\/p>\n<p><em><strong>*FM Riachuelo \/ Revista Resistencias \/ La Retaguardia \/ Revoluciones \/ Sur Capitalino<\/strong><\/em><\/p>\n","protected":false},"excerpt":{"rendered":"<p>[*Por Colectivo de Medios Populares, 9\/04\/2021]\u00a0Desde el 2 de marzo se desarrolla el juicio oral por el homicidio doblemente agravado de Cristopher \u201cBocha\u201d Rego. Por el hecho se est\u00e1 juzgando a siete ex integrantes de la Prefectura Naval Argentina, exonerados de la fuerza y procesados por los delitos de homicidio doblemente agravado por el uso [&hellip;]<\/p>\n","protected":false},"author":5,"featured_media":13308,"comment_status":"closed","ping_status":"closed","sticky":false,"template":"","format":"standard","meta":{"_monsterinsights_skip_tracking":false,"_monsterinsights_sitenote_active":false,"_monsterinsights_sitenote_note":"","_monsterinsights_sitenote_category":0,"jnews-multi-image_gallery":[],"jnews_single_post":{"format":"standard"},"jnews_primary_category":[],"_joinchat":[],"footnotes":""},"categories":[143,144],"tags":[],"class_list":["post-13307","post","type-post","status-publish","format-standard","has-post-thumbnail","hentry","category-colectivo-de-medios-populares","category-violencia-institucional"],"_links":{"self":[{"href":"http:\/\/fmriachuelo.it10.com.ar\/index.php\/wp-json\/wp\/v2\/posts\/13307","targetHints":{"allow":["GET"]}}],"collection":[{"href":"http:\/\/fmriachuelo.it10.com.ar\/index.php\/wp-json\/wp\/v2\/posts"}],"about":[{"href":"http:\/\/fmriachuelo.it10.com.ar\/index.php\/wp-json\/wp\/v2\/types\/post"}],"author":[{"embeddable":true,"href":"http:\/\/fmriachuelo.it10.com.ar\/index.php\/wp-json\/wp\/v2\/users\/5"}],"replies":[{"embeddable":true,"href":"http:\/\/fmriachuelo.it10.com.ar\/index.php\/wp-json\/wp\/v2\/comments?post=13307"}],"version-history":[{"count":1,"href":"http:\/\/fmriachuelo.it10.com.ar\/index.php\/wp-json\/wp\/v2\/posts\/13307\/revisions"}],"predecessor-version":[{"id":22841,"href":"http:\/\/fmriachuelo.it10.com.ar\/index.php\/wp-json\/wp\/v2\/posts\/13307\/revisions\/22841"}],"wp:featuredmedia":[{"embeddable":true,"href":"http:\/\/fmriachuelo.it10.com.ar\/index.php\/wp-json\/"}],"wp:attachment":[{"href":"http:\/\/fmriachuelo.it10.com.ar\/index.php\/wp-json\/wp\/v2\/media?parent=13307"}],"wp:term":[{"taxonomy":"category","embeddable":true,"href":"http:\/\/fmriachuelo.it10.com.ar\/index.php\/wp-json\/wp\/v2\/categories?post=13307"},{"taxonomy":"post_tag","embeddable":true,"href":"http:\/\/fmriachuelo.it10.com.ar\/index.php\/wp-json\/wp\/v2\/tags?post=13307"}],"curies":[{"name":"wp","href":"https:\/\/api.w.org\/{rel}","templated":true}]}}