{"id":13300,"date":"2021-04-08T23:41:33","date_gmt":"2021-04-08T23:41:33","guid":{"rendered":"http:\/\/fmriachuelo.com.ar\/?p=13300"},"modified":"2025-02-14T14:25:36","modified_gmt":"2025-02-14T17:25:36","slug":"la-boca-reclaman-vacunas-para-trabajadores-de-comedores","status":"publish","type":"post","link":"http:\/\/fmriachuelo.it10.com.ar\/index.php\/2021\/04\/08\/la-boca-reclaman-vacunas-para-trabajadores-de-comedores\/","title":{"rendered":"LA BOCA: RECLAMAN VACUNAS PARA TRABAJADORES DE COMEDORES"},"content":{"rendered":"<p><strong>[FM Riachuelo, 8\/4\/2021] <\/strong><strong>Ante la llegada de la segunda ola de COVID-19 y el aumento sostenido de contagios en la Ciudad de Buenos Aires, los centros comunitarios y comedores del barrio de La Boca comenzar\u00e1n a realizar, los d\u00edas jueves, acciones para que el Gobierno de la Ciudad priorice la vacunaci\u00f3n de los trabajadores del sector y atienda los reclamos que vienen efectuando desde el inicio de la pandemia.<\/strong><\/p>\n<p>Fm Riachuelo convers\u00f3 con Lidia L\u00f3pez, referente del comedor Esperanza de la Boca, para que nos explique la situaci\u00f3n general y este reclamo urgente. Lidia aclara que desde el comienzo de la pandemia, ning\u00fan comedor de la ciudad cerr\u00f3 sus puertas, al contrario la demanda de comida creci\u00f3 exponencialmente. \u00abEl 2020 fue un a\u00f1o muy duro para todos, a pesar de esto los comedores mantuvieron sus puertas abiertas arregl\u00e1ndose como pudieron para sostener las raciones de comida diaria que entregan y a la vez destaca que comenzaron a surgir\u00a0 ollas populares porque no se daba a basto\u00bb destac\u00f3 la referente .<\/p>\n<p>Durante todo el a\u00f1o pasado realizaron reclamos, por las v\u00edas institucionales, solicitando \u00a0aumentos de raciones, que se mejore la calidad de los alimentos y tambi\u00e9n la provisi\u00f3n de elementos de higiene necesarios para la tarea a realizar, reclamos que el GCBA atendi\u00f3 de forma parcial y en la gran mayor\u00eda hizo o\u00eddos sordos.<\/p>\n<p>Hoy ante la llegada de la segunda ola, es imprescindible que los trabajadores del sector como todos los que est\u00e1n frente a ollas populares, considerados esenciales, sean vacunados para poder seguir brindando el servicio de forma segura. \u00a0<em>\u201cHoy no nos tienen en cuenta para un mont\u00f3n de cosas, pero estamos hablando de la vida, de poder vacunarnos para esta gran ola, que ya est\u00e1, y vemos que no hay perspectivas desde el ministerio de vacunarnos, ni hablan de vacunar a los que trabajamos en los comedores.\u201d <\/em><\/p>\n<p>Lidia aclara que no son solo los trabajadores los que reclaman, tambi\u00e9n las familias asistidas lo hacen \u201cEstamos ante un gobierno de la ciudad muy ausente, pero la gente va a acompa\u00f1ar esta lucha, porque si nosotros cerramos muchas familias quedar\u00e1n sin que comer.\u201d<\/p>\n<p>Para cerrar, nos cuenta que es lo que est\u00e1n organizando<em>, \u201cEl d\u00eda s\u00e1bado vamos a hacer una reuni\u00f3n al aire libre en una plaza y vamos a definir los pasos a seguir, por el momento lo que queremos hacer es un corte de media hora en Patricios y Suarez, y en el lugar iremos diagramando como seguimos, con m\u00e1s asambleas u con ollas, porque la idea es hacerlo todos los jueves hasta que nos den bolilla.\u201d<\/em><\/p>\n","protected":false},"excerpt":{"rendered":"<p>[FM Riachuelo, 8\/4\/2021] Ante la llegada de la segunda ola de COVID-19 y el aumento sostenido de contagios en la Ciudad de Buenos Aires, los centros comunitarios y comedores del barrio de La Boca comenzar\u00e1n a realizar, los d\u00edas jueves, acciones para que el Gobierno de la Ciudad priorice la vacunaci\u00f3n de los trabajadores del [&hellip;]<\/p>\n","protected":false},"author":5,"featured_media":12045,"comment_status":"closed","ping_status":"closed","sticky":false,"template":"","format":"standard","meta":{"_monsterinsights_skip_tracking":false,"_monsterinsights_sitenote_active":false,"_monsterinsights_sitenote_note":"","_monsterinsights_sitenote_category":0,"jnews-multi-image_gallery":[],"jnews_single_post":{"format":"standard"},"jnews_primary_category":[],"_joinchat":[],"footnotes":""},"categories":[79,58,76],"tags":[],"class_list":["post-13300","post","type-post","status-publish","format-standard","has-post-thumbnail","hentry","category-nadie-se-salva-solo","category-noticiariachuelo","category-salud-comunitaria"],"_links":{"self":[{"href":"http:\/\/fmriachuelo.it10.com.ar\/index.php\/wp-json\/wp\/v2\/posts\/13300","targetHints":{"allow":["GET"]}}],"collection":[{"href":"http:\/\/fmriachuelo.it10.com.ar\/index.php\/wp-json\/wp\/v2\/posts"}],"about":[{"href":"http:\/\/fmriachuelo.it10.com.ar\/index.php\/wp-json\/wp\/v2\/types\/post"}],"author":[{"embeddable":true,"href":"http:\/\/fmriachuelo.it10.com.ar\/index.php\/wp-json\/wp\/v2\/users\/5"}],"replies":[{"embeddable":true,"href":"http:\/\/fmriachuelo.it10.com.ar\/index.php\/wp-json\/wp\/v2\/comments?post=13300"}],"version-history":[{"count":1,"href":"http:\/\/fmriachuelo.it10.com.ar\/index.php\/wp-json\/wp\/v2\/posts\/13300\/revisions"}],"predecessor-version":[{"id":22842,"href":"http:\/\/fmriachuelo.it10.com.ar\/index.php\/wp-json\/wp\/v2\/posts\/13300\/revisions\/22842"}],"wp:featuredmedia":[{"embeddable":true,"href":"http:\/\/fmriachuelo.it10.com.ar\/index.php\/wp-json\/"}],"wp:attachment":[{"href":"http:\/\/fmriachuelo.it10.com.ar\/index.php\/wp-json\/wp\/v2\/media?parent=13300"}],"wp:term":[{"taxonomy":"category","embeddable":true,"href":"http:\/\/fmriachuelo.it10.com.ar\/index.php\/wp-json\/wp\/v2\/categories?post=13300"},{"taxonomy":"post_tag","embeddable":true,"href":"http:\/\/fmriachuelo.it10.com.ar\/index.php\/wp-json\/wp\/v2\/tags?post=13300"}],"curies":[{"name":"wp","href":"https:\/\/api.w.org\/{rel}","templated":true}]}}