{"id":13293,"date":"2021-04-08T19:53:50","date_gmt":"2021-04-08T19:53:50","guid":{"rendered":"http:\/\/fmriachuelo.com.ar\/?p=13293"},"modified":"2025-02-14T14:26:24","modified_gmt":"2025-02-14T17:26:24","slug":"segunda-vuelta-un-desafio-historico","status":"publish","type":"post","link":"http:\/\/fmriachuelo.it10.com.ar\/index.php\/2021\/04\/08\/segunda-vuelta-un-desafio-historico\/","title":{"rendered":"BOLIVIA: SEGUNDA VUELTA UN DESAFI\u00d3 HIST\u00d3RICO"},"content":{"rendered":"<div class=\"o9v6fnle cxmmr5t8 oygrvhab hcukyx3x c1et5uql ii04i59q\">\n<div dir=\"auto\"><strong>[*Camilo Katari, 08\/04\/2021] El escenario pol\u00edtico, nos presenta un nuevo desafi\u00f3. Se trata de consolidar la democracia como sistema de vida y pr\u00e1ctica cotidiana. La segunda vuelta que definir\u00e1 cuatro gobernaciones en el pa\u00eds tiene, en s\u00ed misma, el contenido de lo que podemos llamar democracia.<\/strong><\/div>\n<div dir=\"auto\"><\/div>\n<\/div>\n<div class=\"o9v6fnle cxmmr5t8 oygrvhab hcukyx3x c1et5uql ii04i59q\">\n<div dir=\"auto\">Es posible que no estemos de acuerdo con los candidatos que hoy son representantes del MAS-IPSP, que tengamos reparos respecto a sus programas y ofrecimientos; pero es necesario abrir el panorama y ver que esta segunda vuelta interesa a la regi\u00f3n (Am\u00e9rica Latina \u2013 Abya Yala) y al mundo. Hace tiempo que Bolivia se encuentra en el tablero mundial de la geopol\u00edtica, por su capacidad de resistencia a los embates neoliberales, por la fuerza de sus movimientos sociales, que no han permitido que volvamos a convertirnos en un \u201cpatio trasero\u201d pese al \u00faltimo intento que fue el golpe de noviembre del 2019.<\/div>\n<div dir=\"auto\"><\/div>\n<\/div>\n<div class=\"o9v6fnle cxmmr5t8 oygrvhab hcukyx3x c1et5uql ii04i59q\">\n<div dir=\"auto\">Como pa\u00eds, somos un referente de lo que un pueblo puede ser capaz cuando tiene claridad en su horizonte hist\u00f3rico, cuando tiene el instrumento pol\u00edtico, conductor de este proceso. El Vivir Bien es la apuesta que desaf\u00eda al pensamiento pol\u00edtico occidental y propone una nueva manera de entender la vida; lejos del capitalismo salvaje. Ah\u00ed radica la importancia de volver a ganar en estas cuatro gobernaciones, porque una victoria es un rev\u00e9s para los imperialistas y para sus agentes internos.<\/div>\n<\/div>\n<div class=\"o9v6fnle cxmmr5t8 oygrvhab hcukyx3x c1et5uql ii04i59q\">\n<div dir=\"auto\">Las razones pol\u00edticas, ideol\u00f3gicas, sociales y econ\u00f3micas, que exigen una victoria, se pueden enumerar por cada departamento de la siguiente manera:<\/div>\n<div dir=\"auto\"><\/div>\n<\/div>\n<div class=\"o9v6fnle cxmmr5t8 oygrvhab hcukyx3x c1et5uql ii04i59q\">\n<div dir=\"auto\">En el caso de Chuquisaca, se tiene que derrotar, definitivamente, el pensamiento feudal-colonial, que aqueja a gran parte de la ciudad de Sucre y a muchas capitales de provincia donde se asientan los viejos \u201cfinqueros\u201d con pretensiones de nobleza y que han mantenido relaciones de dominaci\u00f3n sobre las estructuras comunitarias. Ganar en Chuquisaca es derrotar al fascismo, que quiso gobernar s\u00f3lo una parte de la ciudad de Sucre considerada como civilizada.<\/div>\n<div dir=\"auto\"><\/div>\n<\/div>\n<div class=\"o9v6fnle cxmmr5t8 oygrvhab hcukyx3x c1et5uql ii04i59q\">\n<div dir=\"auto\">La Paz departamento con una densidad de poblaci\u00f3n Aymara, necesita un gobierno departamental, que apoye las pol\u00edticas de Estado, que gobierne de manera arm\u00f3nica con el gobierno central y le devuelva la pujanza econ\u00f3mica y la construcci\u00f3n de un departamento que sintetiza la sociogeograf\u00eda de Bolivia, en esa medida construir un departamento plurinacional e intercultural.<\/div>\n<div dir=\"auto\"><\/div>\n<\/div>\n<div class=\"o9v6fnle cxmmr5t8 oygrvhab hcukyx3x c1et5uql ii04i59q\">\n<div dir=\"auto\">Tarija, ya no es \u201ctu tipo andaluz\u201d tiene su propia identidad y tambi\u00e9n all\u00ed la interculturalidad, est\u00e1 rompiendo la monoton\u00eda de una cultura provinciana, en el sentido de reducida y en manos de familias con poder econ\u00f3mico, o de pol\u00edticos con una capacidad camale\u00f3nica, en su pr\u00e1ctica ideol\u00f3gica. Las pol\u00edticas del Estado Plurinacional, implementadas han construido un departamento con capacidad industrial, especialmente en el tema del gas. Intereses econ\u00f3micos regionales han tratado de impedir el desarrollo de esa potencia, porque claramente el Estado y no unas cuantas familias, ser\u00e1 en el mediano plazo qui\u00e9n defina el desarrollo econ\u00f3mico, desplazando las oligarqu\u00edas coloniales.<\/div>\n<div dir=\"auto\"><\/div>\n<\/div>\n<div class=\"o9v6fnle cxmmr5t8 oygrvhab hcukyx3x c1et5uql ii04i59q\">\n<div dir=\"auto\">Brasil es un vecino que tiene un pueblo, que sabe de la marginaci\u00f3n, racismo, exclusi\u00f3n de pueblos originarios, por eso el departamento de Pando es un punto geoestrat\u00e9gico y requiere de una autoridad que le permita desarrollar esa potencia estrat\u00e9gica juntamente con el gobierno central. Pero adem\u00e1s es uno de los pocos lugares en el mundo depositario de un ecosistema que debemos preservar.<\/div>\n<\/div>\n<div class=\"o9v6fnle cxmmr5t8 oygrvhab hcukyx3x c1et5uql ii04i59q\">\n<div dir=\"auto\">M\u00e1s all\u00e1 de garantizar la gobernabilidad del gobierno central, la segunda vuelta se presenta como un desaf\u00edo para derrotar nuevamente a los golpistas y su proyecto fallido, que como qued\u00f3 demostrado fue planificado y ejecutado desde los intereses de dos viejos imperialismo: Inglaterra y Estados Unidos, por supuesto apoyado por el Ministro de colonias Almagro y el gobierno de Bolsonaro, a ellos debemos decirles que seguimos de pie.<\/div>\n<\/div>\n<div dir=\"auto\"><\/div>\n<div dir=\"auto\"><\/div>\n<div dir=\"auto\"><\/div>\n<div dir=\"auto\"><\/div>\n<div dir=\"auto\"><em><strong>Fuente:<\/strong><\/em>\u00a0*<a href=\"https:\/\/www.facebook.com\/EFP.TupacKatari\/posts\/4525292374154299\">Camilo Katari compa\u00f1ero de la Escuela de Formaci\u00f3n Pol\u00edtica Tupac Katari de Bolivia.<\/a><\/div>\n","protected":false},"excerpt":{"rendered":"<p>[*Camilo Katari, 08\/04\/2021] El escenario pol\u00edtico, nos presenta un nuevo desafi\u00f3. Se trata de consolidar la democracia como sistema de vida y pr\u00e1ctica cotidiana. La segunda vuelta que definir\u00e1 cuatro gobernaciones en el pa\u00eds tiene, en s\u00ed misma, el contenido de lo que podemos llamar democracia. Es posible que no estemos de acuerdo con los [&hellip;]<\/p>\n","protected":false},"author":5,"featured_media":13296,"comment_status":"closed","ping_status":"closed","sticky":false,"template":"","format":"standard","meta":{"_monsterinsights_skip_tracking":false,"_monsterinsights_sitenote_active":false,"_monsterinsights_sitenote_note":"","_monsterinsights_sitenote_category":0,"jnews-multi-image_gallery":[],"jnews_single_post":{"format":"standard"},"jnews_primary_category":[],"_joinchat":[],"footnotes":""},"categories":[61,130],"tags":[],"class_list":["post-13293","post","type-post","status-publish","format-standard","has-post-thumbnail","hentry","category-especiales-riachuelo","category-patria-grande"],"_links":{"self":[{"href":"http:\/\/fmriachuelo.it10.com.ar\/index.php\/wp-json\/wp\/v2\/posts\/13293","targetHints":{"allow":["GET"]}}],"collection":[{"href":"http:\/\/fmriachuelo.it10.com.ar\/index.php\/wp-json\/wp\/v2\/posts"}],"about":[{"href":"http:\/\/fmriachuelo.it10.com.ar\/index.php\/wp-json\/wp\/v2\/types\/post"}],"author":[{"embeddable":true,"href":"http:\/\/fmriachuelo.it10.com.ar\/index.php\/wp-json\/wp\/v2\/users\/5"}],"replies":[{"embeddable":true,"href":"http:\/\/fmriachuelo.it10.com.ar\/index.php\/wp-json\/wp\/v2\/comments?post=13293"}],"version-history":[{"count":1,"href":"http:\/\/fmriachuelo.it10.com.ar\/index.php\/wp-json\/wp\/v2\/posts\/13293\/revisions"}],"predecessor-version":[{"id":22843,"href":"http:\/\/fmriachuelo.it10.com.ar\/index.php\/wp-json\/wp\/v2\/posts\/13293\/revisions\/22843"}],"wp:featuredmedia":[{"embeddable":true,"href":"http:\/\/fmriachuelo.it10.com.ar\/index.php\/wp-json\/"}],"wp:attachment":[{"href":"http:\/\/fmriachuelo.it10.com.ar\/index.php\/wp-json\/wp\/v2\/media?parent=13293"}],"wp:term":[{"taxonomy":"category","embeddable":true,"href":"http:\/\/fmriachuelo.it10.com.ar\/index.php\/wp-json\/wp\/v2\/categories?post=13293"},{"taxonomy":"post_tag","embeddable":true,"href":"http:\/\/fmriachuelo.it10.com.ar\/index.php\/wp-json\/wp\/v2\/tags?post=13293"}],"curies":[{"name":"wp","href":"https:\/\/api.w.org\/{rel}","templated":true}]}}