{"id":13280,"date":"2021-04-08T18:02:39","date_gmt":"2021-04-08T18:02:39","guid":{"rendered":"http:\/\/fmriachuelo.com.ar\/?p=13280"},"modified":"2025-02-14T14:27:43","modified_gmt":"2025-02-14T17:27:43","slug":"a-un-mes-de-los-incendios-entre-promesas-y-papeles-que-entorpecen-resalta-la-organizacion-popular","status":"publish","type":"post","link":"http:\/\/fmriachuelo.it10.com.ar\/index.php\/2021\/04\/08\/a-un-mes-de-los-incendios-entre-promesas-y-papeles-que-entorpecen-resalta-la-organizacion-popular\/","title":{"rendered":"A UN MES DE LOS INCENDIOS: ENTRE PROMESAS Y PAPELES QUE ENTORPECEN, RESALTA LA ORGANIZACI\u00d3N POPULAR"},"content":{"rendered":"<p><b>[FM Riachuelo, 8\/4\/2021] Ya va un mes sin electricidad ni agua potable para los barrios populares de La Comarca Andina, m\u00e1s que da\u00f1ados por los incendios. Lxs vecinxs ya iniciaron medidas de lucha al respecto, como asambleas y movilizaciones. Mart\u00edn, de Vecinxs Autoconvocadxs en Defensa del Bosque, expres\u00f3 que a pesar de la reuni\u00f3n del intendente de Lago Puelo, Augusto S\u00e1nchez, con varios ministerios de la Naci\u00f3n -como H\u00e1bitat, Ambiente y Desarrollo-, todo lo que hace el Municipio es prometer soluciones a largo plazo y firmar papeles. Adem\u00e1s, cont\u00f3 que con organizaci\u00f3n popular lograron abastecer de agua a un barrio, y se pregunt\u00f3: \u00bfqu\u00e9 podr\u00eda hacer el Estado con toda la estructura que tiene?<\/b><\/p>\n<p><span style=\"font-weight: 400\">La semana pasada se realiz\u00f3 una asamblea popular en la ruta 40 convocada por los barrios de El Pinar, Bosques al Sur y la Ecoaldea. El lunes, vecinxs de Lago Puelo y El Hoyo impulsaron un recurso de amparo para que se les restituyan los servicios de electricidad y agua, para presentarlo en la Corte Suprema de Justicia de la Naci\u00f3n; el reclamo fue a los municipios y a la provincia de Chubut. El martes, se autoconvocaron en la Municipalidad de Lago Puelo con el mismo reclamo y fueron atendidos por el intendente Augusto S\u00e1nchez, quien prometi\u00f3 que comenzar\u00e1n a solucionar el problema este jueves (d\u00eda de hoy). Ma\u00f1ana, viernes, est\u00e1 convocado un ruidazo que dar\u00e1 inicio en la Municipalidad de El Hoyo para continuar a la de Lago Puelo y terminar en las oficinas de la Direcci\u00f3n General de Servicios P\u00fablicos.<\/span><\/p>\n<figure id=\"attachment_13282\" aria-describedby=\"caption-attachment-13282\" style=\"width: 345px\" class=\"wp-caption alignright\"><img loading=\"lazy\" decoding=\"async\" class=\"wp-image-13282 \" src=\"http:\/\/fmriachuelo.com.ar\/wp-content\/uploads\/2021\/04\/WhatsApp-Image-2021-04-07-at-14.58.36-300x225.jpeg\" alt=\"\" width=\"345\" height=\"259\" \/><figcaption id=\"caption-attachment-13282\" class=\"wp-caption-text\">El tendido el\u00e9ctrico en el barrio Las Golondrinas sigue tirado desde que lo derribaron los incendios<\/figcaption><\/figure>\n<p><span style=\"font-weight: 400\">Entre toda esta organizaci\u00f3n y pelea dada por lxs vecinxs, el martes por la tarde el intendente de Lago Puelo, Augusto S\u00e1nchez, dio una conferencia de prensa contando lo que fue una visita de cinco intendentes de la Comarca Andina a los Ministerios de H\u00e1bitat, Desarrollo, Ambiente y Turismo, con presencia del presidente Alberto Fern\u00e1ndez. Los anuncios fueron principalmente firmas de convenios y planes, es decir, mera soluci\u00f3n de \u201ccuestiones t\u00e9cnicas\u201d. \u201c<\/span><i><span style=\"font-weight: 400\">Una de las cr\u00edticas que se est\u00e1n haciendo en los barrios es que muchas de estas cosas se anuncian a nivel medi\u00e1tico, o se comentan en espacios reducidos, pero no llegan nunca a hablarse en el mismo barrio<\/span><\/i><span style=\"font-weight: 400\">\u201d, expres\u00f3 Mart\u00edn al respecto.<\/span><\/p>\n<p><span style=\"font-weight: 400\">\u201c<\/span><i><span style=\"font-weight: 400\">Los vecinos ya est\u00e1n reconstruyendo sus casas. Cuando est\u00e1n hablando de que se est\u00e1n firmando convenios para que dentro de 15 d\u00edas empiecen a llegar soluciones, hoy en los barrios los vecinos ya est\u00e1n laburando, y las casas se est\u00e1n construyendo sin la ayuda del Estado<\/span><\/i><span style=\"font-weight: 400\">\u201d, agreg\u00f3.<\/span><\/p>\n<p><span style=\"font-weight: 400\">Mart\u00edn tambi\u00e9n cont\u00f3 que terminaron de instalar un sistema de agua para lo que es el barrio de El Pinar en la Parcela 26, con 38 mil litros de agua de tanques que compraron en Neuqu\u00e9n y los instalaron a partir de las donaciones que fueron llegando de todos los puntos del pa\u00eds: \u201c<\/span><i><span style=\"font-weight: 400\">Y eso lo estamos haciendo vecinos autoconvocados, yo me pregunto: \u00bfqu\u00e9 podr\u00eda hacer el Estado con toda la estructura que tiene?<\/span><\/i><span style=\"font-weight: 400\">\u201d.<\/span><\/p>\n<p><span style=\"font-weight: 400\">Justamente, una de las interpretaciones por parte de lxs damnificadxs consiste en que desde los municipios no est\u00e1n presentando soluciones porque en dos meses habr\u00e1 elecciones, y es entonces cuando utilizar\u00e1n la asistencia a las necesidades del pueblo como m\u00e9todo de campa\u00f1a. No se trata de conjeturas infundadas: Mart\u00edn mencion\u00f3 un video de 2019 en que Augusto Fern\u00e1ndez promet\u00eda solucionar la precariedad de las instalaciones de los servicios p\u00fablicos en los barrios, cosa que no se hizo, y que de haberse hecho podr\u00eda haber mejorado la reacci\u00f3n inmediata para combatir los incendios.<\/span><\/p>\n<p><span style=\"font-weight: 400\">Como ya se ha se\u00f1alado, la articulaci\u00f3n del Estado con lxs vecinxs ser\u00eda determinante. Pero entre su ausencia, promesas y papeles sin trascendencia alguna, resalta la organizaci\u00f3n popular y solidaria que resuelve los problemas de un pueblo que lucha contra pol\u00edticas de descarte cada d\u00eda m\u00e1s fuertes.<\/span><\/p>\n<p><strong><a href=\"https:\/\/ar.radiocut.fm\/audiocut\/luego-varias-medidas-populares-reclamo-estado-responde-con-insuficiencia\/\" target=\"_blank\" rel=\"noopener\">ESCUCH\u00c1 AC\u00c1 LA ENTREVISTA A MART\u00cdN<\/a><\/strong><\/p>\n","protected":false},"excerpt":{"rendered":"<p>[FM Riachuelo, 8\/4\/2021] Ya va un mes sin electricidad ni agua potable para los barrios populares de La Comarca Andina, m\u00e1s que da\u00f1ados por los incendios. Lxs vecinxs ya iniciaron medidas de lucha al respecto, como asambleas y movilizaciones. Mart\u00edn, de Vecinxs Autoconvocadxs en Defensa del Bosque, expres\u00f3 que a pesar de la reuni\u00f3n del [&hellip;]<\/p>\n","protected":false},"author":5,"featured_media":13285,"comment_status":"closed","ping_status":"closed","sticky":false,"template":"","format":"standard","meta":{"_monsterinsights_skip_tracking":false,"_monsterinsights_sitenote_active":false,"_monsterinsights_sitenote_note":"","_monsterinsights_sitenote_category":0,"jnews-multi-image_gallery":[],"jnews_single_post":{"format":"standard"},"jnews_primary_category":[],"_joinchat":[],"footnotes":""},"categories":[1,79,58,77],"tags":[],"class_list":["post-13280","post","type-post","status-publish","format-standard","has-post-thumbnail","hentry","category-habitat","category-nadie-se-salva-solo","category-noticiariachuelo","category-soberania"],"_links":{"self":[{"href":"http:\/\/fmriachuelo.it10.com.ar\/index.php\/wp-json\/wp\/v2\/posts\/13280","targetHints":{"allow":["GET"]}}],"collection":[{"href":"http:\/\/fmriachuelo.it10.com.ar\/index.php\/wp-json\/wp\/v2\/posts"}],"about":[{"href":"http:\/\/fmriachuelo.it10.com.ar\/index.php\/wp-json\/wp\/v2\/types\/post"}],"author":[{"embeddable":true,"href":"http:\/\/fmriachuelo.it10.com.ar\/index.php\/wp-json\/wp\/v2\/users\/5"}],"replies":[{"embeddable":true,"href":"http:\/\/fmriachuelo.it10.com.ar\/index.php\/wp-json\/wp\/v2\/comments?post=13280"}],"version-history":[{"count":1,"href":"http:\/\/fmriachuelo.it10.com.ar\/index.php\/wp-json\/wp\/v2\/posts\/13280\/revisions"}],"predecessor-version":[{"id":22845,"href":"http:\/\/fmriachuelo.it10.com.ar\/index.php\/wp-json\/wp\/v2\/posts\/13280\/revisions\/22845"}],"wp:featuredmedia":[{"embeddable":true,"href":"http:\/\/fmriachuelo.it10.com.ar\/index.php\/wp-json\/"}],"wp:attachment":[{"href":"http:\/\/fmriachuelo.it10.com.ar\/index.php\/wp-json\/wp\/v2\/media?parent=13280"}],"wp:term":[{"taxonomy":"category","embeddable":true,"href":"http:\/\/fmriachuelo.it10.com.ar\/index.php\/wp-json\/wp\/v2\/categories?post=13280"},{"taxonomy":"post_tag","embeddable":true,"href":"http:\/\/fmriachuelo.it10.com.ar\/index.php\/wp-json\/wp\/v2\/tags?post=13280"}],"curies":[{"name":"wp","href":"https:\/\/api.w.org\/{rel}","templated":true}]}}