{"id":13277,"date":"2021-04-07T00:27:06","date_gmt":"2021-04-07T00:27:06","guid":{"rendered":"http:\/\/fmriachuelo.com.ar\/?p=13277"},"modified":"2025-02-14T14:45:47","modified_gmt":"2025-02-14T17:45:47","slug":"aguas-azules-aguas-marrones-disputa-geopolitica-por-alimentos-y-energia","status":"publish","type":"post","link":"http:\/\/fmriachuelo.it10.com.ar\/index.php\/2021\/04\/07\/aguas-azules-aguas-marrones-disputa-geopolitica-por-alimentos-y-energia\/","title":{"rendered":"AGUAS AZULES, AGUAS MARRONES: DISPUTA GEOPOL\u00cdTICA POR ALIMENTOS Y ENERG\u00cdA"},"content":{"rendered":"<p><strong>[FM Riachuelo, 6\/4\/2021]\u00a0<\/strong><strong>En el programa Al Gran Pueblo Salud (lunes 19hs), a treinta y nueve a\u00f1os de la guerra de Malvinas, entrevistamos a Oscar Ver\u00f3n, Capit\u00e1n Fluvial Dragador, Delegado General de la Asociaci\u00f3n Trabajadores del Estado ATE V\u00edas Navegables y dirigente de la CTA Aut\u00f3noma, sobre los bienes comunes del estado, los puertos privados, el monopolio del transporte de alimentos, la Ant\u00e1rtida, el Agua.<\/strong><\/p>\n<p>Ver\u00f3n dej\u00f3 claro que es necesaria la intervenci\u00f3n del pueblo para recuperar la soberan\u00eda que los administradores del Estado, fueron entregando a trav\u00e9s de las diversas gestiones que dirigieron al pa\u00eds. \u201cEstamos en el medio de una batalla muy fuerte, con enemigos de gran poder, en esto se necesita el concurso de todo el pueblo, porque nos afecta y mucho, pero se est\u00e1n levantando los pueblos en oposici\u00f3n a estos proyectos megamineros, de empresas con capitales ingleses disfrazados\u201d<\/p>\n<p>Tambi\u00e9n hablamos acerca de la movilizaci\u00f3n al Ministerio de Transporte que se realiz\u00f3 el 31 de marzo del 2021, en defensa de la soberan\u00eda de los r\u00edos y los puertos, por la construcci\u00f3n de una Flota Mercante en Astilleros Nacionales, por una empresa nacional de dragado y balizamiento, por la reincorporaci\u00f3n de los trabajadores despedidos, por la construcci\u00f3n del Canal Magdalena y la derogaci\u00f3n del decreto 949\/20.<\/p>\n<p>Con respecto al decreto dej\u00f3 claro que es necesario derogarlo, \u201cEl 30 de abril, termina el plazo de la concesi\u00f3n que dur\u00f3 25 a\u00f1os con sus prolongaciones y nos sacaron el trabajo a nosotros, que fuimos los que dragamos todos los r\u00edos, si nosotros recaud\u00e1ramos lo que recaudan los puertos extranjeros, se hubieran construido muchos barcos y muchos puertos en estos a\u00f1os, podr\u00edamos ir por una flota mercante y no pagar fletes para que comercien nuestros granos.\u201d<\/p>\n<p>Adem\u00e1s recuperamos una entrevista a C\u00e9sar Trejo, ex combatiente de Malvinas y Coordinador del \u00abObservatorio Malvinas\u00bb de la Universidad Nacional de Lan\u00fas.<br \/>\nLa entrevista a C\u00e9sar Trejo fue realizada por NO VA MAS Producciones en ocasi\u00f3n de cumplirse los 39 a\u00f1os del intento de recuperaci\u00f3n soberana de nuestras Islas Malvinas.<\/p>\n<p>&nbsp;<\/p>\n<p>Escucha la entrevista completa<a href=\"https:\/\/ar.radiocut.fm\/audiocut\/aguas-azules-aguas-marrones-disputa-geopolitica-por-alimentos-y-energia\/?fbclid=IwAR3Flekzkn-aT3nRfYpEORZ6nR3-910WboauM9fQGdpD_iCmE3aiNIXyoXU\"> ac\u00e1<\/a><\/p>\n","protected":false},"excerpt":{"rendered":"<p>[FM Riachuelo, 6\/4\/2021]\u00a0En el programa Al Gran Pueblo Salud (lunes 19hs), a treinta y nueve a\u00f1os de la guerra de Malvinas, entrevistamos a Oscar Ver\u00f3n, Capit\u00e1n Fluvial Dragador, Delegado General de la Asociaci\u00f3n Trabajadores del Estado ATE V\u00edas Navegables y dirigente de la CTA Aut\u00f3noma, sobre los bienes comunes del estado, los puertos privados, el [&hellip;]<\/p>\n","protected":false},"author":5,"featured_media":13278,"comment_status":"closed","ping_status":"closed","sticky":false,"template":"","format":"standard","meta":{"_monsterinsights_skip_tracking":false,"_monsterinsights_sitenote_active":false,"_monsterinsights_sitenote_note":"","_monsterinsights_sitenote_category":0,"jnews-multi-image_gallery":[],"jnews_single_post":{"format":"standard"},"jnews_primary_category":[],"_joinchat":[],"footnotes":""},"categories":[79,58,77],"tags":[],"class_list":["post-13277","post","type-post","status-publish","format-standard","has-post-thumbnail","hentry","category-nadie-se-salva-solo","category-noticiariachuelo","category-soberania"],"_links":{"self":[{"href":"http:\/\/fmriachuelo.it10.com.ar\/index.php\/wp-json\/wp\/v2\/posts\/13277","targetHints":{"allow":["GET"]}}],"collection":[{"href":"http:\/\/fmriachuelo.it10.com.ar\/index.php\/wp-json\/wp\/v2\/posts"}],"about":[{"href":"http:\/\/fmriachuelo.it10.com.ar\/index.php\/wp-json\/wp\/v2\/types\/post"}],"author":[{"embeddable":true,"href":"http:\/\/fmriachuelo.it10.com.ar\/index.php\/wp-json\/wp\/v2\/users\/5"}],"replies":[{"embeddable":true,"href":"http:\/\/fmriachuelo.it10.com.ar\/index.php\/wp-json\/wp\/v2\/comments?post=13277"}],"version-history":[{"count":1,"href":"http:\/\/fmriachuelo.it10.com.ar\/index.php\/wp-json\/wp\/v2\/posts\/13277\/revisions"}],"predecessor-version":[{"id":22848,"href":"http:\/\/fmriachuelo.it10.com.ar\/index.php\/wp-json\/wp\/v2\/posts\/13277\/revisions\/22848"}],"wp:featuredmedia":[{"embeddable":true,"href":"http:\/\/fmriachuelo.it10.com.ar\/index.php\/wp-json\/"}],"wp:attachment":[{"href":"http:\/\/fmriachuelo.it10.com.ar\/index.php\/wp-json\/wp\/v2\/media?parent=13277"}],"wp:term":[{"taxonomy":"category","embeddable":true,"href":"http:\/\/fmriachuelo.it10.com.ar\/index.php\/wp-json\/wp\/v2\/categories?post=13277"},{"taxonomy":"post_tag","embeddable":true,"href":"http:\/\/fmriachuelo.it10.com.ar\/index.php\/wp-json\/wp\/v2\/tags?post=13277"}],"curies":[{"name":"wp","href":"https:\/\/api.w.org\/{rel}","templated":true}]}}