{"id":13268,"date":"2021-04-01T23:57:16","date_gmt":"2021-04-01T23:57:16","guid":{"rendered":"http:\/\/fmriachuelo.com.ar\/?p=13268"},"modified":"2025-02-14T14:47:15","modified_gmt":"2025-02-14T17:47:15","slug":"asamblea-popular-en-la-comarca-andina-vamos-a-tomar-medidas","status":"publish","type":"post","link":"http:\/\/fmriachuelo.it10.com.ar\/index.php\/2021\/04\/01\/asamblea-popular-en-la-comarca-andina-vamos-a-tomar-medidas\/","title":{"rendered":"ASAMBLEA POPULAR EN LA COMARCA ANDINA: \u00abVAMOS A TOMAR MEDIDAS\u00bb"},"content":{"rendered":"<p><strong>[FM Riachuelo, 1\/2\/2021] Vecinxs de la Ecoaldea, El Pinar y Bosques al Sur, realizaron el pasado martes una conferencia de prensa en la ruta 40, en las carpas del barrio El Pinar, que llega a FM Riachuelo como reporte de nuestro corresponsal popular Mart\u00edn, de Vecinxs en Defensa del Bosque. En dicha conferencia fueron denunciadas la ausencia del Estado, las especulaciones pol\u00edticas y las necesidades urgentes de las familias afectadas por los incendios.<\/strong><\/p>\n<p><span style=\"font-weight: 400\">El tiempo pasa y los barrios populares de La Comarca Andina contin\u00faan luchando por la reconstrucci\u00f3n de sus hogares, entre casas quemadas, falta de servicios p\u00fablicos e instalaciones el\u00e9ctricas precarias que mantienen los incendios al acecho.\u00a0 \u201c<\/span><i><span style=\"font-weight: 400\">A nosotros no nos qued\u00f3 nada<\/span><\/i><span style=\"font-weight: 400\">\u201d, expres\u00f3 Julio Casta\u00f1eda con bronca e impotencia, uno de los vecinos de El Pinar que se anim\u00f3 a tomar el micr\u00f3fono y contar sin tapujos la realidad que se est\u00e1 viviendo.<\/span><\/p>\n<p><span style=\"font-weight: 400\">A pesar de la cruda situaci\u00f3n, lxs vecinxs mostraron una firme resistencia y voluntad de lucha para revertirla. Cuando autoridades y grandes medios hacen correr la versi\u00f3n de que las familias afectadas ya est\u00e1n siendo asistidas, Julio fue contundente en remarcar lo contrario, al dar cuenta de las escasas pol\u00edticas municipales al respecto: \u201c<\/span><i><span style=\"font-weight: 400\">La \u00fanica asistencia que nosotros hemos tenido del municipio fueron 20 metros de manguera y bidones con nafta. Es chistoso, gracioso y penoso, porque a nosotros no nos qued\u00f3 ni una motosierra. Nosotros no tenemos ni grupo electr\u00f3geno. Como vengo diciendo: nosotros no comemos nafta ni manguera. Que se hagan responsables y que nos asistan<\/span><\/i><span style=\"font-weight: 400\">\u201d.<\/span><\/p>\n<p><span style=\"font-weight: 400\"><img loading=\"lazy\" decoding=\"async\" class=\" wp-image-13269 alignleft\" src=\"http:\/\/fmriachuelo.com.ar\/wp-content\/uploads\/2021\/04\/WhatsApp-Image-2021-04-01-at-20.36.33-300x200.jpeg\" alt=\"\" width=\"468\" height=\"312\" \/>Adem\u00e1s, los incendios tuvieron un freno s\u00f3lo por las lluvias y algunos bomberos que vienen de otros lugares y por lo bajos recursos no lograron apagar todo. Todav\u00eda hay varios metros cuadrados quemados y casas cubiertas por brazas. En El Pinar, s\u00f3lo la presencia de la comunidad organizada suple la ausencia del Estado: \u201c<\/span><i><span style=\"font-weight: 400\">Las construcciones de las viviendas se est\u00e1n haciendo, pero gracias a la gente que dona, que viene a colaborar. Despu\u00e9s no ha venido nadie. El municipio siempre est\u00e1 de reuni\u00f3n<\/span><\/i><span style=\"font-weight: 400\">\u201d, recalc\u00f3 Julio.<\/span><\/p>\n<p><span style=\"font-weight: 400\">Elvio Ricci, vecino de Bosques al Sur, habl\u00f3 sobre un proyecto de barrio que llevan adelante junto con Jorge Belanko, uno de los pioneros en construcci\u00f3n natural en Argentina: \u201c<\/span><i><span style=\"font-weight: 400\">Muchas casas del barrio se est\u00e1n pudiendo edificar nuevamente, pero adem\u00e1s siguiendo el proyecto barrial que tenemos nosotros, eso es lo importante, llevar adelante un proyecto de barrio ecol\u00f3gico y autosustentable, que sea ameno con el entorno en el cual vivimos. Es un proyecto que los vecinos ya tenemos establecido<\/span><\/i><span style=\"font-weight: 400\">\u201d, expres\u00f3, demostrando que frente a la falta de voluntad pol\u00edtica de los funcionarios del Estado, en los barrios existe una organizaci\u00f3n vecinal con propuestas, ideas y soluciones.<\/span><\/p>\n<p><span style=\"font-weight: 400\">Estos testimonios y experiencias dejan en claro que el pueblo lo que necesita para solucionar sus problemas es organizarse. Pero cuando se vive en condiciones tan precarias como las que est\u00e1n viviendo las familias que hace d\u00e9cadas son afectadas por los incendios, y muchas cosas dependen de una clase pol\u00edtica que s\u00f3lo se preocupa por hacer campa\u00f1a y negocios, el camino se hace cuesta arriba, y nace la necesidad de salir a luchar. Tal fue el mensaje de Julio al intendente de El Pinar: \u201c<\/span><i><span style=\"font-weight: 400\">Que se haga presente para darnos una respuesta antes de que nosotros tomemos una medida, porque si nosotros tenemos que tomar una medida dr\u00e1stica que nos avale, la vamos a toma<\/span><\/i><span style=\"font-weight: 400\">r\u201d.<\/span><\/p>\n","protected":false},"excerpt":{"rendered":"<p>[FM Riachuelo, 1\/2\/2021] Vecinxs de la Ecoaldea, El Pinar y Bosques al Sur, realizaron el pasado martes una conferencia de prensa en la ruta 40, en las carpas del barrio El Pinar, que llega a FM Riachuelo como reporte de nuestro corresponsal popular Mart\u00edn, de Vecinxs en Defensa del Bosque. En dicha conferencia fueron denunciadas [&hellip;]<\/p>\n","protected":false},"author":5,"featured_media":13270,"comment_status":"closed","ping_status":"closed","sticky":false,"template":"","format":"standard","meta":{"_monsterinsights_skip_tracking":false,"_monsterinsights_sitenote_active":false,"_monsterinsights_sitenote_note":"","_monsterinsights_sitenote_category":0,"jnews-multi-image_gallery":[],"jnews_single_post":{"format":"standard"},"jnews_primary_category":[],"_joinchat":[],"footnotes":""},"categories":[82,1,79,58],"tags":[],"class_list":["post-13268","post","type-post","status-publish","format-standard","has-post-thumbnail","hentry","category-derechos-humanos","category-habitat","category-nadie-se-salva-solo","category-noticiariachuelo"],"_links":{"self":[{"href":"http:\/\/fmriachuelo.it10.com.ar\/index.php\/wp-json\/wp\/v2\/posts\/13268","targetHints":{"allow":["GET"]}}],"collection":[{"href":"http:\/\/fmriachuelo.it10.com.ar\/index.php\/wp-json\/wp\/v2\/posts"}],"about":[{"href":"http:\/\/fmriachuelo.it10.com.ar\/index.php\/wp-json\/wp\/v2\/types\/post"}],"author":[{"embeddable":true,"href":"http:\/\/fmriachuelo.it10.com.ar\/index.php\/wp-json\/wp\/v2\/users\/5"}],"replies":[{"embeddable":true,"href":"http:\/\/fmriachuelo.it10.com.ar\/index.php\/wp-json\/wp\/v2\/comments?post=13268"}],"version-history":[{"count":1,"href":"http:\/\/fmriachuelo.it10.com.ar\/index.php\/wp-json\/wp\/v2\/posts\/13268\/revisions"}],"predecessor-version":[{"id":22849,"href":"http:\/\/fmriachuelo.it10.com.ar\/index.php\/wp-json\/wp\/v2\/posts\/13268\/revisions\/22849"}],"wp:featuredmedia":[{"embeddable":true,"href":"http:\/\/fmriachuelo.it10.com.ar\/index.php\/wp-json\/"}],"wp:attachment":[{"href":"http:\/\/fmriachuelo.it10.com.ar\/index.php\/wp-json\/wp\/v2\/media?parent=13268"}],"wp:term":[{"taxonomy":"category","embeddable":true,"href":"http:\/\/fmriachuelo.it10.com.ar\/index.php\/wp-json\/wp\/v2\/categories?post=13268"},{"taxonomy":"post_tag","embeddable":true,"href":"http:\/\/fmriachuelo.it10.com.ar\/index.php\/wp-json\/wp\/v2\/tags?post=13268"}],"curies":[{"name":"wp","href":"https:\/\/api.w.org\/{rel}","templated":true}]}}