{"id":13264,"date":"2021-04-01T22:02:27","date_gmt":"2021-04-01T22:02:27","guid":{"rendered":"http:\/\/fmriachuelo.com.ar\/?p=13264"},"modified":"2025-02-14T14:49:01","modified_gmt":"2025-02-14T17:49:01","slug":"entrevista-a-gustavo-carrara-obispo-auxiliar-de-buenos-aires","status":"publish","type":"post","link":"http:\/\/fmriachuelo.it10.com.ar\/index.php\/2021\/04\/01\/entrevista-a-gustavo-carrara-obispo-auxiliar-de-buenos-aires\/","title":{"rendered":"ENTREVISTA A GUSTAVO CARRARA OBISPO AUXILIAR DE BUENOS AIRES"},"content":{"rendered":"<p>[FM Riachuelo 01\/04\/2021]<\/p>\n<p><strong>#Entrevista Riachuelo a Gustavo Carrara, Obispo Auxiliar de Buenos Aires.<\/strong><\/p>\n<blockquote><p><strong>FRANCISCO NOS DESAF\u00cdA A SANAR LA VERDADERA GRIETA DE NUESTRA PATRIA: LA EXCLUSI\u00d3N DE LOS M\u00c1S POBRES.<\/strong><\/p><\/blockquote>\n<p><!--more--><\/p>\n<p>En el jueves santo, el Obispo Auxiliar de Buenos Aires para la Pastoral en Villas estuvo en el aire de la FM Riachuelo compartiendo un momento con el programa \u00abHaciendo Lio del Movimiento Misioneros de Francisco, para reflexionar desde la actualidad sobre \u00abel mensaje de Jes\u00fas en las Pascuas\u00bb.<\/p>\n<p>En referencia a los gestos de Cristo durante el Jueves Santo Carrara se\u00f1al\u00f3: \u00abSu palabra genera ruido y contradicci\u00f3n para los m\u00e1s poderosos, porque \u00e9l hablaba y hac\u00eda gestos de amor y servicio con los m\u00e1s humildes\u00bb.<\/p>\n<p>El Obispo tambi\u00e9n dej\u00f3 definiciones sobre los ocho a\u00f1os del papado de Francisco de quien destac\u00f3 que \u00abnos desaf\u00eda a sanar la verdadera grieta de nuestra Patria: la exclusi\u00f3n de los m\u00e1s pobres\u00bb.<\/p>\n<p>Escuchemos la tierra y el grito de los m\u00e1s pobres como nos dice el Papa Francisco, hay que tender puentes en estas fechas para sanar la exclusi\u00f3n en nuestra Patria\u00bb<\/p>\n<p>Escucha la Entrevista Completa\ud83d\udc47https:\/\/ar.radiocut.fm\/audiocut\/entrevista-a-gustavo-carrara-obispo-auxilar-pastoral-social-en-villas\/<\/p>\n","protected":false},"excerpt":{"rendered":"<p>[FM Riachuelo 01\/04\/2021] #Entrevista Riachuelo a Gustavo Carrara, Obispo Auxiliar de Buenos Aires. FRANCISCO NOS DESAF\u00cdA A SANAR LA VERDADERA GRIETA DE NUESTRA PATRIA: LA EXCLUSI\u00d3N DE LOS M\u00c1S POBRES.<\/p>\n","protected":false},"author":5,"featured_media":13265,"comment_status":"closed","ping_status":"closed","sticky":false,"template":"","format":"standard","meta":{"_monsterinsights_skip_tracking":false,"_monsterinsights_sitenote_active":false,"_monsterinsights_sitenote_note":"","_monsterinsights_sitenote_category":0,"jnews-multi-image_gallery":[],"jnews_single_post":{"format":"standard"},"jnews_primary_category":[],"_joinchat":[],"footnotes":""},"categories":[63,145,79,62],"tags":[],"class_list":["post-13264","post","type-post","status-publish","format-standard","has-post-thumbnail","hentry","category-entrevista-riachuelo","category-movimientos-populares","category-nadie-se-salva-solo","category-religiosidad-popular"],"_links":{"self":[{"href":"http:\/\/fmriachuelo.it10.com.ar\/index.php\/wp-json\/wp\/v2\/posts\/13264","targetHints":{"allow":["GET"]}}],"collection":[{"href":"http:\/\/fmriachuelo.it10.com.ar\/index.php\/wp-json\/wp\/v2\/posts"}],"about":[{"href":"http:\/\/fmriachuelo.it10.com.ar\/index.php\/wp-json\/wp\/v2\/types\/post"}],"author":[{"embeddable":true,"href":"http:\/\/fmriachuelo.it10.com.ar\/index.php\/wp-json\/wp\/v2\/users\/5"}],"replies":[{"embeddable":true,"href":"http:\/\/fmriachuelo.it10.com.ar\/index.php\/wp-json\/wp\/v2\/comments?post=13264"}],"version-history":[{"count":1,"href":"http:\/\/fmriachuelo.it10.com.ar\/index.php\/wp-json\/wp\/v2\/posts\/13264\/revisions"}],"predecessor-version":[{"id":22850,"href":"http:\/\/fmriachuelo.it10.com.ar\/index.php\/wp-json\/wp\/v2\/posts\/13264\/revisions\/22850"}],"wp:featuredmedia":[{"embeddable":true,"href":"http:\/\/fmriachuelo.it10.com.ar\/index.php\/wp-json\/"}],"wp:attachment":[{"href":"http:\/\/fmriachuelo.it10.com.ar\/index.php\/wp-json\/wp\/v2\/media?parent=13264"}],"wp:term":[{"taxonomy":"category","embeddable":true,"href":"http:\/\/fmriachuelo.it10.com.ar\/index.php\/wp-json\/wp\/v2\/categories?post=13264"},{"taxonomy":"post_tag","embeddable":true,"href":"http:\/\/fmriachuelo.it10.com.ar\/index.php\/wp-json\/wp\/v2\/tags?post=13264"}],"curies":[{"name":"wp","href":"https:\/\/api.w.org\/{rel}","templated":true}]}}