{"id":13253,"date":"2021-03-31T13:43:55","date_gmt":"2021-03-31T13:43:55","guid":{"rendered":"http:\/\/fmriachuelo.com.ar\/?p=13253"},"modified":"2025-02-14T14:52:49","modified_gmt":"2025-02-14T17:52:49","slug":"soberaniapuertos-y-rios-una-mirada-desde-los-movimientos-populares","status":"publish","type":"post","link":"http:\/\/fmriachuelo.it10.com.ar\/index.php\/2021\/03\/31\/soberaniapuertos-y-rios-una-mirada-desde-los-movimientos-populares\/","title":{"rendered":"SOBERAN\u00cdA:PUERTOS Y RIOS, UNA MIRADA DESDE LOS MOVIMIENTOS POPULARES"},"content":{"rendered":"<p><strong>#EntrevistaRiachuelo<\/strong><br \/>\n<strong>Lito Borello, Secretario de DDHH de la UTEP<\/strong><\/p>\n<p><strong>[FM Riachuelo, 31\/03\/2021] Este mi\u00e9rcoles tuvo lugar frente a las puertas del Ministerio de Transporte una nueva movilizaci\u00f3n y asamblea popular por la Soberan\u00eda de los puertos y las v\u00edas navegables. El 30 de abril vence la concesi\u00f3n de la Hidrov\u00eda Parana-Paraguay, extranjerizada y en funci\u00f3n del saqueo desde tiempos neoliberales. Como vienen se\u00f1alando organizaciones del movimiento obrero organizado, y tambi\u00e9n movimientos populares vinculados a las luchas de los excluidos y descartados, esta situaci\u00f3n presenta una clara oportunidad para dar pasos en un sentido soberano y de justicia social, desarticulando el control que el poder f\u00e1ctico ejerce de hecho y de derecho sobre los puertos y r\u00edos de la Patria.<\/strong><\/p>\n<p>Por la tarde, Lito Borello, Secretario de DDHH de la UTEP y Coordinador Nacional del Movimiento Popular Los Pibes, presente en la asamblea, comparti\u00f3 en el aire de la FM Riachuelo una mirada que puso el acento en la importancia de esta \u201cagenda estrat\u00e9gica\u201d justamente para aquellas organizaciones que la pelean en el d\u00eda a d\u00eda enfrentando la crudeza de las injusticias en los barrios populares, mientras pugnan por construir otro mundo que merezca la pena ser vivido.<\/p>\n<p><strong>FMR:<\/strong> Lito queremos tener tu balance de la asamblea popular por la soberan\u00eda de los puertos y las v\u00edas navegables que se realiz\u00f3 este mi\u00e9rcoles frente al Ministerio de Transporte. Una jornada que mostr\u00f3 vocaci\u00f3n unitaria para poner en la calle el tema de la Soberan\u00eda Nacional.<\/p>\n<p><strong>LB:<\/strong> Sin dudas creo que ese es el balance m\u00e1s importante, en un tema tan trascendente, de car\u00e1cter estrat\u00e9gico. Por qu\u00e9 m\u00e1s all\u00e1 de alguna controversia o matices, lo importante es que podamos ir logrando la mayor masa cr\u00edtica en aras de ir librando batallas en estos temas. Este no es un \u00fanico cap\u00edtulo, no es una sola batalla, va a haber muchas y sabemos que s\u00f3lo con cambios de maquillaje no va a alcanzar.<\/p>\n<p>Es importante la inteligencia del campo popular, de poder ir encontrando denominadores comunes, con consensos, con la mayor unidad posible e ir librando estas batallas una a una. Sabemos que este de las aguas es un tema muy trabajado desde el bloque de poder mundial. Hay muchos intereses creados, como por ejemplo los grandes medios hegem\u00f3nicos que permanentemente est\u00e1n bombardeando. Y por eso es la alegr\u00eda de haber participado en una marcha muy plural, con organizaciones hermanas con quienes tenemos matices y diferencias, pero a pesar de ello, haber logrado encontrar un punto de acuerdo para realizar el acto de hoy, \u00e9se me parece un saldo positivo y muy inteligente.<\/p>\n<p><strong>FMR:<\/strong> \u00bfCu\u00e1l es el rol que tenemos nosotros los Movimientos Populares en este tipo de luchas?<\/p>\n<p><strong>LB:<\/strong> Algo de esto dec\u00eda Luciano (Alvarez \u2013 Mov Los Pibes, Mesa Gremial 19 y 20 UTEP) hoy, nosotros muchas veces hemos llegado tarde a estos temas porque la situaci\u00f3n pol\u00edtica-social hizo que en muchas oportunidades los movimientos sociales tengamos que estar en los temas m\u00e1s urgentes. Eso a veces provoca la sensaci\u00f3n equivocada de que no tememos una mirada m\u00e1s politizada, ideologizada y de car\u00e1cter estrat\u00e9gico.<\/p>\n<p>Creo que hoy qued\u00f3 claro que esto no es as\u00ed. Que los Movimientos estamos en la primera l\u00ednea de lucha todos los d\u00edas, y que tenemos que librar batallas contra la exclusi\u00f3n de un sistema que tiene pol\u00edticas de descarte, con una desigualdad que encuentra a los nuestros en el peor de los lugares. Pero tambi\u00e9n queda claro que no vamos a dejar de pelear ninguna de las batallas, que vamos a estar junto a nuestro pueblo, junto al conjunto del movimiento de los trabajadores que no tienen patr\u00f3n y tambi\u00e9n de los que tienen patr\u00f3n.<\/p>\n<p>Estamos en un momento hist\u00f3rico en donde, si bien es cierto que hay una contraofensiva restauradora a nivel global, tambi\u00e9n decimos que tenemos la oportunidad y el desaf\u00edo hist\u00f3rico de construir ese otro mundo posible. Estoy muy contento de participar junto a organizaciones hermanas, organizaciones sindicales y algunas organizaciones tambi\u00e9n de car\u00e1cter pol\u00edtico, dejando claro que no vamos a dejar de estar en la calle, porque fuimos parte de quienes crearon las condiciones para que Macri no est\u00e9 hpy en la Casa Rosada. Pero sabemos tambi\u00e9n que el poder f\u00e1ctico sigue decidiendo de hecho todos los d\u00edas. Por eso es importante que quede claro, como tambi\u00e9n dijo Luciano hoy en el escenario, y como siempre repite la CTEP y ahora la UTEP: \u201cac\u00e1 no se rinde nadie\u201d.<\/p>\n<p><strong>FMR:<\/strong> Sabemos que es necesario construir esa masa cr\u00edtica para estar a la altura de los desaf\u00edos que vienen \u00bfc\u00f3mo trasladamos esta lucha a nuestros barrios?<\/p>\n<p><strong>LB:<\/strong> Creo que nuestra gente va comprendiendo claramente que hay cosas que nos pasan, que hay padecimientos que tenemos, que no son obra ni de una casualidad, ni un designio divino, ni tampoco una maldici\u00f3n, sino que hay intereses creados. Que est\u00e1n los poderosos que siguen con un apetito voraz, que son incapaces de abrir su coraz\u00f3n y que \u00e9stas cosas las vamos a tener que conquistar peleando. Que no queda otra manera.<\/p>\n<p>No se puede pelear contra el hambre si no generamos una Patria que realmente sea justa, libre y soberana. Por lo tanto, cada vez m\u00e1s los movimientos que hemos nacido desde la necesidad m\u00e1s urgente, nos damos cuenta que el \u00fanico camino para solucionar de fondo el hambre, es poder generar una Patria justa, una Patria libre, una Patria soberana.<\/p>\n<p>Y en eso andamos tambi\u00e9n las organizaciones, en seguir resolviendo lo cotidiano, en seguir entendiendo que todav\u00eda vamos a seguir teniendo que desarrollar actividades comunitarias muy fuertemente, pero que no vamos a dejar de librar ninguna batalla estrat\u00e9gica.<\/p>\n<p>Y estos temas se discuten en la olla popular, cuando hay un ratito para poder reflexionar. Creo que ah\u00ed hay una tarea importante para los Movimientos: que m\u00e1s all\u00e1 de resolver lo urgente nos demos el tiempo para interpretar y debatir los problemas de fondo. Tenemos que ponernos la mochila al hombro, ser constructores de nuestro propio destino y est\u00e1 claro que esto lo peleamos entre todos porque s\u00f3lo la lucha nos har\u00e1 libres.<\/p>\n<p><strong>FMR:<\/strong> El 30 de abril vence la concesi\u00f3n de la Hidrov\u00eda \u00bfqu\u00e9 esperamos para esa fecha?<\/p>\n<p><strong>LB:<\/strong> Nosotros de una u otra manera le decimos al gobierno que no siga tomando decisiones a favor de los grandes capitales, que hay que tomar medidas de cambio profundas, que hay que generar transformaciones \u00abrealmente profundas\u00bb. No podemos seguir d\u00e1ndole a los capitales y a los que tienen toda la plata y todo el poder, la ventaja comparativa para contra nuestros pueblos y nuestras Patrias. Por lo tanto esperamos que el gobierno nos escuche.<\/p>\n<p>Hoy se le pidi\u00f3 de distintas maneras al gobierno que oiga la voz de los trabajadores, la voz de las organizaciones populares y que entiendan que cuentan con nosotros, pero para pelear contra un enemigo grande y poderoso porque sabemos que juntos, lo podemos vencer. En cambio si contin\u00faan con medidas tibias, que se quedan a mitad de camino y que no se atreven a tomar decisiones en contra de los poderosos, seguramente, nos encontrar\u00e1n cada vez m\u00e1s lejos.<\/p>\n<p><strong>ESCUCH\u00c1 LA ENTREVISTA<\/strong> \ud83d\udc47<br \/>\n<a href=\"https:\/\/radiocut.fm\/audiocut\/soberania-maritima-entrevista-a-lito-borello\/\">SOBERAN\u00cdA MAR\u00cdTIMA: ENTREVISTA A LITO BORELLO | RadioCut<\/a><\/p>\n","protected":false},"excerpt":{"rendered":"<p>#EntrevistaRiachuelo Lito Borello, Secretario de DDHH de la UTEP [FM Riachuelo, 31\/03\/2021] Este mi\u00e9rcoles tuvo lugar frente a las puertas del Ministerio de Transporte una nueva movilizaci\u00f3n y asamblea popular por la Soberan\u00eda de los puertos y las v\u00edas navegables. El 30 de abril vence la concesi\u00f3n de la Hidrov\u00eda Parana-Paraguay, extranjerizada y en funci\u00f3n [&hellip;]<\/p>\n","protected":false},"author":5,"featured_media":13255,"comment_status":"closed","ping_status":"closed","sticky":false,"template":"","format":"standard","meta":{"_monsterinsights_skip_tracking":false,"_monsterinsights_sitenote_active":false,"_monsterinsights_sitenote_note":"","_monsterinsights_sitenote_category":0,"jnews-multi-image_gallery":[],"jnews_single_post":{"format":"standard"},"jnews_primary_category":[],"_joinchat":[],"footnotes":""},"categories":[82,63,145,77],"tags":[],"class_list":["post-13253","post","type-post","status-publish","format-standard","has-post-thumbnail","hentry","category-derechos-humanos","category-entrevista-riachuelo","category-movimientos-populares","category-soberania"],"_links":{"self":[{"href":"http:\/\/fmriachuelo.it10.com.ar\/index.php\/wp-json\/wp\/v2\/posts\/13253","targetHints":{"allow":["GET"]}}],"collection":[{"href":"http:\/\/fmriachuelo.it10.com.ar\/index.php\/wp-json\/wp\/v2\/posts"}],"about":[{"href":"http:\/\/fmriachuelo.it10.com.ar\/index.php\/wp-json\/wp\/v2\/types\/post"}],"author":[{"embeddable":true,"href":"http:\/\/fmriachuelo.it10.com.ar\/index.php\/wp-json\/wp\/v2\/users\/5"}],"replies":[{"embeddable":true,"href":"http:\/\/fmriachuelo.it10.com.ar\/index.php\/wp-json\/wp\/v2\/comments?post=13253"}],"version-history":[{"count":2,"href":"http:\/\/fmriachuelo.it10.com.ar\/index.php\/wp-json\/wp\/v2\/posts\/13253\/revisions"}],"predecessor-version":[{"id":22854,"href":"http:\/\/fmriachuelo.it10.com.ar\/index.php\/wp-json\/wp\/v2\/posts\/13253\/revisions\/22854"}],"wp:featuredmedia":[{"embeddable":true,"href":"http:\/\/fmriachuelo.it10.com.ar\/index.php\/wp-json\/"}],"wp:attachment":[{"href":"http:\/\/fmriachuelo.it10.com.ar\/index.php\/wp-json\/wp\/v2\/media?parent=13253"}],"wp:term":[{"taxonomy":"category","embeddable":true,"href":"http:\/\/fmriachuelo.it10.com.ar\/index.php\/wp-json\/wp\/v2\/categories?post=13253"},{"taxonomy":"post_tag","embeddable":true,"href":"http:\/\/fmriachuelo.it10.com.ar\/index.php\/wp-json\/wp\/v2\/tags?post=13253"}],"curies":[{"name":"wp","href":"https:\/\/api.w.org\/{rel}","templated":true}]}}