{"id":13246,"date":"2021-03-24T19:37:51","date_gmt":"2021-03-24T19:37:51","guid":{"rendered":"http:\/\/fmriachuelo.com.ar\/?p=13246"},"modified":"2025-02-14T14:54:59","modified_gmt":"2025-02-14T17:54:59","slug":"la-memoria-presente-en-el-barrio-de-la-boca","status":"publish","type":"post","link":"http:\/\/fmriachuelo.it10.com.ar\/index.php\/2021\/03\/24\/la-memoria-presente-en-el-barrio-de-la-boca\/","title":{"rendered":"LA MEMORIA PRESENTE EN EL BARRIO DE LA BOCA."},"content":{"rendered":"<p><b>[FM Riachuelo, 24\/03\/2021] El mi\u00e9rcoles 24 de marzo, dentro de la semana de la memoria y bajo la consigna Plantamos Memoria, realizaron, en el barrio de La Boca, una actividad en conjunto el Movimiento Evita Comuna 4, la Multisectorial 21F y Somos Barrio de Pie de La Boca.\u00a0<\/b><\/p>\n<p><span style=\"font-weight: 400\">A 45 a\u00f1os del Golpe C\u00edvico-Militar, las organizaciones del barrio de La Boca vienen realizando diversas actividades para recordar, homenajear, y reivindicar a los 30.000 desaparecidos, a todos los luchadores que dieron su vida por un mundo mejor. Este a\u00f1o, bajo la consigna Plantamos Memoria se sigue exigiendo Memoria, Verdad y Justicia.<\/span><\/p>\n<p><span style=\"font-weight: 400\">En Garibaldi 1671, donde funciona por la ma\u00f1ana el Comedor \u201cLas Bohemias de La Boca\u201d; el Movimiento Evita Comuna 4, La Multisectorial 21F y Somos Barrios de Pie La Boca\u00a0 se sumaron a la serie de actividades en el barrio por la semana de la memoria, realizando una radio abierta donde diversos actores tuvieron la palabra, pintada de pa\u00f1uelos en la vereda en homenaje a la lucha de las madres y abuelas de plaza de mayo, una proyecci\u00f3n de videos para ni\u00f1os y adultos sobre la \u00faltima dictadura militar,\u00a0 y\u00a0 se\u00a0 comparti\u00f3 una rica merienda.<\/span><\/p>\n<p><span style=\"font-weight: 400\">Desde la Fm. Riachuelo, conversamos con los militantes sobre el significado de este d\u00eda y la interpretaci\u00f3n que se hace a 45 a\u00f1os del Golpe m\u00e1s perverso de nuestra historia. Carmen, referente del Movimiento Evita de La Boca expres\u00f3: <\/span><i><span style=\"font-weight: 400\">\u201cApuntamos a la organizaci\u00f3n del pueblo, a romper con el individualismo que implant\u00f3 la dictadura, romper las barreras que nos separan. Por eso en cada barrio nos ocupamos de los \u00faltimos de la fila, creando organizaci\u00f3n para recuperar los derechos que hemos perdido\u201d.<\/span><\/i><\/p>\n<p><span style=\"font-weight: 400\">En un barrio cuyas organizaciones construyen d\u00eda a d\u00eda en el territorio el camino para cambiar las realidades injustas de los vecinos, donde los sue\u00f1os por una vida que merezca ser vivida no sean en vano, Javier, referente de Somos Barrios de Pie La Boca se refiri\u00f3 a la importancia de esta actividad en el barrio: <\/span><i><span style=\"font-weight: 400\">\u201cPara el barrio es muy importante esta actividad porque es un barrio humilde, es un barrio que lucha, popular, y creo que algo simb\u00f3lico como este d\u00eda no podemos dejar de lado y no tener un recuerdo a los desaparecidos\u201d.\u00a0<\/span><\/i><\/p>\n<p>&nbsp;<\/p>\n<p><span style=\"font-weight: 400\">En estos tiempos en que urge la lucha de nuestro pueblo para dar pelea a los desaf\u00edos<\/span> <span style=\"font-weight: 400\">que vienen, Perita, referente del Comedor Camioneritos, expres\u00f3: <\/span><i><span style=\"font-weight: 400\">\u201cAprendimos que separados siempre gana otro, nosotros tenemos que defender lo nuestro, entendimos que era una obligaci\u00f3n la unidad y as\u00ed lo seguimos manifestando. Hoy conmemorando un d\u00eda as\u00ed es para parar, y reflexionar si que lo que estamos haciendo entre todos est\u00e1 bien, recordando lo que no tiene que volver a pasar porque trabajamos para que no vuelva a suceder\u201d.<\/span><\/i><\/p>\n<p>&nbsp;<\/p>\n","protected":false},"excerpt":{"rendered":"<p>[FM Riachuelo, 24\/03\/2021] El mi\u00e9rcoles 24 de marzo, dentro de la semana de la memoria y bajo la consigna Plantamos Memoria, realizaron, en el barrio de La Boca, una actividad en conjunto el Movimiento Evita Comuna 4, la Multisectorial 21F y Somos Barrio de Pie de La Boca.\u00a0 A 45 a\u00f1os del Golpe C\u00edvico-Militar, las [&hellip;]<\/p>\n","protected":false},"author":5,"featured_media":13247,"comment_status":"closed","ping_status":"closed","sticky":false,"template":"","format":"standard","meta":{"_monsterinsights_skip_tracking":false,"_monsterinsights_sitenote_active":false,"_monsterinsights_sitenote_note":"","_monsterinsights_sitenote_category":0,"jnews-multi-image_gallery":[],"jnews_single_post":{"format":"standard"},"jnews_primary_category":[],"_joinchat":[],"footnotes":""},"categories":[82,78,1,58],"tags":[],"class_list":["post-13246","post","type-post","status-publish","format-standard","has-post-thumbnail","hentry","category-derechos-humanos","category-economia-popular","category-habitat","category-noticiariachuelo"],"_links":{"self":[{"href":"http:\/\/fmriachuelo.it10.com.ar\/index.php\/wp-json\/wp\/v2\/posts\/13246","targetHints":{"allow":["GET"]}}],"collection":[{"href":"http:\/\/fmriachuelo.it10.com.ar\/index.php\/wp-json\/wp\/v2\/posts"}],"about":[{"href":"http:\/\/fmriachuelo.it10.com.ar\/index.php\/wp-json\/wp\/v2\/types\/post"}],"author":[{"embeddable":true,"href":"http:\/\/fmriachuelo.it10.com.ar\/index.php\/wp-json\/wp\/v2\/users\/5"}],"replies":[{"embeddable":true,"href":"http:\/\/fmriachuelo.it10.com.ar\/index.php\/wp-json\/wp\/v2\/comments?post=13246"}],"version-history":[{"count":1,"href":"http:\/\/fmriachuelo.it10.com.ar\/index.php\/wp-json\/wp\/v2\/posts\/13246\/revisions"}],"predecessor-version":[{"id":22856,"href":"http:\/\/fmriachuelo.it10.com.ar\/index.php\/wp-json\/wp\/v2\/posts\/13246\/revisions\/22856"}],"wp:featuredmedia":[{"embeddable":true,"href":"http:\/\/fmriachuelo.it10.com.ar\/index.php\/wp-json\/"}],"wp:attachment":[{"href":"http:\/\/fmriachuelo.it10.com.ar\/index.php\/wp-json\/wp\/v2\/media?parent=13246"}],"wp:term":[{"taxonomy":"category","embeddable":true,"href":"http:\/\/fmriachuelo.it10.com.ar\/index.php\/wp-json\/wp\/v2\/categories?post=13246"},{"taxonomy":"post_tag","embeddable":true,"href":"http:\/\/fmriachuelo.it10.com.ar\/index.php\/wp-json\/wp\/v2\/tags?post=13246"}],"curies":[{"name":"wp","href":"https:\/\/api.w.org\/{rel}","templated":true}]}}