{"id":13233,"date":"2021-03-25T17:01:48","date_gmt":"2021-03-25T17:01:48","guid":{"rendered":"http:\/\/fmriachuelo.com.ar\/?p=13233"},"modified":"2025-02-14T14:54:12","modified_gmt":"2025-02-14T17:54:12","slug":"donde-hubo-fuego","status":"publish","type":"post","link":"http:\/\/fmriachuelo.it10.com.ar\/index.php\/2021\/03\/25\/donde-hubo-fuego\/","title":{"rendered":"DONDE HUBO FUEGO&#8230;"},"content":{"rendered":"<p><b>[FM Riachuelo, 25\/3\/2021] En El Hoyo y otras localidades de la Comarca Andina est\u00e1n sufriendo la falta de servicios p\u00fablicos como la electricidad y el agua potable. Esto se debe a que los servicios ya est\u00e1n faltos de condiciones para su correcto funcionamiento y, adem\u00e1s, los incendios tiraron cables y postes, dejando un da\u00f1o muy grande. Los corresponsales populares de la zona realizaron reportes para FM Riachuelo detallando la problem\u00e1tica.<\/b><\/p>\n<p><span style=\"font-weight: 400\">La situaci\u00f3n que sufren estas localidades no es de ahora: los tendidos el\u00e9ctricos se encuentran en condiciones cr\u00edticas desde hace mucho tiempo, ubicados muchas veces en medio del bosque donde el peligro a que una chispa, a causa de un mal funcionamiento, d\u00e9 inicio a nuevos incendios. \u201c<\/span><i><span style=\"font-weight: 400\">El modo de accionar de los que tienen responsabilidad en el \u00e1rea es negar y prome<\/span><\/i><i>ter. Siempre niegan el estado de gravedad<\/i>\u201d, expres\u00f3 Claudia Sastre, de la Asamblea de Vecinos de Epuy\u00e9n.<\/p>\n<p>&nbsp;<\/p>\n<figure id=\"attachment_13234\" aria-describedby=\"caption-attachment-13234\" style=\"width: 257px\" class=\"wp-caption alignleft\"><img loading=\"lazy\" decoding=\"async\" class=\" wp-image-13234\" src=\"http:\/\/fmriachuelo.com.ar\/wp-content\/uploads\/2021\/03\/WhatsApp-Image-2021-03-23-at-15.40.43-225x300.jpeg\" alt=\"\" width=\"257\" height=\"343\" \/><figcaption id=\"caption-attachment-13234\" class=\"wp-caption-text\">As\u00ed de cercana al bosque es la instalaci\u00f3n de los tendidos el\u00e9ctricos.<\/figcaption><\/figure>\n<p><span style=\"font-weight: 400\">Adem\u00e1s, <\/span><span style=\"font-weight: 400\">los trabajadores de la Direcci\u00f3n General de Servicios P\u00fablicos est\u00e1n con retenci\u00f3n total de servicios por la irregularidad del gobierno provincial, con falta de insumos y equipamiento que garanticen su seguridad laboral y el atraso en el pago de salarios. Muchas veces les falta el gasoil o camionetas que funcionen para poder acercarse a solucionar los problemas. \u201c<\/span><i><span style=\"font-weight: 400\">La provincia est\u00e1 en una virtual cesaci\u00f3n de pagos hace much\u00edsimo tiempo, y el \u00fanico recurso de Arcioni es prometer megaminer\u00eda y endeudarse<\/span><\/i><span style=\"font-weight: 400\">\u201d, recalc\u00f3 Claudia.<\/span><\/p>\n<p><span style=\"font-weight: 400\">Seg\u00fan cuenta Mart\u00edn, de la Asamblea de Vecinos en Defensa del Bosque, luego de que los incendios quemaran cables y postes, la electricidad est\u00e1 ca\u00edda en numerosos barrios humildes como El Pinar o Las Golondrinas, y no existe se\u00f1al alguna por parte de las autoridades responsables para recomponer la situaci\u00f3n: \u201c<\/span><i><span style=\"font-weight: 400\">reci\u00e9n en la zona de lo que ser\u00eda La Bajada de Radal, empezaron a levantar por alg\u00fan poste, pero si vos pas\u00e1s por ah\u00ed, est\u00e1 el tendido el\u00e9ctrico en el piso, cruzando la calle, tirado ah\u00ed en el barrio<\/span><\/i><span style=\"font-weight: 400\">\u201d, explic\u00f3. A esto se suma que en muchas localidades las bombas de agua son el\u00e9ctricas, lo que provoca tambi\u00e9n la falta de agua potable.<\/span><\/p>\n<p><span style=\"font-weight: 400\">Otra de las aristas que detalla Mart\u00edn retoma el conflicto con el funcionamiento de los servicios p\u00fablicos: \u201c<\/span><i><span style=\"font-weight: 400\">hace como dos a\u00f1os que en Lago Puelo no se est\u00e1 cobrando la electricidad, por conflictos entre privados y estatales, sueldos que no se est\u00e1n pagando\u2026 entonces la gente no est\u00e1 laburando<\/span><\/i><span style=\"font-weight: 400\">\u201d.<\/span><\/p>\n<p><span style=\"font-weight: 400\">Donde hubo fuego, hoy no hay luz. El abandono sistem\u00e1tico se hace evidente cuando quienes se enfrentan a estas injusticias siempre remarcan que no es algo de ahora: hace a\u00f1os la zona peligra constantemente con que haya incendios, hace a\u00f1os la zona padece la falta de servicios b\u00e1sicos, hace a\u00f1os que los dirigentes priorizan sus negocios extractivistas antes que la dignidad del pueblo al que deber\u00edan representar.<\/span><\/p>\n<p><span style=\"font-weight: 400\">Pero es tambi\u00e9n hace a\u00f1os que este pueblo lucha y se organiza, como lo muestra la solidaridad en los barrios frente al desastre dejado por los incendios, o el firme rechazo a la megaminer\u00eda. Y cada d\u00eda reafirma su convicci\u00f3n de no bajar los brazos.<\/span><\/p>\n","protected":false},"excerpt":{"rendered":"<p>[FM Riachuelo, 25\/3\/2021] En El Hoyo y otras localidades de la Comarca Andina est\u00e1n sufriendo la falta de servicios p\u00fablicos como la electricidad y el agua potable. Esto se debe a que los servicios ya est\u00e1n faltos de condiciones para su correcto funcionamiento y, adem\u00e1s, los incendios tiraron cables y postes, dejando un da\u00f1o muy [&hellip;]<\/p>\n","protected":false},"author":5,"featured_media":13235,"comment_status":"closed","ping_status":"closed","sticky":false,"template":"","format":"standard","meta":{"_monsterinsights_skip_tracking":false,"_monsterinsights_sitenote_active":false,"_monsterinsights_sitenote_note":"","_monsterinsights_sitenote_category":0,"jnews-multi-image_gallery":[],"jnews_single_post":{"format":"standard"},"jnews_primary_category":[],"_joinchat":[],"footnotes":""},"categories":[1,58,77],"tags":[],"class_list":["post-13233","post","type-post","status-publish","format-standard","has-post-thumbnail","hentry","category-habitat","category-noticiariachuelo","category-soberania"],"_links":{"self":[{"href":"http:\/\/fmriachuelo.it10.com.ar\/index.php\/wp-json\/wp\/v2\/posts\/13233","targetHints":{"allow":["GET"]}}],"collection":[{"href":"http:\/\/fmriachuelo.it10.com.ar\/index.php\/wp-json\/wp\/v2\/posts"}],"about":[{"href":"http:\/\/fmriachuelo.it10.com.ar\/index.php\/wp-json\/wp\/v2\/types\/post"}],"author":[{"embeddable":true,"href":"http:\/\/fmriachuelo.it10.com.ar\/index.php\/wp-json\/wp\/v2\/users\/5"}],"replies":[{"embeddable":true,"href":"http:\/\/fmriachuelo.it10.com.ar\/index.php\/wp-json\/wp\/v2\/comments?post=13233"}],"version-history":[{"count":1,"href":"http:\/\/fmriachuelo.it10.com.ar\/index.php\/wp-json\/wp\/v2\/posts\/13233\/revisions"}],"predecessor-version":[{"id":22855,"href":"http:\/\/fmriachuelo.it10.com.ar\/index.php\/wp-json\/wp\/v2\/posts\/13233\/revisions\/22855"}],"wp:featuredmedia":[{"embeddable":true,"href":"http:\/\/fmriachuelo.it10.com.ar\/index.php\/wp-json\/"}],"wp:attachment":[{"href":"http:\/\/fmriachuelo.it10.com.ar\/index.php\/wp-json\/wp\/v2\/media?parent=13233"}],"wp:term":[{"taxonomy":"category","embeddable":true,"href":"http:\/\/fmriachuelo.it10.com.ar\/index.php\/wp-json\/wp\/v2\/categories?post=13233"},{"taxonomy":"post_tag","embeddable":true,"href":"http:\/\/fmriachuelo.it10.com.ar\/index.php\/wp-json\/wp\/v2\/tags?post=13233"}],"curies":[{"name":"wp","href":"https:\/\/api.w.org\/{rel}","templated":true}]}}