{"id":13221,"date":"2021-03-23T23:55:02","date_gmt":"2021-03-23T23:55:02","guid":{"rendered":"http:\/\/fmriachuelo.com.ar\/?p=13221"},"modified":"2025-02-14T14:56:55","modified_gmt":"2025-02-14T17:56:55","slug":"el-barrio-donde-la-memoria-construye-futuro","status":"publish","type":"post","link":"http:\/\/fmriachuelo.it10.com.ar\/index.php\/2021\/03\/23\/el-barrio-donde-la-memoria-construye-futuro\/","title":{"rendered":"EL BARRIO: DONDE LA MEMORIA CONSTRUYE FUTURO"},"content":{"rendered":"<blockquote>\n<p style=\"text-align: right;\"><em>\u201cNuestras clases dominantes han procurado siempre que los trabajadores no tengan historia [\u2026] h\u00e9roes y m\u00e1rtires. Cada lucha debe empezar de nuevo, separada de las luchas anteriores: la experiencia colectiva se pierde, las lecciones se olvidan. La historia parece as\u00ed como propiedad privada cuyos due\u00f1os son los due\u00f1os de todas las otras cosas\u201d.<\/em><br \/>\n<em>Rodolfo Walsh<\/em><\/p>\n<\/blockquote>\n<p><strong>[FM Riachuelo, Hip Hop de las Luchas Populares*, 23\/3\/2021] El pasado domingo, la Plaza Matheu del barrio de La Boca fue testigo de un emotivo acto que sum\u00f3 a la semana de la Memoria organizada por el Encuentro por la Memoria La Boca-Barracas, la reivindicaci\u00f3n de Mart\u00edn Oso Cisneros, militante de Los Pibes asesinado en 2004, y Nehu\u00e9n Rodriguez, el joven atropellado en 2014 por un patrullero de la Metropolitana. La consigna del encuentro: \u201cNehu\u00e9n y el Oso viven en la lucha popular\u201d.<\/strong><\/p>\n<p>Con el cuerpo presente, vecines y militantes de organizaciones del barrio compartieron mate cocido de la Cocina de Suarez del Movimiento Popular Los Pibes, caf\u00e9 preparado por las compa\u00f1eras del Merendero Madres en Lucha y pan casero de la Cooperativa de Recicladores de La Boca. Al mismo tiempo, nuestra FM Riachuelo trasmiti\u00f3 desde all\u00ed un programa que recuper\u00f3 an\u00e9cdotas, formas de ser de Nehu\u00e9n y del Oso. Un detalle no menor: esas formas de ser y de hacer son los modos en los que queremos vivir. Apuntes hechos memoria de un horizonte anhelado que se construye cuando hay organizaci\u00f3n y lucha. Son la prueba que cuando el sistema de injusticias no trunca las vidas en nuestros barrios, los que los habitan intentan ante todo transitar una vida en comunidad, en solidaridad de pares: lo que se debe parecer a eso que llamamos dignidad.<\/p>\n<p>Con el cuerpo presente se reconfigura el sentido pol\u00edtico de la Memoria en cada \u00e9poca, para que esta pueda ser, no un elemento r\u00edgido de la conmemoraci\u00f3n de las estatuas, sino un instrumento activo, din\u00e1mico y vital, m\u00edstica necesaria de las luchas populares.<\/p>\n<p>En el orden de estas reflexiones, la actividad de la Matheu arrim\u00f3 un detalle importante que nos pone tambi\u00e9n a tono de una de las precisas y agudas advertencias pol\u00edticas de Walsh que rescat\u00e1bamos al inicio de este texto. \u00bfNo es auspicioso el comienzo si aquellos que nunca conocieron al Oso sienten como propios los valores de su pr\u00e1ctica militante? \u00bfNo hay una experiencia colectiva que vibra en las calles del barrio si un rap para Nehu\u00e9n nos cuenta de un mundo que merece la pena ser vivido, mientras denuncia tambi\u00e9n las miserias del poder real? M\u00e1s a\u00fan, si este hilvanado que va desde los sue\u00f1os de los 30.000 a las v\u00edctimas del gatillo f\u00e1cil recogiendo el ejemplo de los militantes piqueteros, es pronunciado en lenguaje llano por pibes que apenas si hab\u00edan nacido al momento del Argentinazo de 2001\u2026. Quiz\u00e1s esas palabras deben ser compartidas, para tejer m\u00e1s experiencia colectiva y sentir con el Che que \u201csi el presente es de lucha, el futuro es nuestro\u201d:<\/p>\n<p><strong><a href=\"https:\/\/www.facebook.com\/watch\/live\/?v=3415991165168482&amp;ref=watch_permalink\" target=\"_blank\" rel=\"noopener\">Este es el rap dedicado a Nehu\u00e9n, hecho por \u00c1ngel, su amigo<\/a><\/strong><\/p>\n<p>Y a continuaci\u00f3n, el texto de Nandi, compa\u00f1ero del Movimiento Popular Los Pibes, que recorre su historia, de la mano, por supuesto, con la historia del Oso:<\/p>\n<p><strong>RA\u00cdCES<\/strong><\/p>\n<p><em>En los pastos, en la tierra, mescladas.<\/em><\/p>\n<p><em>En la placita, pisa, camina.<\/em><\/p>\n<p>Lo vi con su campera grande, con una mano en el bolsillo, sonriente. Se escucha de compa\u00f1eras:<\/p>\n<p><em>-Nos hac\u00eda cruzar la calle, sentar en uno de los banquitos de la placita y reconciliarnos y hasta que no nos estrech\u00e1bamos la mano y este todo bien, no nos dejaba ir. O si ven\u00edamos triste y se notaba nos preguntaba, hasta que se lo cont\u00e1bamos.<\/em> Porque se siente mejor el coraz\u00f3n cuando se dicen las cosas.<\/p>\n<p>Cuando el Comedor Infantil Los Pibes cumpli\u00f3 un a\u00f1o yo ten\u00eda 19 d\u00edas y nac\u00ed ac\u00e1 en la Boca, en el Argerich al igual que el Maxi, mi hermano, los pibes de Iberlucea y Nehu\u00e9n. Tal vez lo cruzamos a aquel tipo cuando apenas gate\u00e1bamos o d\u00e1bamos nuestros primeros pasos o por Olavarr\u00eda en los regazos de la abuela o mam\u00e1, seguro que s\u00ed.<\/p>\n<p style=\"text-align: left;\"><em>-Hay que hacer emprendimientos, crear nuestro propio trabajo: panader\u00eda, textiler\u00eda.<\/em><\/p>\n<p style=\"text-align: left;\"><strong>Los pibes no vienen del 96, vienen de mucho antes.<\/strong><\/p>\n<p style=\"text-align: left;\"><em>&#8211; Preparaba el desayuno, ordenadito y despu\u00e9s<\/em>: -bueno compas, cada unx a su tarea.<\/p>\n<p style=\"text-align: center;\"><em>\u201cHay que mantener fuerte a los soldados\u201d<\/em><\/p>\n<p style=\"text-align: center;\"><em>\u201cEl enemigo no est\u00e1 ac\u00e1 dentro est\u00e1 afuera\u201d<\/em><\/p>\n<p style=\"text-align: left;\">Hay que salir a la calle a reclamar lo que es nuestro y tambi\u00e9n adaptarnos a los papeleos burocr\u00e1ticos, o mejor dicho: aprender, y esto no te lo ense\u00f1an. Aun as\u00ed se conquistaron viviendas.<\/p>\n<p style=\"text-align: center;\">ESTA VIVIENDA SE CONQUIST\u00d3 CON LA PELEA DE FAMILIAS ORGANIZADAS, COMEDOR INFANTIL LOS PIBES, A\u00d1O 2000<\/p>\n<p style=\"text-align: left;\">&#8211;<em>Ven\u00ed, sumate y peliamos juntos<\/em>. El dolor, la rabia, el no aguantar m\u00e1s. Qu\u00e9 victoria, transformar todo esto en lucha.<\/p>\n<p style=\"text-align: left;\">Y vimos que el hambre se calmaba pero solo un instante, por eso no alcanz\u00f3 ser solo comedor. Es que el hambre no solo es de la barriga, sino tambi\u00e9n de un techo, una cama, un ba\u00f1o, la escuela, son tambi\u00e9n los que la provocan.<\/p>\n<p style=\"text-align: left;\">Y en un momento metieron la droga al barrio como exterminio a la rebeld\u00eda llena de energ\u00eda, y nacieron Madres en Lucha contra el Paco.<\/p>\n<p style=\"text-align: center;\"><em>Y ah\u00ed anda chatarra<\/em><\/p>\n<p style=\"text-align: center;\"><em>De vuelo bajo, caminando<\/em><\/p>\n<p>C\u00f3mo tanta desigualdad, tanta injusticia, impusieron al barrio.<\/p>\n<p>Y en un momento la tele minti\u00f3 tanto tanto y tanto como ahora, que fue urgente crear, aprender hacer una radio con arraigo territorial. <em>Donde caben todas las voces.<\/em><\/p>\n<p>&#8211;<em>Ven\u00ed vamos a la radio,\u00a0<\/em><em>que las compa\u00f1eras est\u00e1n por cocinar algo.<\/em><\/p>\n<p><em>Entre las calles del barrio<br \/>\njuegan los wachines al futbol<br \/>\ndonde el sol pega en los rostros de las madres<br \/>\nal ir a comprar o a trabajar<br \/>\nMart\u00edn las saluda -buen d\u00eda- l cruzar.<br \/>\nLas palomas en los cables<br \/>\no picoteando en la vereda<br \/>\nlos coches cruzan las bicis tambi\u00e9n<br \/>\nla bocha inflada, lista para correr en la Irala, gastadas las suelas<br \/>\nse escucha de pasada desde una ventana:<br \/>\n<strong>\u201cEs la voz de los muchos y muchas que no quieren o\u00edr, es la voz del pueblo m\u00e1s humilde\u201d<\/strong><br \/>\nComo dentro del conve, todas las casas juntas<br \/>\nparece el patio enorme<br \/>\naunque mi mam\u00e1 no est\u00e1 conforme<br \/>\ncasi todo el tiempo se la pasa en la organizaci\u00f3n<br \/>\ny conoce a un tal <strong>Chatarra, Un Compa\u00f1ero.<\/strong><br \/>\nMe llaman los pibes para jugar un fulbito en la Matheu, en la Irala o en el Play\u00f3n.<\/em><\/p>\n<p><img loading=\"lazy\" decoding=\"async\" class=\" wp-image-13223 aligncenter\" src=\"http:\/\/fmriachuelo.com.ar\/wp-content\/uploads\/2021\/03\/WhatsApp-Image-2021-03-23-at-20.35.44-300x200.jpeg\" alt=\"\" width=\"827\" height=\"551\" \/><\/p>\n<p><strong>*El Hip Hop de las Luchas Populares es una columna semanal que est\u00e1 todos los mi\u00e9rcoles en Mateando en el Riachuelo, a las 11hs, por la FM Riachuelo. Funciona como espacio de articulaci\u00f3n con los artistas barriales del Hip Hop.<\/strong><\/p>\n","protected":false},"excerpt":{"rendered":"<p>\u201cNuestras clases dominantes han procurado siempre que los trabajadores no tengan historia [\u2026] h\u00e9roes y m\u00e1rtires. Cada lucha debe empezar de nuevo, separada de las luchas anteriores: la experiencia colectiva se pierde, las lecciones se olvidan. La historia parece as\u00ed como propiedad privada cuyos due\u00f1os son los due\u00f1os de todas las otras cosas\u201d. Rodolfo Walsh [&hellip;]<\/p>\n","protected":false},"author":5,"featured_media":13222,"comment_status":"closed","ping_status":"closed","sticky":false,"template":"","format":"standard","meta":{"_monsterinsights_skip_tracking":false,"_monsterinsights_sitenote_active":false,"_monsterinsights_sitenote_note":"","_monsterinsights_sitenote_category":0,"jnews-multi-image_gallery":[],"jnews_single_post":{"format":"standard"},"jnews_primary_category":[],"_joinchat":[],"footnotes":""},"categories":[137,82,79,58],"tags":[],"class_list":["post-13221","post","type-post","status-publish","format-standard","has-post-thumbnail","hentry","category-cultura","category-derechos-humanos","category-nadie-se-salva-solo","category-noticiariachuelo"],"_links":{"self":[{"href":"http:\/\/fmriachuelo.it10.com.ar\/index.php\/wp-json\/wp\/v2\/posts\/13221","targetHints":{"allow":["GET"]}}],"collection":[{"href":"http:\/\/fmriachuelo.it10.com.ar\/index.php\/wp-json\/wp\/v2\/posts"}],"about":[{"href":"http:\/\/fmriachuelo.it10.com.ar\/index.php\/wp-json\/wp\/v2\/types\/post"}],"author":[{"embeddable":true,"href":"http:\/\/fmriachuelo.it10.com.ar\/index.php\/wp-json\/wp\/v2\/users\/5"}],"replies":[{"embeddable":true,"href":"http:\/\/fmriachuelo.it10.com.ar\/index.php\/wp-json\/wp\/v2\/comments?post=13221"}],"version-history":[{"count":2,"href":"http:\/\/fmriachuelo.it10.com.ar\/index.php\/wp-json\/wp\/v2\/posts\/13221\/revisions"}],"predecessor-version":[{"id":22858,"href":"http:\/\/fmriachuelo.it10.com.ar\/index.php\/wp-json\/wp\/v2\/posts\/13221\/revisions\/22858"}],"wp:featuredmedia":[{"embeddable":true,"href":"http:\/\/fmriachuelo.it10.com.ar\/index.php\/wp-json\/"}],"wp:attachment":[{"href":"http:\/\/fmriachuelo.it10.com.ar\/index.php\/wp-json\/wp\/v2\/media?parent=13221"}],"wp:term":[{"taxonomy":"category","embeddable":true,"href":"http:\/\/fmriachuelo.it10.com.ar\/index.php\/wp-json\/wp\/v2\/categories?post=13221"},{"taxonomy":"post_tag","embeddable":true,"href":"http:\/\/fmriachuelo.it10.com.ar\/index.php\/wp-json\/wp\/v2\/tags?post=13221"}],"curies":[{"name":"wp","href":"https:\/\/api.w.org\/{rel}","templated":true}]}}