{"id":13204,"date":"2021-03-22T15:59:56","date_gmt":"2021-03-22T15:59:56","guid":{"rendered":"http:\/\/fmriachuelo.com.ar\/?p=13204"},"modified":"2025-02-14T15:02:08","modified_gmt":"2025-02-14T18:02:08","slug":"jornada-de-lucha-nacional-por-el-acceso-al-agua-el-oso-vive-en-la-lucha-de-nuestro-pueblo","status":"publish","type":"post","link":"http:\/\/fmriachuelo.it10.com.ar\/index.php\/2021\/03\/22\/jornada-de-lucha-nacional-por-el-acceso-al-agua-el-oso-vive-en-la-lucha-de-nuestro-pueblo\/","title":{"rendered":"JORNADA DE LUCHA NACIONAL POR EL ACCESO AL AGUA: \u00abEL OSO VIVE EN LA LUCHA DE NUESTRO PUEBLO\u00bb"},"content":{"rendered":"<p><strong>[FM Riachuelo 22\/3\/2021] En el d\u00eda del aniversario n\u00famero 61 de Mart\u00edn Oso Cisneros, fecha en la que se reivindica su ejemplo de militancia, el Movimiento Popular Los Pibes y la Mesa Gremial 19 y 20 de Entre R\u00edos que integran la Uni\u00f3n de Trabajadores de la Econom\u00eda Popular (UTEP), realizaron una jornada nacional de lucha por el acceso al agua potable en el Barrio Nuestra Se\u00f1ora de Lourdes de la Ciudad de La Paz, Entre R\u00edos.<\/strong><\/p>\n<p><img loading=\"lazy\" decoding=\"async\" class=\"alignright size-medium wp-image-13206\" src=\"http:\/\/fmriachuelo.com.ar\/wp-content\/uploads\/2021\/03\/WhatsApp-Image-2021-03-22-at-11.51.20-2-300x169.jpeg\" alt=\"\" width=\"300\" height=\"169\" \/>De la movilizaci\u00f3n central en la localidad de La Paz form\u00f3 parte\u00a0<strong>Lito Borello, el\u00a0Secretario de DD.HH. de la UTEP<\/strong>, quien viene se\u00f1alando, en sinton\u00eda con recientes declaraciones del <strong>Papa Francisco<\/strong>, que el agua se est\u00e1 convirtiendo en un bien natural fundamental para el desarrollo digno de los Pueblos. Tras una reuni\u00f3n con el intendente de La Paz de la que Borello particip\u00f3 junto a <strong>Juan Carlos S\u00e1nchez, referente del Frente Barrial Pocho Lepratti<\/strong>, se logr\u00f3 el compromiso de avanzar con las obras de acceso al agua para el barrio Lourdes. Al t\u00e9rmino de la reuni\u00f3n el Secretario de Derechos Humanos declar\u00f3 a la FM Riachuelo:<em> \u00abCuando la bronca y la rabia que nos dan las injusticias se transforman en unidad, organizaci\u00f3n y pelea, las cosas se conquistan.\u00bb <\/em>Y agreg\u00f3:<em> \u00abEs importante el esfuerzo que nuestros compa\u00f1eros vienen haciendo. Creo que este es el camino: la construcci\u00f3n de una correlaci\u00f3n de fuerza capaz de lograr algunas reivindicaciones de tipo urgente. Pero que pueda adem\u00e1s caminar para una transformaci\u00f3n de fondo, para la construcci\u00f3n de ese otro mundo posible.\u00bb<\/em><\/p>\n<p><img loading=\"lazy\" decoding=\"async\" class=\"size-medium wp-image-13208 alignleft\" src=\"http:\/\/fmriachuelo.com.ar\/wp-content\/uploads\/2021\/03\/WhatsApp-Image-2021-03-22-at-11.51.20-300x169.jpeg\" alt=\"\" width=\"300\" height=\"169\" \/><\/p>\n<p>Por su parte, <strong>S\u00e1nchez<\/strong>, afirm\u00f3 que s\u00f3lo con organizaci\u00f3n es posible triunfar en la lucha:<em> \u00abAc\u00e1 desgraciadamente es muy dif\u00edcil todo porque cuatro familias son las due\u00f1as de todo el Pueblo. Son cipayos del poder econ\u00f3mico agro- ganadero. Lo \u00fanico que nos queda es tener mucha organizaci\u00f3n, mucho poder en la calle para exigir nuestro derecho. El gran desaf\u00edo es seguir potenciando esta enorme voluntad de Nuestro Pueblo que se est\u00e1 poniendo de pie.\u00bb<\/em><\/p>\n<p>Sobre el cierre de la entrevista, un Borello emocionado hizo referencia a que esta medida de lucha coincidi\u00f3 con el cumplea\u00f1os del Oso Cisneros, fecha en la cual se reivindica la memoria del militante de Los Pibes asesinado por un sicario protegido por la polic\u00eda en el a\u00f1o 2004:<em> \u00abPor supuesto es la mejor manera de honrar al Oso, porque como dicen nuestras remeras \u00b4El Oso Vive en la Lucha Popular. <\/em><em>Tenemos que celebrar la decisi\u00f3n de haber hecho el cumplea\u00f1os del Oso en medio de una lucha tan fuerte como la que los compa\u00f1eros vienen haciendo en La Paz, y que a la vez\u00a0 es una lucha que en el mundo empieza a constituirse como uno de los ejes de las reivindicaciones de los movimientos populares y de los Pueblo: el agua\u00bb.<\/em> Adem\u00e1s agreg\u00f3: <em>\u00bb Es una gran alegr\u00eda la de esta ma\u00f1ana, una emoci\u00f3n de estar en este lugar al lado de los compa\u00f1eros y sentir que festejamos el nuevo renacer del Oso, como \u00e9l lo hubiera querido en el medio de la pelea. Sin ninguna duda que estar\u00eda ac\u00e1, al frente de la columna con nosotros\u00bb.<\/em><\/p>\n<p><img loading=\"lazy\" decoding=\"async\" class=\"aligncenter wp-image-13207 size-large\" src=\"http:\/\/fmriachuelo.com.ar\/wp-content\/uploads\/2021\/03\/WhatsApp-Image-2021-03-22-at-11.51.20-1-1025x577.jpeg\" alt=\"\" width=\"640\" height=\"360\" \/><\/p>\n<p>La jornada de movilizaci\u00f3n cont\u00f3 adem\u00e1s con una masiva convocatoria en la <em>Ciudad de Buenos Aires<\/em>, donde las organizaciones <strong>OLP, Los Pibes, De Frente y la Mar\u00eda Claudia Falcone que integran la Mesa Gremial <\/strong>expresaron su apoyo a los habitantes del barrio Lourdes presentando la nota con el reclamo de acceso al agua en la Casa de Entre R\u00edos con sede en la calle Suipacha. Esta columna estuvo acompa\u00f1ada de la presencia de la organizaci\u00f3n <strong>Convocatoria Segunda Independencia<\/strong>, que se sumaron apoyando el reclamo de los compa\u00f1eros. Luego del acto en ese lugar, la columna de la Mesa Gremial se traslad\u00f3 hasta el Ministerio de Desarrollo Social de la Naci\u00f3n donde llevan adelante un reclamo por un retraso de tres meses en la provisi\u00f3n de alimentos a sus comedores, situaci\u00f3n que se vislumbra cr\u00edtica ante un previsible recrudecimiento de la pandemia con la llegada del fr\u00edo.<\/p>\n<p><img loading=\"lazy\" decoding=\"async\" class=\"aligncenter wp-image-13205 size-large\" src=\"http:\/\/fmriachuelo.com.ar\/wp-content\/uploads\/2021\/03\/WhatsApp-Image-2021-03-22-at-11.56.05-1025x577.jpeg\" alt=\"\" width=\"640\" height=\"360\" \/><\/p>\n<p><a href=\"https:\/\/ar.radiocut.fm\/audiocut\/jornada-lucha-nacional-por-acceso-al-agua-oso-vive-en-lucha-nuestro-pueblo\/\">Pod\u00e9s escuchar la entrevista completa ac\u00e1<\/a><\/p>\n","protected":false},"excerpt":{"rendered":"<p>[FM Riachuelo 22\/3\/2021] En el d\u00eda del aniversario n\u00famero 61 de Mart\u00edn Oso Cisneros, fecha en la que se reivindica su ejemplo de militancia, el Movimiento Popular Los Pibes y la Mesa Gremial 19 y 20 de Entre R\u00edos que integran la Uni\u00f3n de Trabajadores de la Econom\u00eda Popular (UTEP), realizaron una jornada nacional de [&hellip;]<\/p>\n","protected":false},"author":5,"featured_media":13211,"comment_status":"closed","ping_status":"closed","sticky":false,"template":"","format":"standard","meta":{"_monsterinsights_skip_tracking":false,"_monsterinsights_sitenote_active":false,"_monsterinsights_sitenote_note":"","_monsterinsights_sitenote_category":0,"jnews-multi-image_gallery":[],"jnews_single_post":{"format":"standard"},"jnews_primary_category":[],"_joinchat":[],"footnotes":""},"categories":[141,78,1,58],"tags":[],"class_list":["post-13204","post","type-post","status-publish","format-standard","has-post-thumbnail","hentry","category-comunicacion-popular","category-economia-popular","category-habitat","category-noticiariachuelo"],"_links":{"self":[{"href":"http:\/\/fmriachuelo.it10.com.ar\/index.php\/wp-json\/wp\/v2\/posts\/13204","targetHints":{"allow":["GET"]}}],"collection":[{"href":"http:\/\/fmriachuelo.it10.com.ar\/index.php\/wp-json\/wp\/v2\/posts"}],"about":[{"href":"http:\/\/fmriachuelo.it10.com.ar\/index.php\/wp-json\/wp\/v2\/types\/post"}],"author":[{"embeddable":true,"href":"http:\/\/fmriachuelo.it10.com.ar\/index.php\/wp-json\/wp\/v2\/users\/5"}],"replies":[{"embeddable":true,"href":"http:\/\/fmriachuelo.it10.com.ar\/index.php\/wp-json\/wp\/v2\/comments?post=13204"}],"version-history":[{"count":2,"href":"http:\/\/fmriachuelo.it10.com.ar\/index.php\/wp-json\/wp\/v2\/posts\/13204\/revisions"}],"predecessor-version":[{"id":22862,"href":"http:\/\/fmriachuelo.it10.com.ar\/index.php\/wp-json\/wp\/v2\/posts\/13204\/revisions\/22862"}],"wp:featuredmedia":[{"embeddable":true,"href":"http:\/\/fmriachuelo.it10.com.ar\/index.php\/wp-json\/"}],"wp:attachment":[{"href":"http:\/\/fmriachuelo.it10.com.ar\/index.php\/wp-json\/wp\/v2\/media?parent=13204"}],"wp:term":[{"taxonomy":"category","embeddable":true,"href":"http:\/\/fmriachuelo.it10.com.ar\/index.php\/wp-json\/wp\/v2\/categories?post=13204"},{"taxonomy":"post_tag","embeddable":true,"href":"http:\/\/fmriachuelo.it10.com.ar\/index.php\/wp-json\/wp\/v2\/tags?post=13204"}],"curies":[{"name":"wp","href":"https:\/\/api.w.org\/{rel}","templated":true}]}}