{"id":13199,"date":"2021-03-22T19:59:08","date_gmt":"2021-03-22T19:59:08","guid":{"rendered":"http:\/\/fmriachuelo.com.ar\/?p=13199"},"modified":"2025-02-14T14:57:29","modified_gmt":"2025-02-14T17:57:29","slug":"avanza-el-juicio-por-el-bocha","status":"publish","type":"post","link":"http:\/\/fmriachuelo.it10.com.ar\/index.php\/2021\/03\/22\/avanza-el-juicio-por-el-bocha\/","title":{"rendered":"AVANZA EL JUICIO POR EL BOCHA"},"content":{"rendered":"<p><strong>[*Por el Colectivo de Medios Populares, 21\/03\/2021] Avanza el juicio contra los 7 prefectos por el homicidio de Christopher \u201cBocha\u00bb Rego. Este viernes se llev\u00f3 adelante la cuarta audiencia, tercera de modo presencial, en los Tribunales de Talcahuano. Con expectativas favorables para la querella, testimoniaron Jos\u00e9 Luj\u00e1n Garc\u00eda, segundo jefe a cargo de los efectivos, Redondo Leonardo Daniel, perito bal\u00edstico, entre otros testigos de la fuerza. Adem\u00e1s declar\u00f3 como testigo de concepto, Luana Juve, pareja de Bocha con quien habia tenido un hijo 41 d\u00edas antes del asesinato por gatillo f\u00e1cil.<\/strong><\/p>\n<p><strong>Desarrollo de la cuarta audiencia<\/strong><\/p>\n<p><span style=\"font-weight: 400\">El primer testimonio lo dio Luana Juve, pudo relatar la conversaci\u00f3n que mantuvo con Bocha minutos previos al hecho, que se encontraba camino a buscarla a ella y su peque\u00f1o hijo, Basti\u00e1n. Luana estaba en el cumplea\u00f1os de una de sus mejores amigas y ya quer\u00eda volver: <em>\u00abMe manda un mensaje que estaba yendo a buscarme que en cinco minutos baje y abrigue al nene porque hac\u00eda fr\u00edo. Yo abrigo al nene, bajo y lo espero. Se supone que ya estaba llegando y no llegaba, me parec\u00eda raro, empec\u00e9 a llamar. \u00c9l no hac\u00eda esas cosas, nos manejamos siempre con horarios, sobre todo por el nene. Sigo llamando, mandando mensajes, no contestaba (&#8230;) Nunca tuvo ning\u00fan problema con la polic\u00eda, s\u00ed ten\u00eda mucho miedo. Yo, en este caso soy amiga\u2026 era amiga de Nehu\u00e9n Rodriguez, tambi\u00e9n lo mat\u00f3 la polic\u00eda. Era amiga, iba al colegio con \u00e9l y bueno&#8230; \u00e9l (Bocha) ten\u00eda miedo porque ya sab\u00eda de muchos casos\u201d<\/em>, cont\u00f3 Luana.<\/span><\/p>\n<p><img loading=\"lazy\" decoding=\"async\" class=\"size-medium wp-image-13201 alignleft\" src=\"http:\/\/fmriachuelo.com.ar\/wp-content\/uploads\/2021\/03\/162457204_4063158243715045_6766072218729466996_o-300x200.jpg\" alt=\"\" width=\"300\" height=\"200\" \/><\/p>\n<p><span style=\"font-weight: 400\">Jos\u00e9 Luj\u00e1n Garc\u00eda, segundo jefe a cargo de los prefectos, enumer\u00f3 varios de los incumplimientos cometidos por el grupo de oficiales, lo cual complic\u00f3 a\u00fan m\u00e1s la situaci\u00f3n de los imputados. Esa madrugada, Pablo Br\u00edtez, Axel D\u00edaz Guevara, Javier Fern\u00e1ndez, Cristian L\u00f3pez, Lucila Carrizo, Rub\u00e9n Viana y Mariano Paredes, no solo se hab\u00edan desplazado de la zona de guardia, sino que tampoco informaron sobre procedimientos a sus superiores, ni del uso de armamento. Seg\u00fan Garc\u00eda, todos estaban calificados con experiencia previa y la instrucci\u00f3n constante de la Fuerza.<em> \u201cTodo el personal que intervino tiene responsabilidad\u201d<\/em>, afirm\u00f3.<\/span><\/p>\n<p><span style=\"font-weight: 400\">Con los hechos cada vez m\u00e1s claros sobre la responsabilidades de cada uno de los prefectos, el oficial y perito bal\u00edstico, Redondo Leonardo Daniel, descart\u00f3 la posibilidad de que los disparos se hayan efectuado por doble tap, t\u00e9cnica que permite realizar dos disparos consecutivos o por mec\u00e1nica del arma, recurso que pretend\u00eda utilizar la defensa de Br\u00edtez, principal acusado del homicidio por herir de muerte a Rego.<\/span><\/p>\n<p><strong>Mal manejos hacia la querella<\/strong><\/p>\n<p><span style=\"font-weight: 400\">Desde la primera audiencia virtual a las siguientes presenciales, el desarrollo no fue ejemplar en lo absoluto. Los problemas de conexi\u00f3n ahora son de acceso y espacio en la sala otorgada por el Tribunal. La familia de Bocha comparte en la incomodidad de un pasillo la trasmisi\u00f3n en vivo del juicio junto a familiares de los asesinos y consignas policiales. Haciendo caso omiso al pedido de la querella por una sala m\u00e1s amplia, que las hay, la justicia sigue su derrotero en el acompa\u00f1amiento a las v\u00edctimas. Entre otra de las cuestiones, Jorge Rego, padre de Cristopher, por temas de salud tiene movilidad reducida y utiliza una silla de ruedas, pero para ingresar no hay ninguna rampa sino las grandes escaleras del Palacio de Justicia.<\/span><\/p>\n<p><img loading=\"lazy\" decoding=\"async\" class=\"alignright size-medium wp-image-13202\" src=\"http:\/\/fmriachuelo.com.ar\/wp-content\/uploads\/2021\/03\/161900833_4063157757048427_1666401040858838842_o-300x200.jpg\" alt=\"\" width=\"300\" height=\"200\" \/><\/p>\n<p><strong>Datos de pr\u00f3ximas instancias<\/strong><\/p>\n<p><span style=\"font-weight: 400\">Dentro de las pr\u00f3ximas audiencias se espera el testimonio de la octava oficial implicada en los hechos, Jaqueline Acosta, quien no result\u00f3 procesada por falta de m\u00e9rito. En cuya declaraci\u00f3n previa hab\u00eda apuntado contra el resto de los implicados. Por pedido de la Gremial de Abogados y Abogadas, representantes de la querella, Acosta viajar\u00e1 desde Corrientes hasta la Ciudad Aut\u00f3noma de Buenos Aires para declarar ante el Tribunal de manera presencial.<\/span><\/p>\n<p><span style=\"font-weight: 400\">El martes 23 y jueves 25 de marzo se realizar\u00e1 la quinta y sexta audiencia por el crimen de Bocha.<\/span><\/p>\n<p>&nbsp;<\/p>\n<p><em><strong>*FM Riachuelo\/Revoluciones\/La Retaguardia\/Sur Capitalino\/Revista Resistencias<\/strong><\/em><\/p>\n","protected":false},"excerpt":{"rendered":"<p>[*Por el Colectivo de Medios Populares, 21\/03\/2021] Avanza el juicio contra los 7 prefectos por el homicidio de Christopher \u201cBocha\u00bb Rego. Este viernes se llev\u00f3 adelante la cuarta audiencia, tercera de modo presencial, en los Tribunales de Talcahuano. Con expectativas favorables para la querella, testimoniaron Jos\u00e9 Luj\u00e1n Garc\u00eda, segundo jefe a cargo de los efectivos, [&hellip;]<\/p>\n","protected":false},"author":5,"featured_media":13200,"comment_status":"closed","ping_status":"closed","sticky":false,"template":"","format":"standard","meta":{"_monsterinsights_skip_tracking":false,"_monsterinsights_sitenote_active":false,"_monsterinsights_sitenote_note":"","_monsterinsights_sitenote_category":0,"jnews-multi-image_gallery":[],"jnews_single_post":{"format":"standard"},"jnews_primary_category":[],"_joinchat":[],"footnotes":""},"categories":[143,141,82,58,144],"tags":[],"class_list":["post-13199","post","type-post","status-publish","format-standard","has-post-thumbnail","hentry","category-colectivo-de-medios-populares","category-comunicacion-popular","category-derechos-humanos","category-noticiariachuelo","category-violencia-institucional"],"_links":{"self":[{"href":"http:\/\/fmriachuelo.it10.com.ar\/index.php\/wp-json\/wp\/v2\/posts\/13199","targetHints":{"allow":["GET"]}}],"collection":[{"href":"http:\/\/fmriachuelo.it10.com.ar\/index.php\/wp-json\/wp\/v2\/posts"}],"about":[{"href":"http:\/\/fmriachuelo.it10.com.ar\/index.php\/wp-json\/wp\/v2\/types\/post"}],"author":[{"embeddable":true,"href":"http:\/\/fmriachuelo.it10.com.ar\/index.php\/wp-json\/wp\/v2\/users\/5"}],"replies":[{"embeddable":true,"href":"http:\/\/fmriachuelo.it10.com.ar\/index.php\/wp-json\/wp\/v2\/comments?post=13199"}],"version-history":[{"count":1,"href":"http:\/\/fmriachuelo.it10.com.ar\/index.php\/wp-json\/wp\/v2\/posts\/13199\/revisions"}],"predecessor-version":[{"id":22859,"href":"http:\/\/fmriachuelo.it10.com.ar\/index.php\/wp-json\/wp\/v2\/posts\/13199\/revisions\/22859"}],"wp:featuredmedia":[{"embeddable":true,"href":"http:\/\/fmriachuelo.it10.com.ar\/index.php\/wp-json\/"}],"wp:attachment":[{"href":"http:\/\/fmriachuelo.it10.com.ar\/index.php\/wp-json\/wp\/v2\/media?parent=13199"}],"wp:term":[{"taxonomy":"category","embeddable":true,"href":"http:\/\/fmriachuelo.it10.com.ar\/index.php\/wp-json\/wp\/v2\/categories?post=13199"},{"taxonomy":"post_tag","embeddable":true,"href":"http:\/\/fmriachuelo.it10.com.ar\/index.php\/wp-json\/wp\/v2\/tags?post=13199"}],"curies":[{"name":"wp","href":"https:\/\/api.w.org\/{rel}","templated":true}]}}