{"id":13178,"date":"2021-03-17T14:25:53","date_gmt":"2021-03-17T14:25:53","guid":{"rendered":"http:\/\/fmriachuelo.com.ar\/?p=13178"},"modified":"2025-02-14T15:15:28","modified_gmt":"2025-02-14T18:15:28","slug":"la-fe-y-la-lucha-8-anos-de-francisco","status":"publish","type":"post","link":"http:\/\/fmriachuelo.it10.com.ar\/index.php\/2021\/03\/17\/la-fe-y-la-lucha-8-anos-de-francisco\/","title":{"rendered":"LA FE Y LA LUCHA: 8 A\u00d1OS DE FRANCISCO"},"content":{"rendered":"<p><b>[FM Riachuelo, 17\/3\/2021] \u201cLa Fe y la lucha\u201d. Con estas palabras el Padre Sergio Gomez Tey describi\u00f3 el v\u00ednculo entre los Movimientos Populares y el Papa Francisco en el acto de celebraci\u00f3n en Luj\u00e1n del pasado s\u00e1bado, por los 8 a\u00f1os de pontificado de Jorge Mario Bergoglio. No se equivocaba: de a cientos, los trabajadores de la Econom\u00eda Popular nucleados en la UTEP, desafiaron un mediod\u00eda caluroso para, barbijo y alcohol en gel mediante, hacerse presentes en la explanada de la Bas\u00edlica de Luj\u00e1n. Para decirle a Francisco que ellos lo escuchan, lo siguen y lo sienten un verdadero Papa de los Pueblos.<\/b><\/p>\n<p><strong>Francisco<\/strong> potencia a los que luchan por <strong>\u201cTierra, Techo y Trabajo\u201d<\/strong> en la misma medida que estos inventan un camino posible, de paz y justicia social, contra el derrotero guerrerista que plantean los poderes f\u00e1cticos globales como escapatoria a la crisis del sistema. Los movimientos populares, resistiendo y construyendo alternativas, van inventando en su acci\u00f3n la letra que Francisco recoge y traduce con sensibilidad popular demostrando que existe otro camino posible, que organizarse y luchar tiene sentido.<\/p>\n<p>No debe extra\u00f1ar entonces que a este di\u00e1logo -de palabras, pero m\u00e1s de gestos: de decir haciendo- entre Francisco y los \u201cdescartados del sistema\u201d le corresponda una proporcional indiferencia, censura y tergiversaciones de los medios hegem\u00f3nicos, aquellos que diariamente patean en contra de la dignidad de los Pueblos. Para muestra basta un bot\u00f3n: si los 8 a\u00f1os del primer Papa Argentino no son suficiente acontecimiento, recordemos que hace pocos d\u00edas un hecho de alcance geopol\u00edtico mundial, como fue su visita a Irak, tampoco cont\u00f3 con una cobertura a la altura.<\/p>\n<p>El brazo medi\u00e1tico del poder f\u00e1ctico -especialmente en su cap\u00edtulo nacional- busca meter una cu\u00f1a en esa mutua referencia que se tienen Francisco y los movimientos. Palos en la rueda, intentando que el andar de los Pueblos sea m\u00e1s lento. Honrosas excepciones, algunos medios comunitarios, populares y alternativos que con conciencia hist\u00f3rica vienen desde hace varios a\u00f1os poniendo el micr\u00f3fono en el subsuelo de la Patria, replicando el vibrar de las marchas de San Cayetano y pronunciando sin equ\u00edvocos: \u201cTierra, Techo y Trabajo, son derechos sagrados\u201d.<\/p>\n<p>Es por eso que en esta nota, resultado de nuestra cobertura de la celebraci\u00f3n en Luj\u00e1n de los 8 a\u00f1os de pontificado de Francisco, decidimos honrar su ida y vuelta con los \u201cpoetas sociales\u201d compartiendo algunos testimonios, all\u00ed expresados, que ilustran la valoraci\u00f3n que se tiene de su rol en el movimiento popular. Esas palabras que Francisco se preocupa siempre en escuchar:<\/p>\n<p><strong>Esteban \u201cGringo\u201d Castro, Secretario General de UTEP<\/strong>: <em>\u201cLo m\u00e1s fuerte fue cuando fuimos al primer encuentro de Movimientos Populares en el Vaticano. Yo particularmente no ten\u00eda conciencia de qu\u00e9 me iba a encontrar. Me encontr\u00e9 con dirigentes y dirigentas de todos los movimientos del mundo, y despu\u00e9s cuando tuvimos la posibilidad de escuchar el discurso, coincid\u00eda profundamente con nuestro planteo. En un momento en que ac\u00e1 en Argentina nos llamaban choriplaneros, ah\u00ed en el Vaticano el Papa nos elev\u00f3 espiritualmente y vinimos con la idea de que la lucha que est\u00e1bamos dando estaba bien, que hab\u00eda que pelear mucho contra la fragmentaci\u00f3n que genera el sistema. El Papa termina diciendo que este sistema no se aguanta y que con el amor como motor de la historia hab\u00eda que construir un sistema basado en una econom\u00eda centrada en los seres humanos. Planteo que coincide con el de nuestra Econom\u00eda Popular\u201d.<\/em><\/p>\n<p><strong>Lito Borello, Secretario de Derechos Humanos de la UTEP:<\/strong> <em>\u201cCreo que fundamentalmente, Francisco es una gran inspiraci\u00f3n. Y cuando hablo de inspiraci\u00f3n no estoy hablando de su rol religioso, creo que de alguna manera su valoraci\u00f3n hace que m\u00e1s all\u00e1 de la espiritualidad y de la religi\u00f3n que cada uno profese, el Papa Francisco hoy es una gran inspiraci\u00f3n para todos los Movimientos Populares de todo el mundo\u201d.<\/em><\/p>\n<p><strong>Lucas Pedr\u00f3, integrante de Misioneros de Francisco:<\/strong> <em>\u201cSomos contempor\u00e1neos de un momento muy especial, hist\u00f3rico. Por primera vez en dos mil a\u00f1os de historia de la Iglesia tenemos un Papa argentino y adem\u00e1s latinoamericano, de la Patria Grande para el mundo. El Papa camin\u00f3 nuestros barrios, estuvo con nosotros, no es que naci\u00f3 hace ocho a\u00f1os, tiene una historia en las villas en los barrios muy coherente y se corresponde con lo que ahora es el Papa Francisco. Nos interpela de esa manera: nos ha llamado a construir las tres T, Tierra, Techo y Trabajo. Nos ha llamado a construir la fraternidad, la amistad social, a defender la casa com\u00fan. Decimos que Francisco constantemente nos tira centros, entonces es nuestra responsabilidad ir cabeceando, ir misionando el mensaje de Francisco, que se multiplique, que no quede solo en la Iglesia, sino que trascienda\u201d.<\/em><\/p>\n<p><strong>Marta Ferraro, referente de la Agrupaci\u00f3n De Frente, integrante de la Mesa Gremial 19y20 de la UTEP:<\/strong> <em>\u201cFrancisco es un antes y un despu\u00e9s, creo que significa eso para la Iglesia Cat\u00f3lica. El papado de Francisco es una bisagra. La \u00faltima acci\u00f3n del papa al visitar Irak muestra lo que es. Muestra lo que quiere que la Iglesia sea y la amplitud y el respeto por los otros incluso los que tengan otras creencias. Hoy estamos reunidos los Misioneros de Francisco, fuimos creados despu\u00e9s que el Papa asumiera, somos una congregaci\u00f3n joven y somos los que nos relacionamos con los movimientos sociales, los que estamos continuamente trabajando en la base, los que estamos sosteniendo la pandemia, los que estamos sosteniendo la crisis. As\u00ed que no solamente lo vamos a festejar a Francisco, sino que nos vamos a festejar a nosotros\u201d.<\/em><\/p>\n<p><strong>Mario Gonz\u00e1lez, un militante del Movimiento Popular Los Pibes:<\/strong><em> \u201cEsto lo dice todo, d\u00f3nde estamos hoy y ahora: en la plaza de Luj\u00e1n es donde tenemos que venir a reivindicar los ocho a\u00f1os del Papa que es lo m\u00e1s importante. Con los Carreros, los pata sucia, con los pobres. Porque realmente es lo que dice el Papa: \u00a1hagamos l\u00edo! El Papa empez\u00f3 a hacer l\u00edo en Irak y nosotros ac\u00e1 lo apoyamos como en los \u00faltimos ocho a\u00f1os, que esperemos sean ochenta\u201d.<\/em><\/p>\n<p><strong>Ana Mar\u00eda,<\/strong> presente en la celebraci\u00f3n con las compa\u00f1eras del <strong>Comedor Bartolina Sisa de la Organizaci\u00f3n Convocatoria Segunda Independencia:<\/strong> <em>\u201cel s\u00e1bado pasado hicimos llegar la Virgen al barrio, la Virgen Gaucha, la Virgen de los Argentinos, en un momento muy especial del mundo con esta llegada del Papa a Irak. Orando y haciendo fuerza por Francisco es que, es que nosotros trajimos la Virgen de Luj\u00e1n al barrio. Y hoy la volvimos a traer ac\u00e1, a Luj\u00e1n, donde se va a hacer el cierre, donde vamos a estar todos los compa\u00f1eros del barrio apoy\u00e1ndolo a Francisco en estos ocho a\u00f1os de papado. Y que nos de fuerza, yo creo y hablo, ahora s\u00ed en nombre de mis compa\u00f1eros, que la religiosidad y la lucha van de la mano en el pueblo. Por eso estamos ac\u00e1 y es muy importante para nosotros lo que es la religiosidad m\u00e1s all\u00e1 de los credos, sino la lucha de un pueblo por estar mejor. Porque \u00b4otro mundo es posible\u00b4\u201d.<\/em><\/p>\n<p><strong>Gabriel \u201cPato\u201d Duna, integrante del Movimiento Misioneros de Francisco:<\/strong><em> \u201cPara nosotros simboliza mucho Francisco. De hecho lo voy a traducir un poco al futbol: Francisco juega en otra liga. Es un l\u00edder mundial, que arriesga hasta su vida para dar el amor que le est\u00e1 dando hoy al mundo, ni hablar a nuestra Latinoam\u00e9rica, pensemos en todos los momentos en que banc\u00f3 a personas como Lula, como Evo, que fueron castigados por esta justicia que tanto nos castiga hoy, la nueva manera de castigar a los Pueblos. Creo que Francisco para nosotros es alguien indiscutido y le voy a robar la frase a un compa\u00f1ero que la dijo: verdaderamente tiene estrategia pol\u00edtica, a nosotros nos mata la coyuntura del d\u00eda a d\u00eda, y verdaderamente Francisco nos muestra otro camino\u201d.<\/em><\/p>\n<p><strong>El mensaje de Francisco<\/strong><\/p>\n<p>El encuentro del s\u00e1bado concluy\u00f3 con las bendiciones a los presentes oficiadas por el <strong>Obispo de Luj\u00e1n, Monse\u00f1or Jorge Eduardo Scheinig<\/strong>, quien introdujo su intervenci\u00f3n compartiendo un mensaje que \u201cde pu\u00f1o y letra\u201d Francisco le envi\u00f3 a los que se hab\u00edan reunido frente a la Bas\u00edlica:<\/p>\n<blockquote><p>\u00abTe pido por favor que les digas que les agradezco, que estoy con ellos. Que rezo por sus familias y por sus trabajos\u00bb.<\/p><\/blockquote>\n","protected":false},"excerpt":{"rendered":"<p>[FM Riachuelo, 17\/3\/2021] \u201cLa Fe y la lucha\u201d. Con estas palabras el Padre Sergio Gomez Tey describi\u00f3 el v\u00ednculo entre los Movimientos Populares y el Papa Francisco en el acto de celebraci\u00f3n en Luj\u00e1n del pasado s\u00e1bado, por los 8 a\u00f1os de pontificado de Jorge Mario Bergoglio. No se equivocaba: de a cientos, los trabajadores [&hellip;]<\/p>\n","protected":false},"author":5,"featured_media":13179,"comment_status":"closed","ping_status":"closed","sticky":false,"template":"","format":"standard","meta":{"_monsterinsights_skip_tracking":false,"_monsterinsights_sitenote_active":false,"_monsterinsights_sitenote_note":"","_monsterinsights_sitenote_category":0,"jnews-multi-image_gallery":[],"jnews_single_post":{"format":"standard"},"jnews_primary_category":[],"_joinchat":[],"footnotes":""},"categories":[78,145,79,58,62],"tags":[],"class_list":["post-13178","post","type-post","status-publish","format-standard","has-post-thumbnail","hentry","category-economia-popular","category-movimientos-populares","category-nadie-se-salva-solo","category-noticiariachuelo","category-religiosidad-popular"],"_links":{"self":[{"href":"http:\/\/fmriachuelo.it10.com.ar\/index.php\/wp-json\/wp\/v2\/posts\/13178","targetHints":{"allow":["GET"]}}],"collection":[{"href":"http:\/\/fmriachuelo.it10.com.ar\/index.php\/wp-json\/wp\/v2\/posts"}],"about":[{"href":"http:\/\/fmriachuelo.it10.com.ar\/index.php\/wp-json\/wp\/v2\/types\/post"}],"author":[{"embeddable":true,"href":"http:\/\/fmriachuelo.it10.com.ar\/index.php\/wp-json\/wp\/v2\/users\/5"}],"replies":[{"embeddable":true,"href":"http:\/\/fmriachuelo.it10.com.ar\/index.php\/wp-json\/wp\/v2\/comments?post=13178"}],"version-history":[{"count":3,"href":"http:\/\/fmriachuelo.it10.com.ar\/index.php\/wp-json\/wp\/v2\/posts\/13178\/revisions"}],"predecessor-version":[{"id":22874,"href":"http:\/\/fmriachuelo.it10.com.ar\/index.php\/wp-json\/wp\/v2\/posts\/13178\/revisions\/22874"}],"wp:featuredmedia":[{"embeddable":true,"href":"http:\/\/fmriachuelo.it10.com.ar\/index.php\/wp-json\/"}],"wp:attachment":[{"href":"http:\/\/fmriachuelo.it10.com.ar\/index.php\/wp-json\/wp\/v2\/media?parent=13178"}],"wp:term":[{"taxonomy":"category","embeddable":true,"href":"http:\/\/fmriachuelo.it10.com.ar\/index.php\/wp-json\/wp\/v2\/categories?post=13178"},{"taxonomy":"post_tag","embeddable":true,"href":"http:\/\/fmriachuelo.it10.com.ar\/index.php\/wp-json\/wp\/v2\/tags?post=13178"}],"curies":[{"name":"wp","href":"https:\/\/api.w.org\/{rel}","templated":true}]}}