{"id":13122,"date":"2021-03-11T20:42:40","date_gmt":"2021-03-11T20:42:40","guid":{"rendered":"http:\/\/fmriachuelo.com.ar\/?p=13122"},"modified":"2025-02-14T15:14:05","modified_gmt":"2025-02-14T18:14:05","slug":"enacom-visita-la-fm-riachuelo","status":"publish","type":"post","link":"http:\/\/fmriachuelo.it10.com.ar\/index.php\/2021\/03\/11\/enacom-visita-la-fm-riachuelo\/","title":{"rendered":"ENACOM VISIT\u00d3 LA FM RIACHUELO"},"content":{"rendered":"<p><strong><b>[FM Riachuelo, 11\/3\/2021] <\/b>En el marco de las visitas que la Direcci\u00f3n Nacional de Fomento y Desarrollo del Ente Nacional de Comunicaciones (ENACOM) realiza a diferentes medios comunitarios y populares, el pasado martes 9 de marzo Mar\u00eda Sucarrat, subdirectora de Medios Comunitarios y Pluralidad de Voces, y Luis Zarranz, uno de los coordinadores del \u00e1rea, visitaron nuestra sede de FM Riachuelo en el barrio de La Boca.<\/strong><\/p>\n<p>Luego de realizar una recorrida por los distintos espacios y \u00e1reas de trabajo e intercambiar conversaci\u00f3n con el conjunto nuestrxs compa\u00f1erxs, trabajadorxs de la comunicaci\u00f3n, sobre las acciones que se vienen llevando adelante en la comunidad del barrio, en el sector de la econom\u00eda popular y en las producciones radiales, accedieron a una entrevista en nuestro estudio. Tambi\u00e9n form\u00f3 parte de la comitiva de recepci\u00f3n y el reportaje a lxs funcionarios de la <strong>ENACOM<\/strong> la compa\u00f1era <strong>Johana Adamo<\/strong> de <strong>FM La Milagrosa<\/strong>, radio comunitaria hermana, del barrio de Mataderos, con quienes articulamos y compartimos el dial 100.9.<\/p>\n<p><img loading=\"lazy\" decoding=\"async\" class=\" wp-image-13127 aligncenter\" src=\"http:\/\/fmriachuelo.com.ar\/wp-content\/uploads\/2021\/03\/WhatsApp-Image-2021-03-09-at-12.26.54-PM-300x200.jpeg\" alt=\"\" width=\"485\" height=\"324\" \/><\/p>\n<p>Los \u00faltimos 5 a\u00f1os la relaci\u00f3n con este organismo fue a trav\u00e9s de intimaciones, notificaciones, amenazas, persecuci\u00f3n hacia nuestras radios y, hasta incluso, decomiso de equipos en algunas radios hermanas. Y si bien el <strong>ENACOM<\/strong> realiz\u00f3 una normalizaci\u00f3n parcial del sector de radios comunitarias, hasta la actualidad no ha avanzado en la normalizaci\u00f3n, en las llamadas \u201czona de conflicto\u201d, de las emisoras comunitarias hijas de la ley de servicios de comunicaci\u00f3n de la democracia conquistada con la lucha popular en el a\u00f1o 2009.<\/p>\n<p>En claro contraste con este recorrido, durante la entrevista radial <strong>Sucarrat<\/strong> expres\u00f3: \u201c<em>Las radios comunitarias son vitales y son un faro en los momentos en los que ocurren cosas al interior de las comunidades m\u00e1s profundas<\/em>\u201d. \u201c<em>Deber\u00eda haber, al interior de cada comunidad, una radio que pueda expresar el sentir de sus habitantes<\/em>\u201d. A lo que <strong>Zarranz<\/strong> agreg\u00f3: \u201c<em>Recorremos las entidades que participan del Fomeca para conocer lo que est\u00e1 al otro lado de los papeles que miramos<\/em>\u201c(\u2026) \u201c<em>El Estado tiene que apoyar y fomentar los procesos formativos de estos medios. Esa es la tarea que intentamos aportar desde nuestra \u00c1rea<\/em>\u201d.<\/p>\n<p><img loading=\"lazy\" decoding=\"async\" class=\"wp-image-13155 aligncenter\" src=\"http:\/\/fmriachuelo.com.ar\/wp-content\/uploads\/2021\/03\/WhatsApp-Image-2021-03-09-at-12.26.35-PM-300x200.jpeg\" alt=\"\" width=\"539\" height=\"359\" \/><\/p>\n<p>En otro pasaje de la entrevista <strong>Sucarrat<\/strong> confes\u00f3 que \u201c<em>es la primera vez que la Enacom sale a los medios comunitarios<\/em>\u201d y concluy\u00f3 \u201c<em>Es una pol\u00edtica que nos hemos dado porque no pod\u00e9s estar gestionando lo que no conoces. Abrimos puertas para que los medios comunitarios se acerquen. La idea es abrevar unos en otros para poder hacer un mejor desarrollo y uso de los fondos<\/em>\u201d. Por su parte <strong>Johana Adamo<\/strong>, de <strong>FM La Milagrosa<\/strong>, remarc\u00f3 \u201c<em>Otro de los pilares fundamentales de la comunicaci\u00f3n popular es la articulaci\u00f3n y multiplicaci\u00f3n de voces. Esta l\u00f3gica de acompa\u00f1arnos y de trabajar conjuntamente entre los medios comunitarios hay que destacarla\u00bb<\/em>.<\/p>\n<p><img loading=\"lazy\" decoding=\"async\" class=\" wp-image-13130 aligncenter\" src=\"http:\/\/fmriachuelo.com.ar\/wp-content\/uploads\/2021\/03\/WhatsApp-Image-2021-03-09-at-12.26.36-PM-300x200.jpeg\" alt=\"\" width=\"502\" height=\"334\" \/><\/p>\n","protected":false},"excerpt":{"rendered":"<p>[FM Riachuelo, 11\/3\/2021] En el marco de las visitas que la Direcci\u00f3n Nacional de Fomento y Desarrollo del Ente Nacional de Comunicaciones (ENACOM) realiza a diferentes medios comunitarios y populares, el pasado martes 9 de marzo Mar\u00eda Sucarrat, subdirectora de Medios Comunitarios y Pluralidad de Voces, y Luis Zarranz, uno de los coordinadores del \u00e1rea, [&hellip;]<\/p>\n","protected":false},"author":5,"featured_media":13123,"comment_status":"closed","ping_status":"closed","sticky":false,"template":"","format":"standard","meta":{"_monsterinsights_skip_tracking":false,"_monsterinsights_sitenote_active":false,"_monsterinsights_sitenote_note":"","_monsterinsights_sitenote_category":0,"jnews-multi-image_gallery":[],"jnews_single_post":{"format":"standard"},"jnews_primary_category":[],"_joinchat":[],"footnotes":""},"categories":[141,58,75],"tags":[],"class_list":["post-13122","post","type-post","status-publish","format-standard","has-post-thumbnail","hentry","category-comunicacion-popular","category-noticiariachuelo","category-trabajo"],"_links":{"self":[{"href":"http:\/\/fmriachuelo.it10.com.ar\/index.php\/wp-json\/wp\/v2\/posts\/13122","targetHints":{"allow":["GET"]}}],"collection":[{"href":"http:\/\/fmriachuelo.it10.com.ar\/index.php\/wp-json\/wp\/v2\/posts"}],"about":[{"href":"http:\/\/fmriachuelo.it10.com.ar\/index.php\/wp-json\/wp\/v2\/types\/post"}],"author":[{"embeddable":true,"href":"http:\/\/fmriachuelo.it10.com.ar\/index.php\/wp-json\/wp\/v2\/users\/5"}],"replies":[{"embeddable":true,"href":"http:\/\/fmriachuelo.it10.com.ar\/index.php\/wp-json\/wp\/v2\/comments?post=13122"}],"version-history":[{"count":1,"href":"http:\/\/fmriachuelo.it10.com.ar\/index.php\/wp-json\/wp\/v2\/posts\/13122\/revisions"}],"predecessor-version":[{"id":22873,"href":"http:\/\/fmriachuelo.it10.com.ar\/index.php\/wp-json\/wp\/v2\/posts\/13122\/revisions\/22873"}],"wp:featuredmedia":[{"embeddable":true,"href":"http:\/\/fmriachuelo.it10.com.ar\/index.php\/wp-json\/"}],"wp:attachment":[{"href":"http:\/\/fmriachuelo.it10.com.ar\/index.php\/wp-json\/wp\/v2\/media?parent=13122"}],"wp:term":[{"taxonomy":"category","embeddable":true,"href":"http:\/\/fmriachuelo.it10.com.ar\/index.php\/wp-json\/wp\/v2\/categories?post=13122"},{"taxonomy":"post_tag","embeddable":true,"href":"http:\/\/fmriachuelo.it10.com.ar\/index.php\/wp-json\/wp\/v2\/tags?post=13122"}],"curies":[{"name":"wp","href":"https:\/\/api.w.org\/{rel}","templated":true}]}}