{"id":13087,"date":"2021-03-07T17:17:13","date_gmt":"2021-03-07T17:17:13","guid":{"rendered":"http:\/\/fmriachuelo.com.ar\/?p=13087"},"modified":"2025-02-14T15:17:08","modified_gmt":"2025-02-14T18:17:08","slug":"villa-madero-encuentro-y-companerismo-en-apoyo-a-francisco","status":"publish","type":"post","link":"http:\/\/fmriachuelo.it10.com.ar\/index.php\/2021\/03\/07\/villa-madero-encuentro-y-companerismo-en-apoyo-a-francisco\/","title":{"rendered":"VILLA MADERO: ENCUENTRO Y COMPA\u00d1ERISMO EN APOYO A FRANCISCO"},"content":{"rendered":"<p><strong>[FM Riachuelo, 7\/3\/2021] Ayer, en el partido de La Matanza, Villa Madero fue el lugar de encuentro de diferentes expresiones populares, acompa\u00f1ando una celebraci\u00f3n interreligiosa, con radio abierta y f\u00fatbol por la paz, dentro del marco del apoyo a Francisco durante sus viajes en distintas ciudades de Irak. La actividad se realiz\u00f3 en Camino de la Virgen Mar\u00eda al 500, donde funciona el Merendero Papa Francisco, que junto con el Movimiento Misioneros de Francisco, convocaron a esta jornada.<\/strong><\/p>\n<p><span style=\"font-weight: 400\">A las cuatro y media de la tarde dio inicio la actividad, con una ceremonia interreligiosa de la que participaron oradores representantes de diferentes comunidades. Se encontraron las voces del presidente de la <strong>Organizaci\u00f3n Isl\u00e1mica Argentina<\/strong>, <strong>Sheij Masmud Aid<\/strong>, tambi\u00e9n director de la mezquita <strong>El M\u00e1rtir, de Tucum\u00e1n<\/strong>, con la del <strong>Rabino Dami\u00e1n Karo<\/strong> y <strong>Guillermo Schefer<\/strong>, servidor del <strong>Movimiento Misioneros de Francisco<\/strong>.\u00a0<img loading=\"lazy\" decoding=\"async\" class=\"alignright wp-image-13091\" src=\"http:\/\/fmriachuelo.com.ar\/wp-content\/uploads\/2021\/03\/WhatsApp-Image-2021-03-07-at-13.14.52-1-300x200.jpeg\" alt=\"\" width=\"470\" height=\"314\" \/><\/span><\/p>\n<p><span style=\"font-weight: 400\">La jornada continu\u00f3 desarroll\u00e1ndose con las ni\u00f1eces en la primera fila, entre mates y choripanes compartidos y con partido de f\u00fatbol; consciente forma de acompa\u00f1ar la misi\u00f3n de Francisco en Irak, llevando adelante un vivo reflejo de una cultura del encuentro por la paz, de fuerte car\u00e1cter barrial. La radio abierta fue conducida por <strong>Alejandro Salom\u00f3n<\/strong>, del <strong>Merendero Papa Francisco<\/strong>, y tambi\u00e9n estuvieron presentes <strong>Enrique Palmeiro<\/strong>, de <strong>Scholas Ocurrentes<\/strong>, y <strong>Lucas Pedr\u00f3<\/strong>, tambi\u00e9n de Misioneros de Francisco.<\/span><\/p>\n<p><span style=\"font-weight: 400\">Tambi\u00e9n particip\u00f3 <strong>Lito Borello<\/strong>, secretario de Derechos Humanos de la <strong>Uni\u00f3n de Trabajadores de la Econom\u00eda Popular (UTEP)<\/strong>, quien resalt\u00f3 el coraje de Francisco al hacer su primer viaje en pandemia a Irak, y su valor pol\u00edtico: <em>\u201cEs en un mundo que est\u00e1 en profunda crisis, en un mundo donde hay un pu\u00f1ado de poderosos que ponen en riesgo hasta el propio planeta, que juegan el destino de la humanidad dispuestos a apretar un bot\u00f3n y a meternos a todos en una guerra\u201d<\/em>.\u00a0<\/span><\/p>\n<p><span style=\"font-weight: 400\">En un contexto tan complejo, en el que mientras las grandes potencias insisten en la guerra, en los barrios se siguen juntando ladrillos para la casa, Lito reflexion\u00f3 sobre el valor de acompa\u00f1ar al Papa con algo tan simple como un encuentro barrial: <em>\u201cQu\u00e9 bueno que sea as\u00ed el formato, que bueno que sea con esa sencillez que seguramente le dar\u00e1 mucha alegr\u00eda a Francisco cuando lo vea. Porque creo que este el mundo que nosotros so\u00f1amos, sencillo, los fines de semana poder compartir con amigos, con familia, comer una pizza, prender el fuego para hacer un asado. No pretendemos mucho\u201d<\/em>.<img loading=\"lazy\" decoding=\"async\" class=\" wp-image-13093 alignleft\" src=\"http:\/\/fmriachuelo.com.ar\/wp-content\/uploads\/2021\/03\/WhatsApp-Image-2021-03-07-at-13.03.18-300x200.jpeg\" alt=\"\" width=\"521\" height=\"347\" \/><\/span><\/p>\n<p><span style=\"font-weight: 400\">De la actividad, participaron Convocatoria Segunda Independencia y organizaciones que conforman la <strong>Mesa Gremial 19 y 20 &#8211; UTEP: la OLP (Organizaciones Libres del Pueblo), la Agrupaci\u00f3n de Frente &#8211; M\u00e1ximo Paz y el Movimiento Popular Los Pibes<\/strong>, el cual cont\u00f3 con la presencia de Recicladores de La Boca, el Paseo de la Econom\u00eda Popular Mart\u00edn Oso Cisneros, la Casa Popular El Fog\u00f3n Avellaneda, la Casa Popular El Patio, la FM Riachuelo, la Brigada Sanitaria Los Pibes y Gimnasio Popular Los Pibes.<\/span><\/p>\n<p><span style=\"font-weight: 400\">Otra cosa destacable de la jornada es que, adem\u00e1s del Merendero Papa Fancisco, hubo m\u00faltiples actividades en distintos territorios del pa\u00eds en apoyo a Francisco, tanto ayer como el viernes. Fue el caso del desayuno de la Organizaci\u00f3n Huellas de Esperanza de Puerto Iguaz\u00fa, Misiones, as\u00ed como la misa en la parroquia San Jos\u00e9 Obrero convocada por el Merendero El \u00c1ngel de la Bicicleta, de Salta, pidiendo por la vida del Papa. Tambi\u00e9n el Comedor y Merendero Bartolina Sisa de Cuartel V de Moreno realiz\u00f3 un desayuno para el barrio, mientras que en Concordia, Entre R\u00edos, el Merendero Los Naranjitos realiz\u00f3 un trabajo de huerta para luego reflexionar sobre la visita del Papa a Irak.<\/span><\/p>\n<p><span style=\"font-weight: 400\">Compartir charlas, almuerzos, desayunos, reflexiones, sue\u00f1os, anhelos; encontrarse. En esto se resume una jornada en la que qued\u00f3 claro, nuevamente, que los pueblos luchan m\u00e1s que nada para conquistar una vida digna y pac\u00edfica; ni m\u00e1s, ni menos.<\/span><\/p>\n","protected":false},"excerpt":{"rendered":"<p>[FM Riachuelo, 7\/3\/2021] Ayer, en el partido de La Matanza, Villa Madero fue el lugar de encuentro de diferentes expresiones populares, acompa\u00f1ando una celebraci\u00f3n interreligiosa, con radio abierta y f\u00fatbol por la paz, dentro del marco del apoyo a Francisco durante sus viajes en distintas ciudades de Irak. La actividad se realiz\u00f3 en Camino de [&hellip;]<\/p>\n","protected":false},"author":5,"featured_media":13090,"comment_status":"closed","ping_status":"closed","sticky":false,"template":"","format":"standard","meta":{"_monsterinsights_skip_tracking":false,"_monsterinsights_sitenote_active":false,"_monsterinsights_sitenote_note":"","_monsterinsights_sitenote_category":0,"jnews-multi-image_gallery":[],"jnews_single_post":{"format":"standard"},"jnews_primary_category":[],"_joinchat":[],"footnotes":""},"categories":[145,79,58,62],"tags":[],"class_list":["post-13087","post","type-post","status-publish","format-standard","has-post-thumbnail","hentry","category-movimientos-populares","category-nadie-se-salva-solo","category-noticiariachuelo","category-religiosidad-popular"],"_links":{"self":[{"href":"http:\/\/fmriachuelo.it10.com.ar\/index.php\/wp-json\/wp\/v2\/posts\/13087","targetHints":{"allow":["GET"]}}],"collection":[{"href":"http:\/\/fmriachuelo.it10.com.ar\/index.php\/wp-json\/wp\/v2\/posts"}],"about":[{"href":"http:\/\/fmriachuelo.it10.com.ar\/index.php\/wp-json\/wp\/v2\/types\/post"}],"author":[{"embeddable":true,"href":"http:\/\/fmriachuelo.it10.com.ar\/index.php\/wp-json\/wp\/v2\/users\/5"}],"replies":[{"embeddable":true,"href":"http:\/\/fmriachuelo.it10.com.ar\/index.php\/wp-json\/wp\/v2\/comments?post=13087"}],"version-history":[{"count":1,"href":"http:\/\/fmriachuelo.it10.com.ar\/index.php\/wp-json\/wp\/v2\/posts\/13087\/revisions"}],"predecessor-version":[{"id":22876,"href":"http:\/\/fmriachuelo.it10.com.ar\/index.php\/wp-json\/wp\/v2\/posts\/13087\/revisions\/22876"}],"wp:featuredmedia":[{"embeddable":true,"href":"http:\/\/fmriachuelo.it10.com.ar\/index.php\/wp-json\/"}],"wp:attachment":[{"href":"http:\/\/fmriachuelo.it10.com.ar\/index.php\/wp-json\/wp\/v2\/media?parent=13087"}],"wp:term":[{"taxonomy":"category","embeddable":true,"href":"http:\/\/fmriachuelo.it10.com.ar\/index.php\/wp-json\/wp\/v2\/categories?post=13087"},{"taxonomy":"post_tag","embeddable":true,"href":"http:\/\/fmriachuelo.it10.com.ar\/index.php\/wp-json\/wp\/v2\/tags?post=13087"}],"curies":[{"name":"wp","href":"https:\/\/api.w.org\/{rel}","templated":true}]}}