{"id":13077,"date":"2021-03-06T13:21:03","date_gmt":"2021-03-06T13:21:03","guid":{"rendered":"http:\/\/fmriachuelo.com.ar\/?p=13077"},"modified":"2025-02-14T15:18:01","modified_gmt":"2025-02-14T18:18:01","slug":"francisco-en-irak-la-cultura-del-encuentro-por-la-paz","status":"publish","type":"post","link":"http:\/\/fmriachuelo.it10.com.ar\/index.php\/2021\/03\/06\/francisco-en-irak-la-cultura-del-encuentro-por-la-paz\/","title":{"rendered":"FRANCISCO EN IRAK: LA CULTURA DEL ENCUENTRO POR LA PAZ"},"content":{"rendered":"<p><strong>[FM Riachuelo, 6\/3\/2021] El d\u00eda de ayer el Papa Francisco lleg\u00f3 a Bagdad, dando inicio a sus viajes a lo largo de Irak, uno de los centros religiosos de la cultura isl\u00e1mica. Se trata de un hecho hist\u00f3rico totalmente in\u00e9dito: un Papa cat\u00f3lico visita un centro de la cultura isl\u00e1mica. En este contexto, Lito Borello, secretario de Derechos Humanos de la Uni\u00f3n de Trabajadores de la Econom\u00eda Popular, y Lucas Pedr\u00f3, educador popular y servidor de Misioneros de Francisco, visitaron el piso de la FM Riachuelo, para reflexionar sobre las implicancias geopol\u00edticas de este viaje, ensayando una mirada desde la religiosidad popular.<\/strong><\/p>\n<p style=\"text-align: left\"><span style=\"font-weight: 400\">Desde un inicio, Lucas Pedr\u00f3 habl\u00f3 de la clave en la cual interpretar este viaje: \u201c<em>El Papa desde el arranque de su mandato viene en este camino: de la cultura del encuentro y de ir tendiendo puentes<\/em>\u201d. A su vez, Lito Borello agreg\u00f3 que es necesario pensarlo dentro de un actual contexto de crisis global, sist\u00e9mica y civilizatoria: \u201c<em>Francisco cruza el l\u00edmite del rol religioso, se convierte en un estadista a nivel mundial de alt\u00edsimo relieve, y dir\u00edamos un embajador de la paz<\/em>\u201d. Y es que Irak se trata de un territorio caliente, un centro en la disputa por la soberan\u00eda de los\u00a0 pueblos de Medio Oriente frente la hegemon\u00eda estadounidense.<\/span><\/p>\n<p><span style=\"font-weight: 400\"><img loading=\"lazy\" decoding=\"async\" class=\"size-medium wp-image-13083 alignleft\" src=\"http:\/\/fmriachuelo.com.ar\/wp-content\/uploads\/2021\/03\/IMG-20210305-WA0036-300x200.jpg\" alt=\"\" width=\"300\" height=\"200\" \/>\u201c<em>Es un Papa que constantemente est\u00e1 mandando se\u00f1ales y gestos, y creo que este es un gesto al di\u00e1logo, al encuentro y a la amistad social (&#8230;) Es un mensaje y una se\u00f1al a toda la regi\u00f3n de Medio Oriente, de armon\u00eda, de paz y esperanza, y ojal\u00e1 se pueda ir construyendo<\/em>\u201d, se\u00f1al\u00f3 el integrante de Misioneros de Francisco, dando el pie para que Borello recordara el Segundo Encuentro de Movimientos Populares en Santa Cruz de la Sierra, donde Francisco remarc\u00f3 que \u201ceste sistema no da m\u00e1s\u201d y que \u201chay que construir otro mundo posible\u201d: \u201c<em>Es un Papa que no habla de manera el\u00edptica -muchas veces el mensaje religioso est\u00e1 encriptado en formas que es dif\u00edcil de interpretar-. Si hay algo que tiene Francisco, es que cada vez que dice algo, da un mensaje muy claro<\/em>\u201d.<\/span><\/p>\n<blockquote><p><span style=\"font-weight: 400\"><img loading=\"lazy\" decoding=\"async\" class=\"size-medium wp-image-13081 alignright\" src=\"http:\/\/fmriachuelo.com.ar\/wp-content\/uploads\/2021\/03\/IMG-20210305-WA0040-300x200.jpg\" alt=\"\" width=\"300\" height=\"200\" srcset=\"http:\/\/fmriachuelo.it10.com.ar\/wp-content\/uploads\/2021\/03\/IMG-20210305-WA0040-300x200.jpg 300w, http:\/\/fmriachuelo.it10.com.ar\/wp-content\/uploads\/2021\/03\/IMG-20210305-WA0040-1024x683.jpg 1024w, http:\/\/fmriachuelo.it10.com.ar\/wp-content\/uploads\/2021\/03\/IMG-20210305-WA0040-768x512.jpg 768w, http:\/\/fmriachuelo.it10.com.ar\/wp-content\/uploads\/2021\/03\/IMG-20210305-WA0040.jpg 1280w\" sizes=\"auto, (max-width: 300px) 100vw, 300px\" \/>Adem\u00e1s, Lucas se permiti\u00f3 reflexionar sobre el rol de Francisco recuperando el viejo mensaje de Cristo, a quien se refiri\u00f3 como \u201cun compa\u00f1ero que se jug\u00f3 la vida por los pobres\u201d: \u201c<em>La Iglesia es una estructura conservadora, siempre lo fue, donde hay sectores que no representan el mensaje de Cristo. Francisco viene a poner eso de vuelta en el centro<\/em>\u201d. Fue as\u00ed que el secretario de DDHH de la UTEP critic\u00f3 la actitud de los grandes medios al no mostrar la relevancia de este hecho hist\u00f3rico e in\u00e9dito: \u201c<em>Asombra el silencio frente a un hecho tan trascendente como el viaje de Francisco a Irak, como los medios est\u00e1n ninguneando este viaje tan importante para el planeta, y sin embargo, vemos c\u00f3mo hay una planificada manera de silenciar el viaje de Francisco<\/em>\u201d.<\/span><\/p>\n<p><span style=\"font-weight: 400\"><img loading=\"lazy\" decoding=\"async\" class=\"size-medium wp-image-13078 alignleft\" src=\"http:\/\/fmriachuelo.com.ar\/wp-content\/uploads\/2021\/03\/IMG-20210305-WA0037-300x200.jpg\" alt=\"\" width=\"300\" height=\"200\" srcset=\"http:\/\/fmriachuelo.it10.com.ar\/wp-content\/uploads\/2021\/03\/IMG-20210305-WA0037-300x200.jpg 300w, http:\/\/fmriachuelo.it10.com.ar\/wp-content\/uploads\/2021\/03\/IMG-20210305-WA0037-1024x683.jpg 1024w, http:\/\/fmriachuelo.it10.com.ar\/wp-content\/uploads\/2021\/03\/IMG-20210305-WA0037-768x512.jpg 768w, http:\/\/fmriachuelo.it10.com.ar\/wp-content\/uploads\/2021\/03\/IMG-20210305-WA0037-750x500.jpg 750w, http:\/\/fmriachuelo.it10.com.ar\/wp-content\/uploads\/2021\/03\/IMG-20210305-WA0037-1140x761.jpg 1140w, http:\/\/fmriachuelo.it10.com.ar\/wp-content\/uploads\/2021\/03\/IMG-20210305-WA0037.jpg 1280w\" sizes=\"auto, (max-width: 300px) 100vw, 300px\" \/>Luego de esta reflexi\u00f3n, ambos coincidieron en que tanto los discursos como las pr\u00e1cticas del Papa representan gran incomodidad para los poderosos: \u201c<em>para el que ha acumulado hect\u00e1reas y hect\u00e1reas de tierra, viene Francisco y dice \u2018ojo que la\u00a0 tierra es un bien universal\u2019, Francisco es un enemigo<\/em>\u201d, expres\u00f3 Lucas, a la vez que anunci\u00f3 que, el pr\u00f3ximo jueves 11 de marzo a las 16hs, Misioneros de Francisco dar\u00e1 inicio a su programa \u201cHaciendo L\u00edo\u201d, al aire de la FM\u00a0 Riachuelo.<\/span><\/p><\/blockquote>\n<p><span style=\"font-weight: 400\">Con este planteo sobre la mesa, Lito Borello no pudo evitar contrastar la actitud miserable de los poderosos con la voluntad de vencer de los pueblos, que contin\u00faan afrontando la pandemia con solidaridad y organizaci\u00f3n. De\u00a0 esta manera, concluy\u00f3: \u201c<em>esto genera realmente un alt\u00edsimo optimismo, una muy fuerte confianza en nuestro pueblo, y por eso nosotros creemos que pese a la adversidad, que como dice la frase, nunca la noche es tan oscura como antes de amanecer, ya en el horizonte se ven algunas luces de ese amanecer<\/em>\u201d.<\/span><\/p>\n<p style=\"text-align: left\">En el d\u00eda de hoy a las 16:30hs, en Camino de la Virgen Mar\u00eda al 500 en Villa Madero, La Matanza, el Movimiento Popular Los Pibes estar\u00e1 acompa\u00f1ando una actividad impulsada por Misioneros de Francisco, que consistir\u00e1 en una celebraci\u00f3n interreligiosa, con radio abierta y un f\u00fatbol por la paz.<\/p>\n<p><strong><a href=\"https:\/\/ar.radiocut.fm\/audiocut\/francisco-en-irak-cultura-del-encuentro-con-paz\/\" target=\"_blank\" rel=\"noopener\">ESCUCH\u00c1 AC\u00c1 LA ENTREVISTA COMPLETA<\/a><\/strong><\/p>\n","protected":false},"excerpt":{"rendered":"<p>[FM Riachuelo, 6\/3\/2021] El d\u00eda de ayer el Papa Francisco lleg\u00f3 a Bagdad, dando inicio a sus viajes a lo largo de Irak, uno de los centros religiosos de la cultura isl\u00e1mica. Se trata de un hecho hist\u00f3rico totalmente in\u00e9dito: un Papa cat\u00f3lico visita un centro de la cultura isl\u00e1mica. En este contexto, Lito Borello, [&hellip;]<\/p>\n","protected":false},"author":5,"featured_media":13082,"comment_status":"closed","ping_status":"closed","sticky":false,"template":"","format":"standard","meta":{"_monsterinsights_skip_tracking":false,"_monsterinsights_sitenote_active":false,"_monsterinsights_sitenote_note":"","_monsterinsights_sitenote_category":0,"jnews-multi-image_gallery":[],"jnews_single_post":{"format":"standard"},"jnews_primary_category":[],"_joinchat":[],"footnotes":""},"categories":[61,79,58,62],"tags":[],"class_list":["post-13077","post","type-post","status-publish","format-standard","has-post-thumbnail","hentry","category-especiales-riachuelo","category-nadie-se-salva-solo","category-noticiariachuelo","category-religiosidad-popular"],"_links":{"self":[{"href":"http:\/\/fmriachuelo.it10.com.ar\/index.php\/wp-json\/wp\/v2\/posts\/13077","targetHints":{"allow":["GET"]}}],"collection":[{"href":"http:\/\/fmriachuelo.it10.com.ar\/index.php\/wp-json\/wp\/v2\/posts"}],"about":[{"href":"http:\/\/fmriachuelo.it10.com.ar\/index.php\/wp-json\/wp\/v2\/types\/post"}],"author":[{"embeddable":true,"href":"http:\/\/fmriachuelo.it10.com.ar\/index.php\/wp-json\/wp\/v2\/users\/5"}],"replies":[{"embeddable":true,"href":"http:\/\/fmriachuelo.it10.com.ar\/index.php\/wp-json\/wp\/v2\/comments?post=13077"}],"version-history":[{"count":1,"href":"http:\/\/fmriachuelo.it10.com.ar\/index.php\/wp-json\/wp\/v2\/posts\/13077\/revisions"}],"predecessor-version":[{"id":22877,"href":"http:\/\/fmriachuelo.it10.com.ar\/index.php\/wp-json\/wp\/v2\/posts\/13077\/revisions\/22877"}],"wp:featuredmedia":[{"embeddable":true,"href":"http:\/\/fmriachuelo.it10.com.ar\/index.php\/wp-json\/"}],"wp:attachment":[{"href":"http:\/\/fmriachuelo.it10.com.ar\/index.php\/wp-json\/wp\/v2\/media?parent=13077"}],"wp:term":[{"taxonomy":"category","embeddable":true,"href":"http:\/\/fmriachuelo.it10.com.ar\/index.php\/wp-json\/wp\/v2\/categories?post=13077"},{"taxonomy":"post_tag","embeddable":true,"href":"http:\/\/fmriachuelo.it10.com.ar\/index.php\/wp-json\/wp\/v2\/tags?post=13077"}],"curies":[{"name":"wp","href":"https:\/\/api.w.org\/{rel}","templated":true}]}}