{"id":13010,"date":"2021-02-23T22:57:44","date_gmt":"2021-02-23T22:57:44","guid":{"rendered":"http:\/\/fmriachuelo.com.ar\/?p=13010"},"modified":"2025-02-16T18:16:12","modified_gmt":"2025-02-16T21:16:12","slug":"lucas-cabelllo-esperamos-que-la-camara-de-casacion-ratifique-la-sentencia-y-ayala-vaya-preso","status":"publish","type":"post","link":"http:\/\/fmriachuelo.it10.com.ar\/index.php\/2021\/02\/23\/lucas-cabelllo-esperamos-que-la-camara-de-casacion-ratifique-la-sentencia-y-ayala-vaya-preso\/","title":{"rendered":"Lucas Cabelllo: \u201cEsperamos que la C\u00e1mara de Casaci\u00f3n ratifique la sentencia y Ayala vaya preso\u201d"},"content":{"rendered":"<p><strong>[Por AGENCIA PACO URONDO 23\/02\/2021]\u00a0\u00abYa lo han condenado en un fallo un\u00e1nime. Hace m\u00e1s de un a\u00f1o que estoy esperando que los jueces dejen\u00a0la sentencia firme para lograr que vaya preso como tiene que ser. Intent\u00f3 matarme y est\u00e1 libre en su casa\u00bb, se\u00f1al\u00f3 el joven v\u00edctima de un caso de gatillo f\u00e1cil en di\u00e1logo con\u00a0AGENCIA PACO URONDO.\u00a0<\/strong><\/p>\n<p>El intento de asesinato de Lucas Cabello por parte de Ricardo Luis Gabriel Ayala, oficial de la, en ese entonces, Polic\u00eda Metropolitana, es paradigm\u00e1tico del gatillo f\u00e1cil como pol\u00edtica de estado. Abusos cotidianos de las fuerzas de seguridad, encubrimiento por parte de los responsables pol\u00edticos y demoras o fallas en el proceso judicial.<\/p>\n<p>A finales de 2015, Lucas sal\u00eda de una panader\u00eda en La Boca y, tras discutir con el uniformado,<a href=\"https:\/\/www.agenciapacourondo.com.ar\/violencia-institucional\/la-policia-metropolitana-baleo-un-joven\">\u00a0este decidi\u00f3 dispararle en tres oportunidades, en presencia de su mujer y su hija<\/a>. En la Comisar\u00eda 24 le negaron a varias personas la realizaci\u00f3n de una denuncia por lo que hab\u00eda sucedido. Lucas, que en ese momento ten\u00eda 20 a\u00f1os, qued\u00f3 internado en grave estado durante varios meses. El accionar de la Metropolitana cerraba su c\u00edrculo.<\/p>\n<p>El siguiente paso fueron las declaraciones de las autoridades del Gobierno de la Ciudad. En primer lugar, Mar\u00eda Eugenia Vidal, por aquel entonces no s\u00f3lo Vicejefa porte\u00f1a sino Gobernadora bonaerense electa, desliz\u00f3 que \u201cen origen era un caso de violencia de g\u00e9nero\u201d.\u00a0<a href=\"https:\/\/www.agenciapacourondo.com.ar\/violencia-institucional\/la-mujer-del-joven-baleado-por-la-metropolitana-desmiente-vidal\">Fue desmentida por la pareja del joven\u00a0<\/a>y por l<a href=\"https:\/\/www.agenciapacourondo.com.ar\/violencia-institucional\/gatillo-facil-la-defensa-publica-de-la-ciudad-tambien-desmiente-vidal\">a Defensa P\u00fablica de la Ciudad<\/a>. M\u00e1s tarde Guillermo Montenegro, ministro de Justicia y Seguridad, agreg\u00f3 a dicha hip\u00f3tesis, ya refutada, que Lucas estaba armado, pero fue r\u00e1pidamente desmentido por los abogados de la familia Cabello.\u00a0<a href=\"https:\/\/www.agenciapacourondo.com.ar\/violencia-institucional\/desde-su-creacion-la-metropolitana-ha-sido-responsable-de-al-menos-6\">El hecho se sumaba al historial de violencia institucional<\/a>\u00a0por parte de la fuerza de seguridad dependiente de Ciudad y<a href=\"https:\/\/www.agenciapacourondo.com.ar\/violencia-institucional\/el-cinismo-pro-que-repudia-la-violencia-institucional\">\u00a0serv\u00eda como muestra del cinismo del Pro.<\/a><\/p>\n<p>En instancias judiciales<a href=\"https:\/\/www.agenciapacourondo.com.ar\/violencia-institucional\/denuncian-al-juez-rappa-por-obstruir-causas-de-violaciones-los-ddhh\">, tras cuestionamiento al juez<\/a>\u00a0y dos postergaciones, el 5 de diciembre de 2019 el polic\u00eda Ayala fue condenado a 16 a\u00f1os de prisi\u00f3n por intento de homicidio agravado. Sin embargo, a m\u00e1s de un a\u00f1o,\u00a0<a href=\"https:\/\/www.agenciapacourondo.com.ar\/violencia-institucional\/caso-lucas-cabello-estamos-esperando-que-quede-firme-el-fallo-y-vaya-preso\">la sentencia todav\u00eda no fue ratificada por la C\u00e1mara de Casaci\u00f3n<\/a>. AGENCIA PACO URONDO dialog\u00f3 con Lucas Cabello.<\/p>\n<p><strong>Agencia Paco Urondo: \u00bfCu\u00e1l es la situaci\u00f3n del polic\u00eda Ricardo Luis Gabriel Ayala?<\/strong><\/p>\n<p>Lucas Cabello: Ya lo han condenado en un fallo un\u00e1nime. Hace m\u00e1s de un a\u00f1o que estoy esperando que la C\u00e1mara de Casaci\u00f3n ponga la sentencia firme para lograr que vaya preso como tiene que ser. Intent\u00f3 matarme y est\u00e1 libre en su casa. Me levanto todos los d\u00edas pensando en ese d\u00eda. Estoy esperando que Casaci\u00f3n haga algo porque todav\u00eda no hizo nada. Si hubiese sido al rev\u00e9s, yo estaba preso desde el primer minuto. No entiendo por qu\u00e9 se protege tanto a un polic\u00eda asesino. Es una verg\u00fcenza la demora.<\/p>\n<p><strong>APU: \u00bfConsidera que esta demora se enmarca en las postergaciones del juicio?<\/strong><\/p>\n<p>LC: M\u00e1s all\u00e1 de las postergaciones, el juicio fue bastante r\u00e1pido. La C\u00e1mara se demora porque lo est\u00e1n protegiendo. Si la condena es mayor a 15 a\u00f1os tiene que estar preso por riesgo de fuga. \u00c9l tiene contactos. Si se fuga y no lo encuentran, \u00bfqu\u00e9 pasa? Yo me quedo sin justicia, esperando que alg\u00fan d\u00eda se aparezca por mi casa para terminar lo que quiso hacer. S\u00e9 que no va a ir a una c\u00e1rcel com\u00fan, sino a un pabell\u00f3n con privilegios, con otros que han intentado asesinar y no han podido. Fue tan cobarde que ni siquiera me mat\u00f3 y me dej\u00f3 vivo para que yo pueda contar toda la verdad.<\/p>\n<p><strong>APU: \u00bfQu\u00e9 pas\u00f3 con la investigaci\u00f3n que se abri\u00f3 para averiguar responsabilidades pol\u00edticas y civiles de las autoridades?<\/strong><\/p>\n<p>LC: Tampoco s\u00e9 nada. Depende de los jueces ya. Quisiera saber qui\u00e9n fue el psic\u00f3logo que le hizo la pericia para que con diez meses de instrucci\u00f3n saliera a la calle armado. Vidal hab\u00eda dicho adem\u00e1s que hab\u00eda llegado caminando al Hospital Argerich. Es una verg\u00fcenza porque se dijeron un mont\u00f3n de versiones para ensuciarme y defender a la polic\u00eda. Nunca recib\u00ed un llamado del gobierno para saber c\u00f3mo estaba. Las autoridades que se ten\u00edan que hacer cargo en estos seis a\u00f1os nunca vinieron. Lo \u00fanico que hicieron, el 10 de noviembre de 2015, fue acercarse a mi mam\u00e1 para ofrecerle 300 mil pesos y que la causa quede cerrada, mientras yo estaba internado.<\/p>\n<p><strong>APU: \u00bfCu\u00e1l es tu an\u00e1lisis sobre el proceso judicial?<\/strong><\/p>\n<p>LC: Hasta ahora no hubo justicia porque no pas\u00f3 nada. Va a llegar tarde, pero va a llegar. El tema son los \u00e1nimos. Yo la estoy pasando muy mal, con tratamiento psiqui\u00e1trico. Estoy trabajando en una radio, tengo proyectos. Este a\u00f1o voy a empezar la universidad para estudiar periodismo deportivo. Lo que me gustar\u00eda es que se haga justicia y as\u00ed poder ejercer en unos a\u00f1os la profesi\u00f3n que a m\u00ed me gusta.<\/p>\n<p>Este jueves van a salir algunas agrupaciones del barrio para pegar afiches para dar a conocer la cara del asesino y que quede encarcelado. No puede seguir caminando tranquilo. Me arruin\u00f3 todo lo que ten\u00eda pensado a mis 20 a\u00f1os. Quiero justicia para cerrar una etapa. Si alg\u00fan funcionario superior me lee, quiero decirles que no les cuesta nada llamarme, pero yo s\u00e9 que no lo van a hacer.<\/p>\n<p>&nbsp;<\/p>\n","protected":false},"excerpt":{"rendered":"<p>[Por AGENCIA PACO URONDO 23\/02\/2021]\u00a0\u00abYa lo han condenado en un fallo un\u00e1nime. Hace m\u00e1s de un a\u00f1o que estoy esperando que los jueces dejen\u00a0la sentencia firme para lograr que vaya preso como tiene que ser. Intent\u00f3 matarme y est\u00e1 libre en su casa\u00bb, se\u00f1al\u00f3 el joven v\u00edctima de un caso de gatillo f\u00e1cil en di\u00e1logo [&hellip;]<\/p>\n","protected":false},"author":5,"featured_media":13011,"comment_status":"closed","ping_status":"closed","sticky":false,"template":"","format":"standard","meta":{"_monsterinsights_skip_tracking":false,"_monsterinsights_sitenote_active":false,"_monsterinsights_sitenote_note":"","_monsterinsights_sitenote_category":0,"jnews-multi-image_gallery":[],"jnews_single_post":{"format":"standard"},"jnews_primary_category":[],"_joinchat":[],"footnotes":""},"categories":[141,58,144],"tags":[],"class_list":["post-13010","post","type-post","status-publish","format-standard","has-post-thumbnail","hentry","category-comunicacion-popular","category-noticiariachuelo","category-violencia-institucional"],"_links":{"self":[{"href":"http:\/\/fmriachuelo.it10.com.ar\/index.php\/wp-json\/wp\/v2\/posts\/13010","targetHints":{"allow":["GET"]}}],"collection":[{"href":"http:\/\/fmriachuelo.it10.com.ar\/index.php\/wp-json\/wp\/v2\/posts"}],"about":[{"href":"http:\/\/fmriachuelo.it10.com.ar\/index.php\/wp-json\/wp\/v2\/types\/post"}],"author":[{"embeddable":true,"href":"http:\/\/fmriachuelo.it10.com.ar\/index.php\/wp-json\/wp\/v2\/users\/5"}],"replies":[{"embeddable":true,"href":"http:\/\/fmriachuelo.it10.com.ar\/index.php\/wp-json\/wp\/v2\/comments?post=13010"}],"version-history":[{"count":1,"href":"http:\/\/fmriachuelo.it10.com.ar\/index.php\/wp-json\/wp\/v2\/posts\/13010\/revisions"}],"predecessor-version":[{"id":22884,"href":"http:\/\/fmriachuelo.it10.com.ar\/index.php\/wp-json\/wp\/v2\/posts\/13010\/revisions\/22884"}],"wp:featuredmedia":[{"embeddable":true,"href":"http:\/\/fmriachuelo.it10.com.ar\/index.php\/wp-json\/wp\/v2\/media\/13011"}],"wp:attachment":[{"href":"http:\/\/fmriachuelo.it10.com.ar\/index.php\/wp-json\/wp\/v2\/media?parent=13010"}],"wp:term":[{"taxonomy":"category","embeddable":true,"href":"http:\/\/fmriachuelo.it10.com.ar\/index.php\/wp-json\/wp\/v2\/categories?post=13010"},{"taxonomy":"post_tag","embeddable":true,"href":"http:\/\/fmriachuelo.it10.com.ar\/index.php\/wp-json\/wp\/v2\/tags?post=13010"}],"curies":[{"name":"wp","href":"https:\/\/api.w.org\/{rel}","templated":true}]}}