{"id":13004,"date":"2021-02-23T22:23:10","date_gmt":"2021-02-23T22:23:10","guid":{"rendered":"http:\/\/fmriachuelo.com.ar\/?p=13004"},"modified":"2025-02-16T18:16:48","modified_gmt":"2025-02-16T21:16:48","slug":"laferrere-denuncian-la-detencion-arbitraria-de-un-joven","status":"publish","type":"post","link":"http:\/\/fmriachuelo.it10.com.ar\/index.php\/2021\/02\/23\/laferrere-denuncian-la-detencion-arbitraria-de-un-joven\/","title":{"rendered":"LAFERRERE: DENUNCIAN LA DETENCI\u00d3N ARBITRARIA DE UN JOVEN"},"content":{"rendered":"<p><strong>[Por Colectivo de Medios Populares (*) 23\/02\/2021]\u00a0En la tarde del 2 de febrero de este a\u00f1o, Alejandro Fabi\u00e1n Ferreyra se dirig\u00eda a comprar un repuesto para autos que le hab\u00eda solicitado su padre, Luis. Como cualquier otro d\u00eda y cualquier otra tarde en Laferrere, donde habita la familia. Pero cerca de las 16 de aquel martes de verano sus vidas entrar\u00edan en una pesadilla de la que a\u00fan no han logrado salir.<\/strong><\/p>\n<div>\u201cA Alejandro lo detienen por orden del Jefe de calle de Laferrere, se lo llevan porque dice ten\u00eda un pedido de captura del a\u00f1o pasado, pero eso es imposible, \u00e9l no tiene antecedentes ni nada\u201d, explica Luis. El joven de 21 a\u00f1os se encuentra detenido desde entonces en la Comisar\u00eda Primera de Isidro Casanova. \u201cPrimero lo tuvieron en Laferrere, ah\u00ed lo maltrataron y golpearon, y lo esposaron tan violentamente que por varios d\u00edas le qued\u00f3 la mano dolorida\u201d, agrega su padre.<\/div>\n<div><\/div>\n<div>Los abogados de la familia dan cuenta de que no se ha presentado ninguna prueba del delito que se le imputa: haber participado del robo de una distribuidora. \u201c\u00c9l es incapaz de hacer eso, tengo el testimonio de los vecinos que nos conocen de toda la vida, nunca anduvo en nada raro ni era capaz de hacer esas cosas\u201d, sostiene Luis Ferreyra. En tanto este lunes esperan poder avanzar con la causa, y tener mayores datos de qu\u00e9 le depara a Alejandro y c\u00f3mo pueden lograr su libertad. Por lo pronto, sus abogados ya han pedido que se le conceda la excarcelaci\u00f3n debido a que \u201cnos encontramos en los albores del inicio de la investigaci\u00f3n\u201d y que c\u00f3mo reza nuestra Constituci\u00f3n, toda persona es inocente hasta que se demuestre lo contrario.<\/div>\n<div><\/div>\n<div>\u201cYa no tengo fuerzas para seguir, estamos pasando un momento muy triste. Veo muchos casos as\u00ed, hoy nos toc\u00f3 a nosotros\u201d, cuenta dolido Luis. \u201cCada vez que llevamos la comida, es un calvario, nunca pasamos por algo as\u00ed\u201d, agrega el padre de \u00e9ste joven que espera conseguir con la difusi\u00f3n de su caso que por fin se haga justicia.<\/div>\n<div><\/div>\n<div><i>*FM Riachuelo\/FM La Caterva\/La Retaguardia\/Agencia Paco Urondo\/Sur Capitalino\/Radio Gr\u00e1fica\/Radio Presente\/Revoluciones.net<\/i><\/div>\n","protected":false},"excerpt":{"rendered":"<p>[Por Colectivo de Medios Populares (*) 23\/02\/2021]\u00a0En la tarde del 2 de febrero de este a\u00f1o, Alejandro Fabi\u00e1n Ferreyra se dirig\u00eda a comprar un repuesto para autos que le hab\u00eda solicitado su padre, Luis. Como cualquier otro d\u00eda y cualquier otra tarde en Laferrere, donde habita la familia. Pero cerca de las 16 de aquel [&hellip;]<\/p>\n","protected":false},"author":5,"featured_media":13005,"comment_status":"closed","ping_status":"closed","sticky":false,"template":"","format":"standard","meta":{"_monsterinsights_skip_tracking":false,"_monsterinsights_sitenote_active":false,"_monsterinsights_sitenote_note":"","_monsterinsights_sitenote_category":0,"jnews-multi-image_gallery":[],"jnews_single_post":{"format":"standard"},"jnews_primary_category":[],"_joinchat":[],"footnotes":""},"categories":[143,141,82,58,144],"tags":[],"class_list":["post-13004","post","type-post","status-publish","format-standard","has-post-thumbnail","hentry","category-colectivo-de-medios-populares","category-comunicacion-popular","category-derechos-humanos","category-noticiariachuelo","category-violencia-institucional"],"_links":{"self":[{"href":"http:\/\/fmriachuelo.it10.com.ar\/index.php\/wp-json\/wp\/v2\/posts\/13004","targetHints":{"allow":["GET"]}}],"collection":[{"href":"http:\/\/fmriachuelo.it10.com.ar\/index.php\/wp-json\/wp\/v2\/posts"}],"about":[{"href":"http:\/\/fmriachuelo.it10.com.ar\/index.php\/wp-json\/wp\/v2\/types\/post"}],"author":[{"embeddable":true,"href":"http:\/\/fmriachuelo.it10.com.ar\/index.php\/wp-json\/wp\/v2\/users\/5"}],"replies":[{"embeddable":true,"href":"http:\/\/fmriachuelo.it10.com.ar\/index.php\/wp-json\/wp\/v2\/comments?post=13004"}],"version-history":[{"count":1,"href":"http:\/\/fmriachuelo.it10.com.ar\/index.php\/wp-json\/wp\/v2\/posts\/13004\/revisions"}],"predecessor-version":[{"id":22885,"href":"http:\/\/fmriachuelo.it10.com.ar\/index.php\/wp-json\/wp\/v2\/posts\/13004\/revisions\/22885"}],"wp:featuredmedia":[{"embeddable":true,"href":"http:\/\/fmriachuelo.it10.com.ar\/index.php\/wp-json\/wp\/v2\/media\/13005"}],"wp:attachment":[{"href":"http:\/\/fmriachuelo.it10.com.ar\/index.php\/wp-json\/wp\/v2\/media?parent=13004"}],"wp:term":[{"taxonomy":"category","embeddable":true,"href":"http:\/\/fmriachuelo.it10.com.ar\/index.php\/wp-json\/wp\/v2\/categories?post=13004"},{"taxonomy":"post_tag","embeddable":true,"href":"http:\/\/fmriachuelo.it10.com.ar\/index.php\/wp-json\/wp\/v2\/tags?post=13004"}],"curies":[{"name":"wp","href":"https:\/\/api.w.org\/{rel}","templated":true}]}}