{"id":12960,"date":"2021-01-24T21:54:02","date_gmt":"2021-01-24T21:54:02","guid":{"rendered":"http:\/\/fmriachuelo.com.ar\/?p=12960"},"modified":"2025-02-16T18:19:32","modified_gmt":"2025-02-16T21:19:32","slug":"unidad-y-solidaridad-latinoamericana-desde-las-entranas-de-los-barrios-populares","status":"publish","type":"post","link":"http:\/\/fmriachuelo.it10.com.ar\/index.php\/2021\/01\/24\/unidad-y-solidaridad-latinoamericana-desde-las-entranas-de-los-barrios-populares\/","title":{"rendered":"UNIDAD Y SOLIDARIDAD LATINOAMERICANA DESDE LAS ENTRA\u00d1AS DE LOS BARRIOS POPULARES"},"content":{"rendered":"<p><strong>[FM Riachuelo, 24\/1\/2021] Este s\u00e1bado 23 de enero de 2021, se inaugur\u00f3 la Casa de la Amistad Argentino Cubana \u00abCamilo Torres\u00bb, en el espacio comunitario de la Casa Popular El Fog\u00f3n de Gerli, Avellaneda, respetando todas las medidas de sanidad, alcohol en gel, revisi\u00f3n de temperatura y barbijo. El acto comenz\u00f3 pasado el mediod\u00eda, y all\u00ed se compartieron saludos y reflexiones sobre la Unidad de los pueblos hermanos de Nuestra Am\u00e9rica.\u00a0<\/strong><\/p>\n<p><span style=\"font-weight: 400\"><strong><img loading=\"lazy\" decoding=\"async\" class=\" wp-image-12968 alignleft\" src=\"http:\/\/fmriachuelo.com.ar\/wp-content\/uploads\/2021\/01\/WhatsApp-Image-2021-01-24-at-18.40.21-300x200.jpeg\" alt=\"\" width=\"332\" height=\"221\" srcset=\"http:\/\/fmriachuelo.it10.com.ar\/wp-content\/uploads\/2021\/01\/WhatsApp-Image-2021-01-24-at-18.40.21-300x200.jpeg 300w, http:\/\/fmriachuelo.it10.com.ar\/wp-content\/uploads\/2021\/01\/WhatsApp-Image-2021-01-24-at-18.40.21-1024x682.jpeg 1024w, http:\/\/fmriachuelo.it10.com.ar\/wp-content\/uploads\/2021\/01\/WhatsApp-Image-2021-01-24-at-18.40.21-768x512.jpeg 768w, http:\/\/fmriachuelo.it10.com.ar\/wp-content\/uploads\/2021\/01\/WhatsApp-Image-2021-01-24-at-18.40.21-750x500.jpeg 750w, http:\/\/fmriachuelo.it10.com.ar\/wp-content\/uploads\/2021\/01\/WhatsApp-Image-2021-01-24-at-18.40.21-1140x760.jpeg 1140w, http:\/\/fmriachuelo.it10.com.ar\/wp-content\/uploads\/2021\/01\/WhatsApp-Image-2021-01-24-at-18.40.21.jpeg 1280w\" sizes=\"auto, (max-width: 332px) 100vw, 332px\" \/>Pedro Prada, Embajador de la Rep\u00fablica de Cuba<\/strong>, quien se hizo presente en la actividad, reivindic\u00f3 el nombre de la casa, enfatizando en su carga simb\u00f3lica: <em>\u00abQue el ejemplo de Camilo Torres, uno de los grandes de Nuestra Am\u00e9rica, los gu\u00ede. Que su ejemplo de generosidad, de desapego a lo material y defensa de la vida por sobre todas las cosas, los inspire y que el sentido de la unidad y la lucha que \u00e9l nos ense\u00f1\u00f3 a todos los acompa\u00f1e siempre\u00bb<\/em>. Luego, brind\u00f3 unas c\u00e1lidas palabras al nutrido auditorio conformado por Organizaciones y Movimientos Populares: <em>\u00abLes deseo que esta casa sea un centro de promoci\u00f3n de todas esas ideas y valores, que vengan los representantes de los diferentes pueblos de Nuestra Am\u00e9rica, como est\u00e1n hoy representados aqu\u00ed, a exponer tambi\u00e9n su cultura y sus tradiciones\u00bb.<\/em><\/span><\/p>\n<p><span style=\"font-weight: 400\">Tambi\u00e9n estuvo presente <strong>Lito Borello Secretario de Derechos Humanos de la UTEP y Coordinador Nacional del Movimiento Popular Los Pibes<\/strong>, que dio cuenta del v\u00ednculo que une a todos los pueblos del continente: <em>\u00abSientan que aparte de ese pedazo de isla que tienen en la embajada, cada una de estos lugares son trincheras de esa Revoluci\u00f3n que ustedes defienden hace m\u00e1s de 60 a\u00f1os\u00bb.<\/em> Sobre esta misma l\u00ednea, <strong>Carina Maloberti, referente\u00a0 de Convocatoria Segunda Independencia<\/strong>, dej\u00f3 en claro la necesidad de continuar construyendo la unidad latinoamericana, al explicar que el nombre de la casa tiene su base en un lema de Camilo Torres: <em>\u00abs\u00f3lo la unidad de nuestros pueblos nos har\u00e1 libres\u00bb.<\/em><\/span><\/p>\n<p><span style=\"font-weight: 400\"><em><img loading=\"lazy\" decoding=\"async\" class=\"wp-image-12963 alignright\" src=\"http:\/\/fmriachuelo.com.ar\/wp-content\/uploads\/2021\/01\/WhatsApp-Image-2021-01-24-at-18.40.23-300x200.jpeg\" alt=\"\" width=\"367\" height=\"244\" srcset=\"http:\/\/fmriachuelo.it10.com.ar\/wp-content\/uploads\/2021\/01\/WhatsApp-Image-2021-01-24-at-18.40.23-300x200.jpeg 300w, http:\/\/fmriachuelo.it10.com.ar\/wp-content\/uploads\/2021\/01\/WhatsApp-Image-2021-01-24-at-18.40.23-1024x682.jpeg 1024w, http:\/\/fmriachuelo.it10.com.ar\/wp-content\/uploads\/2021\/01\/WhatsApp-Image-2021-01-24-at-18.40.23-768x512.jpeg 768w, http:\/\/fmriachuelo.it10.com.ar\/wp-content\/uploads\/2021\/01\/WhatsApp-Image-2021-01-24-at-18.40.23-750x500.jpeg 750w, http:\/\/fmriachuelo.it10.com.ar\/wp-content\/uploads\/2021\/01\/WhatsApp-Image-2021-01-24-at-18.40.23-1140x760.jpeg 1140w, http:\/\/fmriachuelo.it10.com.ar\/wp-content\/uploads\/2021\/01\/WhatsApp-Image-2021-01-24-at-18.40.23.jpeg 1280w\" sizes=\"auto, (max-width: 367px) 100vw, 367px\" \/><\/em>De la celebraci\u00f3n formaron parte la <strong>Organizaci\u00f3n Convocatoria Segunda Independencia<\/strong>, el <strong>Movimiento Popular Los Pibes<\/strong>, el <strong>Frente de Unidad German Abdala<\/strong>, la <strong>CTA aut\u00f3noma<\/strong>, el <strong>Movimiento Argentina Rebelde<\/strong>, la <strong>Fundaci\u00f3n Che Pibe<\/strong>, y <strong>Movimiento Argentino de Solidaridad con Cuba.<\/strong><\/span><\/p>\n<p><span style=\"font-weight: 400\"><img loading=\"lazy\" decoding=\"async\" class=\"wp-image-12961 alignleft\" src=\"http:\/\/fmriachuelo.com.ar\/wp-content\/uploads\/2021\/01\/WhatsApp-Image-2021-01-24-at-18.40.23-2-300x200.jpeg\" alt=\"\" width=\"297\" height=\"198\" srcset=\"http:\/\/fmriachuelo.it10.com.ar\/wp-content\/uploads\/2021\/01\/WhatsApp-Image-2021-01-24-at-18.40.23-2-300x200.jpeg 300w, http:\/\/fmriachuelo.it10.com.ar\/wp-content\/uploads\/2021\/01\/WhatsApp-Image-2021-01-24-at-18.40.23-2-1024x682.jpeg 1024w, http:\/\/fmriachuelo.it10.com.ar\/wp-content\/uploads\/2021\/01\/WhatsApp-Image-2021-01-24-at-18.40.23-2-768x512.jpeg 768w, http:\/\/fmriachuelo.it10.com.ar\/wp-content\/uploads\/2021\/01\/WhatsApp-Image-2021-01-24-at-18.40.23-2-750x500.jpeg 750w, http:\/\/fmriachuelo.it10.com.ar\/wp-content\/uploads\/2021\/01\/WhatsApp-Image-2021-01-24-at-18.40.23-2-1140x760.jpeg 1140w, http:\/\/fmriachuelo.it10.com.ar\/wp-content\/uploads\/2021\/01\/WhatsApp-Image-2021-01-24-at-18.40.23-2.jpeg 1280w\" sizes=\"auto, (max-width: 297px) 100vw, 297px\" \/>Al mismo tiempo, llegaron m\u00faltiples saludos internacionales: <strong style=\"font-weight: 400\">Fernandez Gonzales Yor<\/strong>, uno de los cinco h\u00e9roes Cubanos, Presidente del instituto Cubano de amistad con los pueblos; <strong style=\"font-weight: 400\">Yaisel Pieter<\/strong>, Secretario General del Sindicato Nacional de Trabajadores de Administraci\u00f3n p\u00fablica; <strong style=\"font-weight: 400\">Carmen Dinis<\/strong>, miembro del comit\u00e9 Carioca de solidaridad con Cuba de R\u00edo de Janeiro; <strong style=\"font-weight: 400\">Tamara Ara\u00fajo<\/strong>, miembro del Movimiento Solidaridad con Cuba de Brasil; <strong style=\"font-weight: 400\">Orlando Pojo<\/strong> de Bolivia, senador del MAS; <strong style=\"font-weight: 400\">Cristian\u00a0<\/strong><b>Rodr\u00edguez<\/b>, candidato a alcalde para la ciudad de Montero en Santa Cruz de la Sierra, Bolivia; <strong>Larri Morales<\/strong>, Presidente de la Asociaci\u00f3n Nicolas Guill\u00e9n de ciego de Avila Moron, Cuba; y <strong>Cristina Coronel<\/strong>, de Amaraques y Asociaci\u00f3n Morense de Amistad Argentino Cubana.<\/span><\/p>\n<p><span style=\"font-weight: 400\"><img loading=\"lazy\" decoding=\"async\" class=\"wp-image-12962 alignright\" src=\"http:\/\/fmriachuelo.com.ar\/wp-content\/uploads\/2021\/01\/WhatsApp-Image-2021-01-24-at-18.40.23-1-300x200.jpeg\" alt=\"\" width=\"336\" height=\"224\" srcset=\"http:\/\/fmriachuelo.it10.com.ar\/wp-content\/uploads\/2021\/01\/WhatsApp-Image-2021-01-24-at-18.40.23-1-300x200.jpeg 300w, http:\/\/fmriachuelo.it10.com.ar\/wp-content\/uploads\/2021\/01\/WhatsApp-Image-2021-01-24-at-18.40.23-1-1024x682.jpeg 1024w, http:\/\/fmriachuelo.it10.com.ar\/wp-content\/uploads\/2021\/01\/WhatsApp-Image-2021-01-24-at-18.40.23-1-768x512.jpeg 768w, http:\/\/fmriachuelo.it10.com.ar\/wp-content\/uploads\/2021\/01\/WhatsApp-Image-2021-01-24-at-18.40.23-1-750x500.jpeg 750w, http:\/\/fmriachuelo.it10.com.ar\/wp-content\/uploads\/2021\/01\/WhatsApp-Image-2021-01-24-at-18.40.23-1-1140x760.jpeg 1140w, http:\/\/fmriachuelo.it10.com.ar\/wp-content\/uploads\/2021\/01\/WhatsApp-Image-2021-01-24-at-18.40.23-1.jpeg 1280w\" sizes=\"auto, (max-width: 336px) 100vw, 336px\" \/>En el acto se entregaron obras hechas por distintos artistas, entre ellas un cuadro de Camilo Torres hecho por los compa\u00f1eros Eva y Cristian de la Brigada Muralista Rebelde, junto con l\u00e1minas que representaban a Cuba. Tambi\u00e9n de homenaje hubo una pareja de compa\u00f1eros que hicieron el baile Nacional del Per\u00fa \u201cLa Marinera\u00bb y un trovador que luego de interpretar algunos temas, dio lugar a que se cante entre todos \u00abHasta siempre Comandante\u00bb. Fue as\u00ed que durante todo el acto se sinti\u00f3 el fuerte lazo que une a los pueblos de Nuestra Am\u00e9rica. Adem\u00e1s, el homenaje fue acompa\u00f1ado con un brindis por la inauguraci\u00f3n y unas empanadas hechas por las compa\u00f1eras.<\/span><\/p>\n<p><span style=\"font-weight: 400\">El cierre de la jornada se realiz\u00f3 junto al mural hecho por la militancia\u00a0 de la Casa Popular El Fog\u00f3n, la Brigada de Muralistas Rebeldes Enrique y Tamara (entre otros), ubicado a una cuadra de all\u00ed. El acto dej\u00f3 la grata sensaci\u00f3n de haber dado un gran paso en la construcci\u00f3n de unidad de nuestros pueblos.<\/p>\n<p><a href=\"https:\/\/www.facebook.com\/media\/set?vanity=fmriachuelo&amp;set=a.3701291279926060\"><strong>MIR\u00c1 LA FOTOGALER\u00cdA<\/strong><\/a><\/span><\/p>\n","protected":false},"excerpt":{"rendered":"<p>[FM Riachuelo, 24\/1\/2021] Este s\u00e1bado 23 de enero de 2021, se inaugur\u00f3 la Casa de la Amistad Argentino Cubana \u00abCamilo Torres\u00bb, en el espacio comunitario de la Casa Popular El Fog\u00f3n de Gerli, Avellaneda, respetando todas las medidas de sanidad, alcohol en gel, revisi\u00f3n de temperatura y barbijo. El acto comenz\u00f3 pasado el mediod\u00eda, y [&hellip;]<\/p>\n","protected":false},"author":5,"featured_media":12966,"comment_status":"closed","ping_status":"closed","sticky":false,"template":"","format":"standard","meta":{"_monsterinsights_skip_tracking":false,"_monsterinsights_sitenote_active":false,"_monsterinsights_sitenote_note":"","_monsterinsights_sitenote_category":0,"jnews-multi-image_gallery":[],"jnews_single_post":{"format":"standard"},"jnews_primary_category":[],"_joinchat":[],"footnotes":""},"categories":[82,79,58,130],"tags":[],"class_list":["post-12960","post","type-post","status-publish","format-standard","has-post-thumbnail","hentry","category-derechos-humanos","category-nadie-se-salva-solo","category-noticiariachuelo","category-patria-grande"],"_links":{"self":[{"href":"http:\/\/fmriachuelo.it10.com.ar\/index.php\/wp-json\/wp\/v2\/posts\/12960","targetHints":{"allow":["GET"]}}],"collection":[{"href":"http:\/\/fmriachuelo.it10.com.ar\/index.php\/wp-json\/wp\/v2\/posts"}],"about":[{"href":"http:\/\/fmriachuelo.it10.com.ar\/index.php\/wp-json\/wp\/v2\/types\/post"}],"author":[{"embeddable":true,"href":"http:\/\/fmriachuelo.it10.com.ar\/index.php\/wp-json\/wp\/v2\/users\/5"}],"replies":[{"embeddable":true,"href":"http:\/\/fmriachuelo.it10.com.ar\/index.php\/wp-json\/wp\/v2\/comments?post=12960"}],"version-history":[{"count":1,"href":"http:\/\/fmriachuelo.it10.com.ar\/index.php\/wp-json\/wp\/v2\/posts\/12960\/revisions"}],"predecessor-version":[{"id":22889,"href":"http:\/\/fmriachuelo.it10.com.ar\/index.php\/wp-json\/wp\/v2\/posts\/12960\/revisions\/22889"}],"wp:featuredmedia":[{"embeddable":true,"href":"http:\/\/fmriachuelo.it10.com.ar\/index.php\/wp-json\/wp\/v2\/media\/12966"}],"wp:attachment":[{"href":"http:\/\/fmriachuelo.it10.com.ar\/index.php\/wp-json\/wp\/v2\/media?parent=12960"}],"wp:term":[{"taxonomy":"category","embeddable":true,"href":"http:\/\/fmriachuelo.it10.com.ar\/index.php\/wp-json\/wp\/v2\/categories?post=12960"},{"taxonomy":"post_tag","embeddable":true,"href":"http:\/\/fmriachuelo.it10.com.ar\/index.php\/wp-json\/wp\/v2\/tags?post=12960"}],"curies":[{"name":"wp","href":"https:\/\/api.w.org\/{rel}","templated":true}]}}