{"id":12948,"date":"2021-01-21T19:57:40","date_gmt":"2021-01-21T19:57:40","guid":{"rendered":"http:\/\/fmriachuelo.com.ar\/?p=12948"},"modified":"2025-02-16T18:20:28","modified_gmt":"2025-02-16T21:20:28","slug":"les-jovenes-y-la-pandemia","status":"publish","type":"post","link":"http:\/\/fmriachuelo.it10.com.ar\/index.php\/2021\/01\/21\/les-jovenes-y-la-pandemia\/","title":{"rendered":"LES JOVENES Y LA PANDEMIA"},"content":{"rendered":"<div class=\"kvgmc6g5 cxmmr5t8 oygrvhab hcukyx3x c1et5uql ii04i59q\">\n<div dir=\"auto\"><strong>[Corresponsales Populares* 20\/01\/2021] En la \u00faltima semana, las im\u00e1genes de les j\u00f3venes desbordando las playas de Pinamar o de Santa Rosa de Calamuchita tuvieron un lugar central en los medios de comunicaci\u00f3n hegem\u00f3nicos y la opini\u00f3n p\u00fablica. \u00bfCu\u00e1l era el enfoque que se expresaba entonces desde la esfera medi\u00e1tica respecto al tema? Que la responsabilidad de la creciente (y alarmante) estad\u00edstica de contagios reca\u00eda en la falta de cuidado de la juventud como sujeto, sin las consideraciones necesarias para que dicha sentencia tuviera un sentido que trascendiera el sensacionalismo. A decir verdad: \u00bfqu\u00e9 porcentaje de la juventud est\u00e1 vacacionando en la costa atl\u00e1ntica o cu\u00e1les son sus condiciones reales en el contexto de pandemia que estamos atravesando?<\/strong><\/div>\n<\/div>\n<div dir=\"auto\"><\/div>\n<div dir=\"auto\"><\/div>\n<div dir=\"auto\"><img loading=\"lazy\" decoding=\"async\" class=\"alignright wp-image-12950\" src=\"http:\/\/fmriachuelo.com.ar\/wp-content\/uploads\/2021\/01\/139984740_3385277211583807_4426706003064155459_o-300x225.jpg\" alt=\"\" width=\"315\" height=\"236\" srcset=\"http:\/\/fmriachuelo.it10.com.ar\/wp-content\/uploads\/2021\/01\/139984740_3385277211583807_4426706003064155459_o-300x225.jpg 300w, http:\/\/fmriachuelo.it10.com.ar\/wp-content\/uploads\/2021\/01\/139984740_3385277211583807_4426706003064155459_o-1024x768.jpg 1024w, http:\/\/fmriachuelo.it10.com.ar\/wp-content\/uploads\/2021\/01\/139984740_3385277211583807_4426706003064155459_o-768x576.jpg 768w, http:\/\/fmriachuelo.it10.com.ar\/wp-content\/uploads\/2021\/01\/139984740_3385277211583807_4426706003064155459_o-1536x1152.jpg 1536w, http:\/\/fmriachuelo.it10.com.ar\/wp-content\/uploads\/2021\/01\/139984740_3385277211583807_4426706003064155459_o-750x563.jpg 750w, http:\/\/fmriachuelo.it10.com.ar\/wp-content\/uploads\/2021\/01\/139984740_3385277211583807_4426706003064155459_o-1140x855.jpg 1140w, http:\/\/fmriachuelo.it10.com.ar\/wp-content\/uploads\/2021\/01\/139984740_3385277211583807_4426706003064155459_o.jpg 2004w\" sizes=\"auto, (max-width: 315px) 100vw, 315px\" \/><\/div>\n<div class=\"o9v6fnle cxmmr5t8 oygrvhab hcukyx3x c1et5uql ii04i59q\">\n<div dir=\"auto\">Ya hacia fines del a\u00f1o 2019, seg\u00fan datos del CIPPEC, Argentina era el pa\u00eds latinoamericano con mayor desempleo juvenil con un porcentaje que rondaba el 20% y sin mencionar el alto porcentaje de precariedad o informalidad de los empleos. Al margen del n\u00famero meramente ilustrativo, la cuesti\u00f3n medi\u00e1tica genera el efecto de que esa peque\u00f1a porci\u00f3n de pibes y pibas representa a les j\u00f3venes en su totalidad y los convierten en chivos expiatorios. El mensaje: su falta de cuidado nos conduce a este escenario de nunca acabar.<\/div>\n<div dir=\"auto\"><\/div>\n<\/div>\n<div class=\"o9v6fnle cxmmr5t8 oygrvhab hcukyx3x c1et5uql ii04i59q\">\n<div dir=\"auto\">Pero el hecho de que las im\u00e1genes del Mar o de las Sierras de C\u00f3rdoba parezcan ser contundentes en un primer momento y admitan adjetivaciones -todas negativas- de nosotres, les pibes, cabe se\u00f1alar que la foto entera nos muestra organizados, solidarios y emprendiendo; apropiando nuestros espacios y construyendo alternativas comunitarias.<\/div>\n<\/div>\n<div class=\"o9v6fnle cxmmr5t8 oygrvhab hcukyx3x c1et5uql ii04i59q\">\n<div dir=\"auto\">Con o sin m\u00e1s y mejores oportunidades de empleo, de futuro y de realizaci\u00f3n personal, \u00bfC\u00f3mo nos pensamos como j\u00f3venes?<\/div>\n<div dir=\"auto\"><\/div>\n<\/div>\n<div dir=\"auto\">* Corresponsales Populares de la Organizaci\u00f3n social y pol\u00edtica \u00abComunidad Pacheco<\/div>\n<div dir=\"auto\"><\/div>\n<div dir=\"auto\"><img loading=\"lazy\" decoding=\"async\" class=\"wp-image-12949 aligncenter\" src=\"http:\/\/fmriachuelo.com.ar\/wp-content\/uploads\/2021\/01\/139451124_3385277878250407_6029866234172370663_o-300x225.jpg\" alt=\"\" width=\"384\" height=\"288\" srcset=\"http:\/\/fmriachuelo.it10.com.ar\/wp-content\/uploads\/2021\/01\/139451124_3385277878250407_6029866234172370663_o-300x225.jpg 300w, http:\/\/fmriachuelo.it10.com.ar\/wp-content\/uploads\/2021\/01\/139451124_3385277878250407_6029866234172370663_o-1024x767.jpg 1024w, http:\/\/fmriachuelo.it10.com.ar\/wp-content\/uploads\/2021\/01\/139451124_3385277878250407_6029866234172370663_o-768x575.jpg 768w, http:\/\/fmriachuelo.it10.com.ar\/wp-content\/uploads\/2021\/01\/139451124_3385277878250407_6029866234172370663_o-750x562.jpg 750w, http:\/\/fmriachuelo.it10.com.ar\/wp-content\/uploads\/2021\/01\/139451124_3385277878250407_6029866234172370663_o-1140x854.jpg 1140w, http:\/\/fmriachuelo.it10.com.ar\/wp-content\/uploads\/2021\/01\/139451124_3385277878250407_6029866234172370663_o.jpg 1280w\" sizes=\"auto, (max-width: 384px) 100vw, 384px\" \/><img loading=\"lazy\" decoding=\"async\" class=\"wp-image-12953 aligncenter\" src=\"http:\/\/fmriachuelo.com.ar\/wp-content\/uploads\/2021\/01\/140786310_3385276514917210_8240331622878303756_o-300x225.jpg\" alt=\"\" width=\"386\" height=\"290\" srcset=\"http:\/\/fmriachuelo.it10.com.ar\/wp-content\/uploads\/2021\/01\/140786310_3385276514917210_8240331622878303756_o-300x225.jpg 300w, http:\/\/fmriachuelo.it10.com.ar\/wp-content\/uploads\/2021\/01\/140786310_3385276514917210_8240331622878303756_o-1024x767.jpg 1024w, http:\/\/fmriachuelo.it10.com.ar\/wp-content\/uploads\/2021\/01\/140786310_3385276514917210_8240331622878303756_o-768x575.jpg 768w, http:\/\/fmriachuelo.it10.com.ar\/wp-content\/uploads\/2021\/01\/140786310_3385276514917210_8240331622878303756_o-750x562.jpg 750w, http:\/\/fmriachuelo.it10.com.ar\/wp-content\/uploads\/2021\/01\/140786310_3385276514917210_8240331622878303756_o-1140x854.jpg 1140w, http:\/\/fmriachuelo.it10.com.ar\/wp-content\/uploads\/2021\/01\/140786310_3385276514917210_8240331622878303756_o.jpg 1280w\" sizes=\"auto, (max-width: 386px) 100vw, 386px\" \/><\/div>\n","protected":false},"excerpt":{"rendered":"<p>[Corresponsales Populares* 20\/01\/2021] En la \u00faltima semana, las im\u00e1genes de les j\u00f3venes desbordando las playas de Pinamar o de Santa Rosa de Calamuchita tuvieron un lugar central en los medios de comunicaci\u00f3n hegem\u00f3nicos y la opini\u00f3n p\u00fablica. \u00bfCu\u00e1l era el enfoque que se expresaba entonces desde la esfera medi\u00e1tica respecto al tema? Que la responsabilidad [&hellip;]<\/p>\n","protected":false},"author":5,"featured_media":12955,"comment_status":"closed","ping_status":"closed","sticky":false,"template":"","format":"standard","meta":{"_monsterinsights_skip_tracking":false,"_monsterinsights_sitenote_active":false,"_monsterinsights_sitenote_note":"","_monsterinsights_sitenote_category":0,"jnews-multi-image_gallery":[],"jnews_single_post":{"format":"standard"},"jnews_primary_category":[],"_joinchat":[],"footnotes":""},"categories":[141,145,79,58,76],"tags":[],"class_list":["post-12948","post","type-post","status-publish","format-standard","has-post-thumbnail","hentry","category-comunicacion-popular","category-movimientos-populares","category-nadie-se-salva-solo","category-noticiariachuelo","category-salud-comunitaria"],"_links":{"self":[{"href":"http:\/\/fmriachuelo.it10.com.ar\/index.php\/wp-json\/wp\/v2\/posts\/12948","targetHints":{"allow":["GET"]}}],"collection":[{"href":"http:\/\/fmriachuelo.it10.com.ar\/index.php\/wp-json\/wp\/v2\/posts"}],"about":[{"href":"http:\/\/fmriachuelo.it10.com.ar\/index.php\/wp-json\/wp\/v2\/types\/post"}],"author":[{"embeddable":true,"href":"http:\/\/fmriachuelo.it10.com.ar\/index.php\/wp-json\/wp\/v2\/users\/5"}],"replies":[{"embeddable":true,"href":"http:\/\/fmriachuelo.it10.com.ar\/index.php\/wp-json\/wp\/v2\/comments?post=12948"}],"version-history":[{"count":1,"href":"http:\/\/fmriachuelo.it10.com.ar\/index.php\/wp-json\/wp\/v2\/posts\/12948\/revisions"}],"predecessor-version":[{"id":22890,"href":"http:\/\/fmriachuelo.it10.com.ar\/index.php\/wp-json\/wp\/v2\/posts\/12948\/revisions\/22890"}],"wp:featuredmedia":[{"embeddable":true,"href":"http:\/\/fmriachuelo.it10.com.ar\/index.php\/wp-json\/wp\/v2\/media\/12955"}],"wp:attachment":[{"href":"http:\/\/fmriachuelo.it10.com.ar\/index.php\/wp-json\/wp\/v2\/media?parent=12948"}],"wp:term":[{"taxonomy":"category","embeddable":true,"href":"http:\/\/fmriachuelo.it10.com.ar\/index.php\/wp-json\/wp\/v2\/categories?post=12948"},{"taxonomy":"post_tag","embeddable":true,"href":"http:\/\/fmriachuelo.it10.com.ar\/index.php\/wp-json\/wp\/v2\/tags?post=12948"}],"curies":[{"name":"wp","href":"https:\/\/api.w.org\/{rel}","templated":true}]}}