{"id":12941,"date":"2021-01-18T23:38:05","date_gmt":"2021-01-18T23:38:05","guid":{"rendered":"http:\/\/fmriachuelo.com.ar\/?p=12941"},"modified":"2025-02-16T18:24:47","modified_gmt":"2025-02-16T21:24:47","slug":"la-paz-barrios-populares-solicitan-la-intervencion-de-nacion-en-el-municipio","status":"publish","type":"post","link":"http:\/\/fmriachuelo.it10.com.ar\/index.php\/2021\/01\/18\/la-paz-barrios-populares-solicitan-la-intervencion-de-nacion-en-el-municipio\/","title":{"rendered":"LA PAZ: BARRIOS POPULARES SOLICITAN LA INTERVENCI\u00d3N DE NACI\u00d3N EN EL MUNICIPIO"},"content":{"rendered":"<p><strong>[FM Riachuelo, 18\/1\/2021] El viernes, la Coordinaci\u00f3n del barrio ribera Lourdes junto con el Coordinador de la Mesa de Barrios Populares, Juan Carlos S\u00e1nchez, presentaron una carta solicitando la intervenci\u00f3n del Estado Nacional en el municipio de La Paz, Entre R\u00edos, debido al abandono de estado municipal en cuanto al abastecimiento de servicios b\u00e1sicos como energ\u00eda el\u00e9ctrica, agua potable y cloacas. Desde FM Riachuelo, nos comunicamos con Gonzalo Fern\u00e1ndez, coordinador del Barrio Ribera Lourdes, con quien nos adentramos en la problem\u00e1tica.<\/strong><\/p>\n<p><span style=\"font-weight: 400\">Gonzalo cont\u00f3 que en dos oportunidades presentaron notas al intendente, y que frente a la falta de respuesta organizaron una marcha pac\u00edfica a la intendencia en la que fueron recibidos representantes de cada barrio: \u201c\u00c9l se comprometi\u00f3 a visitar los barrios populares a ver las problem\u00e1ticas de agua que tengamos, junto al equipo de profesionales que tiene, para encontrar una soluci\u00f3n. Pero hasta el d\u00eda de hoy no ha aparecido ni se ha propuesto ninguna soluci\u00f3n a nuestras problem\u00e1ticas\u201d.<\/span><\/p>\n<p><span style=\"font-weight: 400\">La organizaci\u00f3n territorial y autogestiva en los barrios populares de La Paz y el resto de la provincia de Entre R\u00edos viene tomando mucha fuerza, luchando por Tierra, Techo y Trabajo y resolviendo lo que los estados no resuelven. Sin embargo, cuando se busca articular con el municipio, la respuesta es siempre el silencio y el abandono.<\/span><\/p>\n<p><span style=\"font-weight: 400\">Si el intendente Bruno Sarubi se contin\u00faa negando a cumplir el decreto 358\/17, por el cual se debe abastecer a todos los barrios populares de agua potable, energ\u00eda el\u00e9ctrica y cloacas, seguir\u00e1n las medidas de lucha. As\u00ed lo afirm\u00f3 Gonzalo: \u201cTendremos que marchar nuevamente en forma pac\u00edfica para reclamar por nuestros derechos, porque se est\u00e1 incumpliendo la ley sociourbana, y es un derecho que nos corresponde por vivir en barrios populares\u201d.<\/span><\/p>\n","protected":false},"excerpt":{"rendered":"<p>[FM Riachuelo, 18\/1\/2021] El viernes, la Coordinaci\u00f3n del barrio ribera Lourdes junto con el Coordinador de la Mesa de Barrios Populares, Juan Carlos S\u00e1nchez, presentaron una carta solicitando la intervenci\u00f3n del Estado Nacional en el municipio de La Paz, Entre R\u00edos, debido al abandono de estado municipal en cuanto al abastecimiento de servicios b\u00e1sicos como [&hellip;]<\/p>\n","protected":false},"author":5,"featured_media":12942,"comment_status":"closed","ping_status":"closed","sticky":false,"template":"","format":"standard","meta":{"_monsterinsights_skip_tracking":false,"_monsterinsights_sitenote_active":false,"_monsterinsights_sitenote_note":"","_monsterinsights_sitenote_category":0,"jnews-multi-image_gallery":[],"jnews_single_post":{"format":"standard"},"jnews_primary_category":[],"_joinchat":[],"footnotes":""},"categories":[145,79,58,76],"tags":[],"class_list":["post-12941","post","type-post","status-publish","format-standard","has-post-thumbnail","hentry","category-movimientos-populares","category-nadie-se-salva-solo","category-noticiariachuelo","category-salud-comunitaria"],"_links":{"self":[{"href":"http:\/\/fmriachuelo.it10.com.ar\/index.php\/wp-json\/wp\/v2\/posts\/12941","targetHints":{"allow":["GET"]}}],"collection":[{"href":"http:\/\/fmriachuelo.it10.com.ar\/index.php\/wp-json\/wp\/v2\/posts"}],"about":[{"href":"http:\/\/fmriachuelo.it10.com.ar\/index.php\/wp-json\/wp\/v2\/types\/post"}],"author":[{"embeddable":true,"href":"http:\/\/fmriachuelo.it10.com.ar\/index.php\/wp-json\/wp\/v2\/users\/5"}],"replies":[{"embeddable":true,"href":"http:\/\/fmriachuelo.it10.com.ar\/index.php\/wp-json\/wp\/v2\/comments?post=12941"}],"version-history":[{"count":1,"href":"http:\/\/fmriachuelo.it10.com.ar\/index.php\/wp-json\/wp\/v2\/posts\/12941\/revisions"}],"predecessor-version":[{"id":22892,"href":"http:\/\/fmriachuelo.it10.com.ar\/index.php\/wp-json\/wp\/v2\/posts\/12941\/revisions\/22892"}],"wp:featuredmedia":[{"embeddable":true,"href":"http:\/\/fmriachuelo.it10.com.ar\/index.php\/wp-json\/wp\/v2\/media\/12942"}],"wp:attachment":[{"href":"http:\/\/fmriachuelo.it10.com.ar\/index.php\/wp-json\/wp\/v2\/media?parent=12941"}],"wp:term":[{"taxonomy":"category","embeddable":true,"href":"http:\/\/fmriachuelo.it10.com.ar\/index.php\/wp-json\/wp\/v2\/categories?post=12941"},{"taxonomy":"post_tag","embeddable":true,"href":"http:\/\/fmriachuelo.it10.com.ar\/index.php\/wp-json\/wp\/v2\/tags?post=12941"}],"curies":[{"name":"wp","href":"https:\/\/api.w.org\/{rel}","templated":true}]}}