{"id":12922,"date":"2020-12-31T17:11:45","date_gmt":"2020-12-31T17:11:45","guid":{"rendered":"http:\/\/fmriachuelo.com.ar\/?p=12922"},"modified":"2025-02-16T18:27:41","modified_gmt":"2025-02-16T21:27:41","slug":"organizacion-popular-y-solidaridad-en-los-territorios-para-afrontar-un-duro-fin-de-ano","status":"publish","type":"post","link":"http:\/\/fmriachuelo.it10.com.ar\/index.php\/2020\/12\/31\/organizacion-popular-y-solidaridad-en-los-territorios-para-afrontar-un-duro-fin-de-ano\/","title":{"rendered":"ORGANIZACI\u00d3N POPULAR Y SOLIDARIDAD EN LOS TERRITORIOS PARA AFRONTAR UN DURO FIN DE A\u00d1O"},"content":{"rendered":"<p><strong>[FM Riachuelo, 31\/12\/2020] Luego de haber pasado 4 a\u00f1os de macrismo y una crisis acrecentada por la llegada de la pandemia de coronavirus, llegamos a un fin de a\u00f1o sumamente dificultoso para los sectores populares. La respuesta de nuestro pueblo: organizaci\u00f3n y solidaridad.<\/strong><\/p>\n<p><span style=\"font-weight: 400\">Mientras pasaba uno de los a\u00f1os m\u00e1s dif\u00edciles para nuestro pueblo, corresponsales populares de distintos sectores del pa\u00eds realizaron junto con FM Riachuelo un enorme trabajo por visibilizar la organizaci\u00f3n en los territorios. En un duro fin de a\u00f1o, comunicaron c\u00f3mo el organizarse y ser solidario permite una salida para pasar una navidad atravesada complicada por la crisis.<\/span><\/p>\n<p><span style=\"font-weight: 400\"><img loading=\"lazy\" decoding=\"async\" class=\"alignright size-medium wp-image-12924\" src=\"http:\/\/fmriachuelo.com.ar\/wp-content\/uploads\/2020\/12\/WhatsApp-Image-2020-12-23-at-10.44.29-300x225.jpeg\" alt=\"\" width=\"300\" height=\"225\" \/>Con entregas de bolsas y cajas navide\u00f1as, cada territorio pudo ver los frutos de la organizaci\u00f3n: \u201cCada uno va aprendiendo lo que es la lucha y la militancia\u201d, expres\u00f3 Celia, del Merendero Los Hermanos de Concordia, Entre R\u00edos.<\/span><\/p>\n<p><span style=\"font-weight: 400\">Gladys, del Merendero Los Naranjitos, se manifest\u00f3 sobre esta misma l\u00ednea: \u201cFue muy lindo que los compa\u00f1eros hayan vivido esta experiencia, fue emocionante, m\u00e1s que nada con los nenes, porque eran ellos los protagonistas\u201d. Y agreg\u00f3: \u201cEsta lucha es la lucha de todos, no s\u00f3lo nuestra, es de cada compa\u00f1ero en cada rinc\u00f3n del pa\u00eds\u201d.<\/span><\/p>\n<p><span style=\"font-weight: 400\"><img loading=\"lazy\" decoding=\"async\" class=\"size-medium wp-image-12925 alignleft\" src=\"http:\/\/fmriachuelo.com.ar\/wp-content\/uploads\/2020\/12\/WhatsApp-Image-2020-12-23-at-10.43.54-300x225.jpeg\" alt=\"\" width=\"300\" height=\"225\" \/>Cabe destacar tambi\u00e9n que desde algunos de los territorios lxs compa\u00f1erxs de las organizaciones denunciaban que no siempre fueron suficientes las ayudas de los distintos gobiernos (locales o nacional). En esos casos tambi\u00e9n fue notable la capacidad y organizaci\u00f3n popular con unidades productivas elaborando pan dulces o budines para completar los faltantes.<\/span><\/p>\n<p><span style=\"font-weight: 400\">\u201cTodo lo que tenemos lo repartimos. Esa es nuestra tarea, la hacemos con ganas y con alegr\u00eda\u201d, expres\u00f3 Fany, del Merendero El \u00c1ngel de la Bicicleta, de Salta, dando cuenta de que solo el pueblo salva al pueblo.<\/span><\/p>\n<p><strong>Pod\u00e9s escuchar ac\u00e1 los balances de algunos de los corresponsales populares:<\/strong><\/p>\n<p><strong><a href=\"https:\/\/radiocut.fm\/audiocut\/corresponsales-populares-balance-con-negro-sanchez\/\" target=\"_blank\" rel=\"noopener\">Balance del Frente Barrial Pocho Lepratti de La Paz, Entre R\u00edos, con el Negro S\u00e1nchez<\/a><\/strong><\/p>\n<p><strong><a href=\"https:\/\/radiocut.fm\/audiocut\/corresponsales-populares-balance-con-organizacion-huellas-esperanza\/\" target=\"_blank\" rel=\"noopener\">Balance de la Organizaci\u00f3n Huellas de Esperanza de Puerto Iguaz\u00fa, Misiones, con Hugo Armoa<\/a><\/strong><\/p>\n<p><strong><a href=\"https:\/\/radiocut.fm\/audiocut\/balance-con-lxs-companerxs-comunidad-pacheco\/\" target=\"_blank\" rel=\"noopener\">Balance de Comunidad Pacheco de Tigre, con la compa\u00f1era Daiana<\/a><\/strong><\/p>\n","protected":false},"excerpt":{"rendered":"<p>[FM Riachuelo, 31\/12\/2020] Luego de haber pasado 4 a\u00f1os de macrismo y una crisis acrecentada por la llegada de la pandemia de coronavirus, llegamos a un fin de a\u00f1o sumamente dificultoso para los sectores populares. La respuesta de nuestro pueblo: organizaci\u00f3n y solidaridad. Mientras pasaba uno de los a\u00f1os m\u00e1s dif\u00edciles para nuestro pueblo, corresponsales [&hellip;]<\/p>\n","protected":false},"author":5,"featured_media":12927,"comment_status":"closed","ping_status":"closed","sticky":false,"template":"","format":"standard","meta":{"_monsterinsights_skip_tracking":false,"_monsterinsights_sitenote_active":false,"_monsterinsights_sitenote_note":"","_monsterinsights_sitenote_category":0,"jnews-multi-image_gallery":[],"jnews_single_post":{"format":"standard"},"jnews_primary_category":[],"_joinchat":[],"footnotes":""},"categories":[82,145,79,58],"tags":[],"class_list":["post-12922","post","type-post","status-publish","format-standard","has-post-thumbnail","hentry","category-derechos-humanos","category-movimientos-populares","category-nadie-se-salva-solo","category-noticiariachuelo"],"_links":{"self":[{"href":"http:\/\/fmriachuelo.it10.com.ar\/index.php\/wp-json\/wp\/v2\/posts\/12922","targetHints":{"allow":["GET"]}}],"collection":[{"href":"http:\/\/fmriachuelo.it10.com.ar\/index.php\/wp-json\/wp\/v2\/posts"}],"about":[{"href":"http:\/\/fmriachuelo.it10.com.ar\/index.php\/wp-json\/wp\/v2\/types\/post"}],"author":[{"embeddable":true,"href":"http:\/\/fmriachuelo.it10.com.ar\/index.php\/wp-json\/wp\/v2\/users\/5"}],"replies":[{"embeddable":true,"href":"http:\/\/fmriachuelo.it10.com.ar\/index.php\/wp-json\/wp\/v2\/comments?post=12922"}],"version-history":[{"count":1,"href":"http:\/\/fmriachuelo.it10.com.ar\/index.php\/wp-json\/wp\/v2\/posts\/12922\/revisions"}],"predecessor-version":[{"id":22896,"href":"http:\/\/fmriachuelo.it10.com.ar\/index.php\/wp-json\/wp\/v2\/posts\/12922\/revisions\/22896"}],"wp:featuredmedia":[{"embeddable":true,"href":"http:\/\/fmriachuelo.it10.com.ar\/index.php\/wp-json\/"}],"wp:attachment":[{"href":"http:\/\/fmriachuelo.it10.com.ar\/index.php\/wp-json\/wp\/v2\/media?parent=12922"}],"wp:term":[{"taxonomy":"category","embeddable":true,"href":"http:\/\/fmriachuelo.it10.com.ar\/index.php\/wp-json\/wp\/v2\/categories?post=12922"},{"taxonomy":"post_tag","embeddable":true,"href":"http:\/\/fmriachuelo.it10.com.ar\/index.php\/wp-json\/wp\/v2\/tags?post=12922"}],"curies":[{"name":"wp","href":"https:\/\/api.w.org\/{rel}","templated":true}]}}