{"id":12847,"date":"2020-12-06T20:11:19","date_gmt":"2020-12-06T20:11:19","guid":{"rendered":"http:\/\/fmriachuelo.com.ar\/?p=12847"},"modified":"2025-02-19T11:38:54","modified_gmt":"2025-02-19T14:38:54","slug":"asambleas-de-la-mesa-gremial-19-y-20-utep-estado-de-alerta-y-movilizacion","status":"publish","type":"post","link":"http:\/\/fmriachuelo.it10.com.ar\/index.php\/2020\/12\/06\/asambleas-de-la-mesa-gremial-19-y-20-utep-estado-de-alerta-y-movilizacion\/","title":{"rendered":"ASAMBLEAS DE LA MESA GREMIAL 19 Y 20 &#8211; UTEP: ESTADO DE ALERTA Y MOVILIZACI\u00d3N"},"content":{"rendered":"<p><b>[FM Riachuelo, 6\/12\/2020] En el marco complejo que vive la Argentina luego de 4 a\u00f1os de fiebre amarilla y el advenimiento de la pandemia de Covid-19, que deriv\u00f3 en la llegada de un fin de a\u00f1o con m\u00faltiples complicaciones para los sectores populares, la Mesa Gremial 19 y 20 \u2013 UTEP realiz\u00f3 asambleas nacionales. La Agrupaci\u00f3n de Frente, la Agrupaci\u00f3n Mar\u00eda Claudia Falcone, la OLP (Organizaciones Libres del Pueblo) y la Organizaci\u00f3n Social y Pol\u00edtica Los Pibes compartieron el balance de sus plenarios para la FM Riachuelo.<\/b><\/p>\n<p><span style=\"font-weight: 400\"><strong><img loading=\"lazy\" decoding=\"async\" class=\" wp-image-12853 alignright\" src=\"http:\/\/fmriachuelo.com.ar\/wp-content\/uploads\/2020\/12\/WhatsApp-Image-2020-12-06-at-12.23.01-300x300.jpeg\" alt=\"\" width=\"239\" height=\"239\" \/><\/strong>En diferentes lugares del pa\u00eds, las organizaciones que integran la <strong>Mesa Gremial 19 y 20 &#8211; UTEP<\/strong> realizaron asambleas de cara a un fin a\u00f1o con unas fiestas que pocos podr\u00e1n festejar. La <strong>OLP (Organizaciones Libres del Pueblo)<\/strong> estuvo realizando plenarios en <strong>C\u00f3rdoba, La Matanza y Ciudad Oculta<\/strong>; la <strong>Agrupaci\u00f3n Mar\u00eda Claudia Falcone<\/strong>, en <strong>La Plata<\/strong>; la <strong>Agrupaci\u00f3n de Frente<\/strong>, en <strong>M\u00e1ximo Paz, Ca\u00f1uelas<\/strong>; y la <strong>Organizaci\u00f3n Social y Pol\u00edtica Los Pibes<\/strong>\u00a0 reuni\u00f3 en <strong>La Boca<\/strong> delegados del mismo barrio, de <strong>Lomas de Zamora, Tigre y Avellaneda<\/strong>, y cont\u00f3 con la presencia de <strong>Lito Borello, Secretario de Derechos Humanos de la UTEP.<\/strong><\/span><\/p>\n<p><span style=\"font-weight: 400\">Luego de llegar a un balance colectivo, varios referentes de la Mesa compartieron para FM Riachuelo algunas de las conclusiones. <strong>Lo central<\/strong><\/span><strong>: un llamado a un estado de alerta y movilizaci\u00f3n.<\/strong><\/p>\n<p><span style=\"font-weight: 400\"><strong><img loading=\"lazy\" decoding=\"async\" class=\" wp-image-12856 alignleft\" src=\"http:\/\/fmriachuelo.com.ar\/wp-content\/uploads\/2020\/12\/WhatsApp-Image-2020-12-05-at-19.52.14-1-300x169.jpeg\" alt=\"\" width=\"307\" height=\"173\" \/>C\u00e9sar Villanueva<\/strong>, referente de la Agrupaci\u00f3n Maria Claudia Falcone de La Plata, remarc\u00f3 la necesidad de tomar medidas profundas frente a la situaci\u00f3n nacional de pobreza, consecuencia de las pol\u00edticas neoliberales de Macri y de la actual pandemia: <strong><em>\u201centendemos que hoy la deuda es con las necesidades de nuestro pueblo. Entendemos que no es una medida acertada el fin de mas de nueve millones de IFE, que tenemos que avanzar en alternativas de trabajo, generaci\u00f3n de riqueza y redistribuci\u00f3n del ingreso. Que all\u00ed las organizaciones del campo popular tenemos mucho que decir y aportar\u201d<\/em><\/strong>.<\/span><\/p>\n<p><span style=\"font-weight: 400\">Al mismo tiempo, expresaron la preocupaci\u00f3n por el posible incumplimiento del Gobierno Nacional de los acuerdos generados con las organizaciones sociales, as\u00ed como la insuficiencia de programas de trabajo en el interior y de mercader\u00eda para los comedores en todo el pa\u00eds.<\/span><\/p>\n<p><span style=\"font-weight: 400\"><img loading=\"lazy\" decoding=\"async\" class=\"alignright size-medium wp-image-12868\" src=\"http:\/\/fmriachuelo.com.ar\/wp-content\/uploads\/2020\/12\/WhatsApp-Image-2020-12-06-at-17.30.44-300x169.jpeg\" alt=\"\" width=\"300\" height=\"169\" \/><\/span><\/p>\n<p><span style=\"font-weight: 400\">Durante la asamblea de la Agrupaci\u00f3n de Frente de M\u00e1ximo Paz, fue analizada la situaci\u00f3n nacional, las \u00faltimas acciones en la calle y la recuperaci\u00f3n de la acci\u00f3n; la crisis y la falta de plan del gobierno, en un contexto nacional e internacional complicado; el rol de las organizaciones en la pandemia y su terciarizaci\u00f3n por parte del Estado con una mirada de contenci\u00f3n de la pobreza.<\/span><\/p>\n<p><span style=\"font-weight: 400\"><strong><em>\u201cQueremos ser vistos y tratados como trabajadores y no como planeros. Creemos que el ministerio debe dar un salto cualitativo y cuantitativo con respecto a los programas tipos y formas. El gobierno no discute ni presiona a los poderosos, solo tiene pol\u00edticas de distribuci\u00f3n de alimentos y planes. No se cambian ninguna matriz ni econ\u00f3mica ni educativa ni cultural ni social\u201d<\/em><\/strong>, expres\u00f3 <strong>Marta Ferraro<\/strong>, referente de la Agrupaci\u00f3n.<\/span><\/p>\n<p>Asimismo, enfatizando en la situaci\u00f3n cr\u00edtica que reflejan las estad\u00edsticas, <strong>Pablo Puebla<\/strong>, referente de la OLP, manifest\u00f3: <em><strong>\u00abseis de cada diez pibes, hoy est\u00e1n bajo la l\u00ednea de pobreza. Estos \u00edndices, m\u00e1s la falta de respuesta de los distintos Estados en los distintos barrios de la extensi\u00f3n del territorios nacional, nos marcan que no se est\u00e1 a la altura de las circunstancias, y nosotros vamos a seguir luchando por los derechos de los compa\u00f1eros\u00bb.<\/strong><\/em><\/p>\n<p><span style=\"font-weight: 400\"><strong><img loading=\"lazy\" decoding=\"async\" class=\"size-medium wp-image-12863 alignleft\" src=\"http:\/\/fmriachuelo.com.ar\/wp-content\/uploads\/2020\/12\/WhatsApp-Image-2020-12-05-at-19.58.22-300x200.jpeg\" alt=\"\" width=\"300\" height=\"200\" \/>Lito Borello<\/strong>, Coordinador Nacional de la Organizaci\u00f3n Social y Pol\u00edtica Los Pibes y Secretario de Derechos Humanos de la UTEP, dej\u00f3 en claro la necesidad de ahondar en el tratamiento de las problem\u00e1ticas: <strong><em>\u201cno alcanza con los parches. Hace falta construir alternativas, fortalecer los sectores de la Econom\u00eda Popular, que proponen una matriz productiva distinta a la que proponen estos sistemas de hambre y de muerte. Es necesario refundar nuestra Patria\u201d<\/em><\/strong>.<\/span><\/p>\n<p><span style=\"font-weight: 400\">De esta manera, fue definido un estado de alerta y movilizaci\u00f3n, y un llamado a un plan de lucha para que el Gobierno Nacional <strong>\u201ccorrija estos errores, y de una vez por todas acepte las ayudas y los aportes de las organizaciones territoriales para enfrentar y derrotar la pobreza\u201d.<\/strong><\/span><\/p>\n","protected":false},"excerpt":{"rendered":"<p>[FM Riachuelo, 6\/12\/2020] En el marco complejo que vive la Argentina luego de 4 a\u00f1os de fiebre amarilla y el advenimiento de la pandemia de Covid-19, que deriv\u00f3 en la llegada de un fin de a\u00f1o con m\u00faltiples complicaciones para los sectores populares, la Mesa Gremial 19 y 20 \u2013 UTEP realiz\u00f3 asambleas nacionales. La [&hellip;]<\/p>\n","protected":false},"author":5,"featured_media":12848,"comment_status":"closed","ping_status":"closed","sticky":false,"template":"","format":"standard","meta":{"_monsterinsights_skip_tracking":false,"_monsterinsights_sitenote_active":false,"_monsterinsights_sitenote_note":"","_monsterinsights_sitenote_category":0,"jnews-multi-image_gallery":[],"jnews_single_post":{"format":"standard"},"jnews_primary_category":[],"_joinchat":[],"footnotes":""},"categories":[78,145,79,58,76],"tags":[],"class_list":["post-12847","post","type-post","status-publish","format-standard","has-post-thumbnail","hentry","category-economia-popular","category-movimientos-populares","category-nadie-se-salva-solo","category-noticiariachuelo","category-salud-comunitaria"],"_links":{"self":[{"href":"http:\/\/fmriachuelo.it10.com.ar\/index.php\/wp-json\/wp\/v2\/posts\/12847","targetHints":{"allow":["GET"]}}],"collection":[{"href":"http:\/\/fmriachuelo.it10.com.ar\/index.php\/wp-json\/wp\/v2\/posts"}],"about":[{"href":"http:\/\/fmriachuelo.it10.com.ar\/index.php\/wp-json\/wp\/v2\/types\/post"}],"author":[{"embeddable":true,"href":"http:\/\/fmriachuelo.it10.com.ar\/index.php\/wp-json\/wp\/v2\/users\/5"}],"replies":[{"embeddable":true,"href":"http:\/\/fmriachuelo.it10.com.ar\/index.php\/wp-json\/wp\/v2\/comments?post=12847"}],"version-history":[{"count":1,"href":"http:\/\/fmriachuelo.it10.com.ar\/index.php\/wp-json\/wp\/v2\/posts\/12847\/revisions"}],"predecessor-version":[{"id":22983,"href":"http:\/\/fmriachuelo.it10.com.ar\/index.php\/wp-json\/wp\/v2\/posts\/12847\/revisions\/22983"}],"wp:featuredmedia":[{"embeddable":true,"href":"http:\/\/fmriachuelo.it10.com.ar\/index.php\/wp-json\/"}],"wp:attachment":[{"href":"http:\/\/fmriachuelo.it10.com.ar\/index.php\/wp-json\/wp\/v2\/media?parent=12847"}],"wp:term":[{"taxonomy":"category","embeddable":true,"href":"http:\/\/fmriachuelo.it10.com.ar\/index.php\/wp-json\/wp\/v2\/categories?post=12847"},{"taxonomy":"post_tag","embeddable":true,"href":"http:\/\/fmriachuelo.it10.com.ar\/index.php\/wp-json\/wp\/v2\/tags?post=12847"}],"curies":[{"name":"wp","href":"https:\/\/api.w.org\/{rel}","templated":true}]}}