{"id":12839,"date":"2020-12-04T01:26:57","date_gmt":"2020-12-04T01:26:57","guid":{"rendered":"http:\/\/fmriachuelo.com.ar\/?p=12839"},"modified":"2025-02-19T11:39:45","modified_gmt":"2025-02-19T14:39:45","slug":"caravana-desde-tandil-luchas-que-confluyen-coberturariachuelo-entrevistariachuelo","status":"publish","type":"post","link":"http:\/\/fmriachuelo.it10.com.ar\/index.php\/2020\/12\/04\/caravana-desde-tandil-luchas-que-confluyen-coberturariachuelo-entrevistariachuelo\/","title":{"rendered":"CARAVANA DESDE TANDIL: LUCHAS QUE CONFLUYEN #CoberturaRiachuelo #EntrevistaRiachuelo"},"content":{"rendered":"<p><strong>[FM Riachuelo, 3\/12\/2020] La Caravana organizada por la Corriente Sindical 1ero de Mayo, que el 2 de diciembre parti\u00f3 desde Tandil planteando \u00abque la deuda de la oligarqu\u00eda la pague la oligarqu\u00eda\u00bb, suma adhesiones y solidaridad popular a lo largo de su camino hacia el Cabildo de Buenos Aires. En la jornada de hoy, se sum\u00f3 al acto frente a la Sociedad Rural de Ca\u00f1uelas, la organizaci\u00f3n Convocatoria Segunda Independencia. Por la noche las compa\u00f1eras y los compa\u00f1eros de la caravana fueron invitados a acampar y reponer fuerzas para el \u00fatlimo tramo por la Agrupaci\u00f3n De Frente de M\u00e1ximo Paz, integrante de la Mesa Gremial 19 y 20 (UTEP). La parada de hoy tambi\u00e9n cont\u00f3 con la participaci\u00f3n y el saludo de Lito Borello, Secretario de Derechos Humanos de la Uni\u00f3n de Trabajadores de la Econom\u00eda Popular.<\/strong><\/p>\n<p>Sobre este recorrido de lucha, y unidad en la calle y en las rutas, referentas de estas organizaciones compartieron miradas en el aire de la FM Riachuelo. Griselda Altamirano, del Movimiento 1ero de Octubre, Carina Maloberti, de Convocatoria Segunda Independencia, y Marta Ferraro de la Agrupaci\u00f3n De Frente compartieron un rato en Cazadoras de Zonceras (jueves de 19 a 21).<\/p>\n<p><strong><a href=\"https:\/\/ar.radiocut.fm\/audiocut\/caravana-desde-tandil-luchas-confluyen\/\" target=\"_blank\" rel=\"noopener\">ESCUCH\u00c1 LA ENTREVISTA COMPLETA<\/a><\/strong><\/p>\n<p><strong><img loading=\"lazy\" decoding=\"async\" class=\" wp-image-12843 aligncenter\" src=\"http:\/\/fmriachuelo.com.ar\/wp-content\/uploads\/2020\/12\/WhatsApp-Image-2020-12-03-at-22.34.30-300x200.jpeg\" alt=\"\" width=\"699\" height=\"466\" \/><\/strong><\/p>\n<p><strong><img loading=\"lazy\" decoding=\"async\" class=\"wp-image-12842 aligncenter\" src=\"http:\/\/fmriachuelo.com.ar\/wp-content\/uploads\/2020\/12\/WhatsApp-Image-2020-12-03-at-22.34.31-300x200.jpeg\" alt=\"\" width=\"801\" height=\"534\" \/><\/strong><\/p>\n","protected":false},"excerpt":{"rendered":"<p>[FM Riachuelo, 3\/12\/2020] La Caravana organizada por la Corriente Sindical 1ero de Mayo, que el 2 de diciembre parti\u00f3 desde Tandil planteando \u00abque la deuda de la oligarqu\u00eda la pague la oligarqu\u00eda\u00bb, suma adhesiones y solidaridad popular a lo largo de su camino hacia el Cabildo de Buenos Aires. En la jornada de hoy, se [&hellip;]<\/p>\n","protected":false},"author":5,"featured_media":12840,"comment_status":"closed","ping_status":"closed","sticky":false,"template":"","format":"standard","meta":{"_monsterinsights_skip_tracking":false,"_monsterinsights_sitenote_active":false,"_monsterinsights_sitenote_note":"","_monsterinsights_sitenote_category":0,"jnews-multi-image_gallery":[],"jnews_single_post":{"format":"standard"},"jnews_primary_category":[],"_joinchat":[],"footnotes":""},"categories":[78,63,145,76,74,75],"tags":[],"class_list":["post-12839","post","type-post","status-publish","format-standard","has-post-thumbnail","hentry","category-economia-popular","category-entrevista-riachuelo","category-movimientos-populares","category-salud-comunitaria","category-san-cayetano","category-trabajo"],"_links":{"self":[{"href":"http:\/\/fmriachuelo.it10.com.ar\/index.php\/wp-json\/wp\/v2\/posts\/12839","targetHints":{"allow":["GET"]}}],"collection":[{"href":"http:\/\/fmriachuelo.it10.com.ar\/index.php\/wp-json\/wp\/v2\/posts"}],"about":[{"href":"http:\/\/fmriachuelo.it10.com.ar\/index.php\/wp-json\/wp\/v2\/types\/post"}],"author":[{"embeddable":true,"href":"http:\/\/fmriachuelo.it10.com.ar\/index.php\/wp-json\/wp\/v2\/users\/5"}],"replies":[{"embeddable":true,"href":"http:\/\/fmriachuelo.it10.com.ar\/index.php\/wp-json\/wp\/v2\/comments?post=12839"}],"version-history":[{"count":1,"href":"http:\/\/fmriachuelo.it10.com.ar\/index.php\/wp-json\/wp\/v2\/posts\/12839\/revisions"}],"predecessor-version":[{"id":22984,"href":"http:\/\/fmriachuelo.it10.com.ar\/index.php\/wp-json\/wp\/v2\/posts\/12839\/revisions\/22984"}],"wp:featuredmedia":[{"embeddable":true,"href":"http:\/\/fmriachuelo.it10.com.ar\/index.php\/wp-json\/"}],"wp:attachment":[{"href":"http:\/\/fmriachuelo.it10.com.ar\/index.php\/wp-json\/wp\/v2\/media?parent=12839"}],"wp:term":[{"taxonomy":"category","embeddable":true,"href":"http:\/\/fmriachuelo.it10.com.ar\/index.php\/wp-json\/wp\/v2\/categories?post=12839"},{"taxonomy":"post_tag","embeddable":true,"href":"http:\/\/fmriachuelo.it10.com.ar\/index.php\/wp-json\/wp\/v2\/tags?post=12839"}],"curies":[{"name":"wp","href":"https:\/\/api.w.org\/{rel}","templated":true}]}}