{"id":12834,"date":"2020-12-01T13:03:35","date_gmt":"2020-12-01T13:03:35","guid":{"rendered":"http:\/\/fmriachuelo.com.ar\/?p=12834"},"modified":"2025-02-19T11:40:28","modified_gmt":"2025-02-19T14:40:28","slug":"conferencia-de-prensa-en-casa-santa-cruz","status":"publish","type":"post","link":"http:\/\/fmriachuelo.it10.com.ar\/index.php\/2020\/12\/01\/conferencia-de-prensa-en-casa-santa-cruz\/","title":{"rendered":"CONFERENCIA DE PRENSA EN CASA SANTA CRUZ"},"content":{"rendered":"<p><strong>[FM Riachuelo, 30\/11\/2020] Hoy a las 12hs hubo una conferencia de prensa en la puerta de la Casa Santa Cruz de Parque Patricios, que nuevamente es v\u00edctima de un intento de desalojo de las 106 familias que viven en el edificio. La actividad se realiz\u00f3 para poder contar con el apoyo de organizaciones sociales, referentes barriales y de derechos humanos, legisladorxs y cooperativas.<\/strong><\/p>\n<p><span style=\"font-weight: 400\">Luego de 18 a\u00f1os de que se haya recuperado el edificio y 11 de lucha judicial, el juez Fernando Cesari del Juzgado Civil N\u00ba60 vuelve a realizar una avanzada para intentar desalojar la Casa Santa Cruz. Frente a este peligro, las familias realizaron una conferencia de prensa en las puertas del edificio que est\u00e1 en Santa Cruz 140, donde hablaron de la falta de pol\u00edticas de vivienda y se pusieron en com\u00fan varias experiencias entre tomas y cooperativas, buscando unirse para dar la pelea por la vivienda.<\/span><\/p>\n<p><span style=\"font-weight: 400\">All\u00ed se hicieron presentes representantes de la Liga Argentina por los Derechos Humanos y compa\u00f1erxs que pasaron por distintas experiencias de tomas, entre ellas, Guernica. Tambi\u00e9n estuvo Mario Gonz\u00e1lez, de la Organizaci\u00f3n Social y Pol\u00edtica Los Pibes, que envi\u00f3 el saludo de la Secretar\u00eda de Derechos Humanos de la UTEP, y Nora Corti\u00f1as, de Madres de Plaza de Mayo L\u00ednea Fundadora.<\/span><\/p>\n","protected":false},"excerpt":{"rendered":"<p>[FM Riachuelo, 30\/11\/2020] Hoy a las 12hs hubo una conferencia de prensa en la puerta de la Casa Santa Cruz de Parque Patricios, que nuevamente es v\u00edctima de un intento de desalojo de las 106 familias que viven en el edificio. La actividad se realiz\u00f3 para poder contar con el apoyo de organizaciones sociales, referentes [&hellip;]<\/p>\n","protected":false},"author":5,"featured_media":12835,"comment_status":"closed","ping_status":"closed","sticky":false,"template":"","format":"standard","meta":{"_monsterinsights_skip_tracking":false,"_monsterinsights_sitenote_active":false,"_monsterinsights_sitenote_note":"","_monsterinsights_sitenote_category":0,"jnews-multi-image_gallery":[],"jnews_single_post":{"format":"standard"},"jnews_primary_category":[],"_joinchat":[],"footnotes":""},"categories":[82,1,58],"tags":[],"class_list":["post-12834","post","type-post","status-publish","format-standard","has-post-thumbnail","hentry","category-derechos-humanos","category-habitat","category-noticiariachuelo"],"_links":{"self":[{"href":"http:\/\/fmriachuelo.it10.com.ar\/index.php\/wp-json\/wp\/v2\/posts\/12834","targetHints":{"allow":["GET"]}}],"collection":[{"href":"http:\/\/fmriachuelo.it10.com.ar\/index.php\/wp-json\/wp\/v2\/posts"}],"about":[{"href":"http:\/\/fmriachuelo.it10.com.ar\/index.php\/wp-json\/wp\/v2\/types\/post"}],"author":[{"embeddable":true,"href":"http:\/\/fmriachuelo.it10.com.ar\/index.php\/wp-json\/wp\/v2\/users\/5"}],"replies":[{"embeddable":true,"href":"http:\/\/fmriachuelo.it10.com.ar\/index.php\/wp-json\/wp\/v2\/comments?post=12834"}],"version-history":[{"count":1,"href":"http:\/\/fmriachuelo.it10.com.ar\/index.php\/wp-json\/wp\/v2\/posts\/12834\/revisions"}],"predecessor-version":[{"id":22985,"href":"http:\/\/fmriachuelo.it10.com.ar\/index.php\/wp-json\/wp\/v2\/posts\/12834\/revisions\/22985"}],"wp:featuredmedia":[{"embeddable":true,"href":"http:\/\/fmriachuelo.it10.com.ar\/index.php\/wp-json\/"}],"wp:attachment":[{"href":"http:\/\/fmriachuelo.it10.com.ar\/index.php\/wp-json\/wp\/v2\/media?parent=12834"}],"wp:term":[{"taxonomy":"category","embeddable":true,"href":"http:\/\/fmriachuelo.it10.com.ar\/index.php\/wp-json\/wp\/v2\/categories?post=12834"},{"taxonomy":"post_tag","embeddable":true,"href":"http:\/\/fmriachuelo.it10.com.ar\/index.php\/wp-json\/wp\/v2\/tags?post=12834"}],"curies":[{"name":"wp","href":"https:\/\/api.w.org\/{rel}","templated":true}]}}