{"id":12822,"date":"2020-11-28T20:08:49","date_gmt":"2020-11-28T20:08:49","guid":{"rendered":"http:\/\/fmriachuelo.com.ar\/?p=12822"},"modified":"2025-02-19T11:42:23","modified_gmt":"2025-02-19T14:42:23","slug":"justicia-por-flavio-chicho-flores","status":"publish","type":"post","link":"http:\/\/fmriachuelo.it10.com.ar\/index.php\/2020\/11\/28\/justicia-por-flavio-chicho-flores\/","title":{"rendered":"JUSTICIA POR FLAVIO \u201cCHICHO\u201d TORRES"},"content":{"rendered":"<p><strong>[FM Riachuelo, 28\/11\/2020] El d\u00eda de ayer se realiz\u00f3 una concentraci\u00f3n a las 14hs en Av. Caseros y Salta en el barrio de Constituci\u00f3n, para exigir justicia por el asesinato de Flavio \u201cChicho\u201d Torres, ocurrido el pasado s\u00e1bado 21 de noviembre, cerca de donde trabajaba. Familiares, amigos, murgueros y organizaciones sociales se hicieron presentes.<\/strong><\/p>\n<p><span style=\"font-weight: 400\">Flavio \u201cChicho\u201d Torres\u00a0<\/span><span style=\"font-weight: 400\">era<\/span><span style=\"font-weight: 400\"> vecino del barrio de La Boca, <\/span><span style=\"font-weight: 400\">recordado por quienes lo conoc\u00edan por ser<\/span><span style=\"font-weight: 400\"> murguero apasionado al carnaval, fundador del murg\u00f3n \u201cLos Pr\u00edncipes de La Boca\u201d, amante al redoblante, amigo, compa\u00f1ero y familiero. Fue asesinado en Avenida Caseros y Salta cerca del taller mec\u00e1nico donde trabaj\u00f3 durante 14 a\u00f1os.<\/span><\/p>\n<p><span style=\"font-weight: 400\">Por eso ayer familiares, amigos, murgueros, y organizaciones sociales realizaron una concentraci\u00f3n en Av. Caseros y Salta, lugar de los hechos para exigir justicia y castigo a los culpables. La jornada empez\u00f3 a las 14 hs. Entre bombos y redoblantes, sus amigos y familiares recordaron a Chicho.\u00a0<\/span><\/p>\n<p><span style=\"font-weight: 400\">Desde<\/span><span style=\"font-weight: 400\"> FM Riachuelo <\/span><span style=\"font-weight: 400\">estuvimos<\/span><span style=\"font-weight: 400\"> acompa\u00f1ando <\/span><span style=\"font-weight: 400\">la movilizaci\u00f3n. <\/span><span style=\"font-weight: 400\">Mario, amigo de Chicho e integrante <\/span><span style=\"font-weight: 400\">de Los Pr\u00edncipes,<\/span><span style=\"font-weight: 400\"> expres\u00f3: \u201c<\/span><b><i>Vinimos a realizar una marcha de justicia, hasta que se esclarezca lo que pas\u00f3 con nuestro amigo\u201d,<\/i><\/b> <span style=\"font-weight: 400\">y agreg\u00f3:<\/span><b><i> \u201c no vamos a parar hasta que los culpables paguen\u201d. <\/i><\/b><span style=\"font-weight: 400\">Su familia, con todo el dolor en el alma, no deja de pedir justicia y recordarlo. <\/span><span style=\"font-weight: 400\">As\u00ed lo expres\u00f3 su hermana \u00c9rika<\/span><span style=\"font-weight: 400\">: <\/span><b><i>\u201cesta es una lucha que reci\u00e9n empieza, estamos pidiendo justicia por un laburante, por un murguero de alma y coraz\u00f3n. Queremos que se haga justicia y mi hermano descanse en paz\u201d. <\/i><\/b><span style=\"font-weight: 400\">De la misma manera, su hermano Diego exigi\u00f3:<\/span><span style=\"font-weight: 400\"> \u201c<\/span><b><i>que aporten datos los saben que sucedi\u00f3 ese d\u00eda, queremos justicia por mi hermano Chicho\u201d.<\/i><\/b><\/p>\n<p><span style=\"font-weight: 400\">Cuando la justicia es lenta y el silencio es cada vez m\u00e1s angustiante, la lucha de familiares y amigos de Flavio \u201cChicho Torres es cada vez m\u00e1s urgente. <\/span><span style=\"font-weight: 400\">Por eso, sus familiares sostienen que la lucha no cesar\u00e1 hasta que haya justicia.<\/span><\/p>\n<p><span style=\"font-weight: 400\">\u00a0<\/span><\/p>\n<p>&nbsp;<\/p>\n","protected":false},"excerpt":{"rendered":"<p>[FM Riachuelo, 28\/11\/2020] El d\u00eda de ayer se realiz\u00f3 una concentraci\u00f3n a las 14hs en Av. Caseros y Salta en el barrio de Constituci\u00f3n, para exigir justicia por el asesinato de Flavio \u201cChicho\u201d Torres, ocurrido el pasado s\u00e1bado 21 de noviembre, cerca de donde trabajaba. Familiares, amigos, murgueros y organizaciones sociales se hicieron presentes. Flavio [&hellip;]<\/p>\n","protected":false},"author":5,"featured_media":12823,"comment_status":"closed","ping_status":"closed","sticky":false,"template":"","format":"standard","meta":{"_monsterinsights_skip_tracking":false,"_monsterinsights_sitenote_active":false,"_monsterinsights_sitenote_note":"","_monsterinsights_sitenote_category":0,"jnews-multi-image_gallery":[],"jnews_single_post":{"format":"standard"},"jnews_primary_category":[],"_joinchat":[],"footnotes":""},"categories":[82,58],"tags":[],"class_list":["post-12822","post","type-post","status-publish","format-standard","has-post-thumbnail","hentry","category-derechos-humanos","category-noticiariachuelo"],"_links":{"self":[{"href":"http:\/\/fmriachuelo.it10.com.ar\/index.php\/wp-json\/wp\/v2\/posts\/12822","targetHints":{"allow":["GET"]}}],"collection":[{"href":"http:\/\/fmriachuelo.it10.com.ar\/index.php\/wp-json\/wp\/v2\/posts"}],"about":[{"href":"http:\/\/fmriachuelo.it10.com.ar\/index.php\/wp-json\/wp\/v2\/types\/post"}],"author":[{"embeddable":true,"href":"http:\/\/fmriachuelo.it10.com.ar\/index.php\/wp-json\/wp\/v2\/users\/5"}],"replies":[{"embeddable":true,"href":"http:\/\/fmriachuelo.it10.com.ar\/index.php\/wp-json\/wp\/v2\/comments?post=12822"}],"version-history":[{"count":1,"href":"http:\/\/fmriachuelo.it10.com.ar\/index.php\/wp-json\/wp\/v2\/posts\/12822\/revisions"}],"predecessor-version":[{"id":22988,"href":"http:\/\/fmriachuelo.it10.com.ar\/index.php\/wp-json\/wp\/v2\/posts\/12822\/revisions\/22988"}],"wp:featuredmedia":[{"embeddable":true,"href":"http:\/\/fmriachuelo.it10.com.ar\/index.php\/wp-json\/"}],"wp:attachment":[{"href":"http:\/\/fmriachuelo.it10.com.ar\/index.php\/wp-json\/wp\/v2\/media?parent=12822"}],"wp:term":[{"taxonomy":"category","embeddable":true,"href":"http:\/\/fmriachuelo.it10.com.ar\/index.php\/wp-json\/wp\/v2\/categories?post=12822"},{"taxonomy":"post_tag","embeddable":true,"href":"http:\/\/fmriachuelo.it10.com.ar\/index.php\/wp-json\/wp\/v2\/tags?post=12822"}],"curies":[{"name":"wp","href":"https:\/\/api.w.org\/{rel}","templated":true}]}}