{"id":12815,"date":"2020-11-26T00:47:40","date_gmt":"2020-11-26T00:47:40","guid":{"rendered":"http:\/\/fmriachuelo.com.ar\/?p=12815"},"modified":"2025-02-19T11:43:35","modified_gmt":"2025-02-19T14:43:35","slug":"rescatate-con-los-pibes-una-produccion-sobre-las-luchas-estudiantiles-en-caba","status":"publish","type":"post","link":"http:\/\/fmriachuelo.it10.com.ar\/index.php\/2020\/11\/26\/rescatate-con-los-pibes-una-produccion-sobre-las-luchas-estudiantiles-en-caba\/","title":{"rendered":"\u00abRESCATATE CON LOS PIBES\u00bb: UNA PRODUCCI\u00d3N SOBRE LAS LUCHAS ESTUDIANTILES EN CABA"},"content":{"rendered":"<p><strong>[FM Riachuelo, 25\/11\/2020] \u201cRescatate con los pibes\u201d es un largometraje de Color\u00edn Colorado Producciones, que trata sobre la lucha estudiantil de los secundarios durante la \u00faltima d\u00e9cada en la Ciudad de Buenos Aires, y se estrenar\u00e1 este 26 de noviembre v\u00eda YouTube. Mariano Corbacho, codirector de la pel\u00edcula junto con Marcos Coria, nos visit\u00f3 al piso de la FM Riachuelo para interiorizarnos en el filme.<\/strong><\/p>\n<p><span style=\"font-weight: 400\">Marcos Coria y Mariano Corbacho estuvieron trabajando en el documental durante 4 a\u00f1os, el cual tiene la funci\u00f3n de reflejar los diferentes conflictos que se ven\u00edan dando en los secundarios, dentro del sistema educativo p\u00fablico, frente a los inicios del macrismo y sus reformas educativas. \u201cEsto nos llev\u00f3 a poder generar una visi\u00f3n para construir a un movimiento estudiantil como un actor vivo, que tiene sus altibajos de organizaci\u00f3n a los largo del tiempo\u201d, expres\u00f3 Mariano.<\/span><\/p>\n<p><span style=\"font-weight: 400\"><img loading=\"lazy\" decoding=\"async\" class=\" wp-image-12817 alignleft\" src=\"http:\/\/fmriachuelo.com.ar\/wp-content\/uploads\/2020\/11\/WhatsApp-Image-2020-11-25-at-21.00.13-212x300.jpeg\" alt=\"\" width=\"257\" height=\"364\" \/>El largometraje fue seleccionado para participar de la producci\u00f3n especial del festival ATLANTICDOC &#8211; TRAMA AL SUR del Uruguay, y se estrenar\u00e1 el 26 de noviembre a las 20hs en el canal de YouTube de Trama Al Sur.<\/span><\/p>\n<p><span style=\"font-weight: 400\">Corbacho sostiene que el documental presenta una visi\u00f3n distinta a la que com\u00fanmente se instala sobre las luchas estudiantiles:\u00a0 \u201cUn aporte de la pel\u00edcula es representar a los j\u00f3venes, a trav\u00e9s de un relato cinematogr\u00e1fico, como actores sociales y pol\u00edticos que tienen algo para decir, en oposici\u00f3n incluso a estas construcciones medi\u00e1ticas que se les suele hacer a los pibes y a las pibas, donde se los vapulea, se los trata de humillar, se los ningunea sistem\u00e1ticamente, que es a lo que nos tienen acostumbrados varios comunicadores sociales de los medios de comunicaci\u00f3n hegem\u00f3nicos\u201d.<\/span><\/p>\n<p><span style=\"font-weight: 400\">Por \u00faltimo, cont\u00f3 c\u00f3mo fue realizar el documental y encontrarse con las ideas y proyectos de las y los estudiantes: \u201cNos encontramos con una mirada del mundo sumamente esperanzadora, porque vemos que los pibes y las pibas de estas nuevas generaciones tienen una polenta enorme, pero adem\u00e1s tienen una capacidad organizativa y una experiencia muy grandes, que viene de las tomas de colegios\u201d.<\/span><\/p>\n<p><a href=\"https:\/\/www.youtube.com\/watch?v=JIQnwFzOSrY&amp;ab_channel=COLORINCOLORADO\" target=\"_blank\" rel=\"noopener\"><strong>Trailer de \u00abRescatate con los pibes\u00bb<\/strong><\/a><\/p>\n<p><a href=\"https:\/\/www.youtube.com\/watch?v=K4jJ_17WF_o&amp;ab_channel=TRAMAALSUR\" target=\"_blank\" rel=\"noopener\"><strong>Link del estreno (luego de la transmisi\u00f3n se dar\u00e1 de baja)<\/strong><\/a><\/p>\n<p><strong>Entrevista completa a Mariano Corbacho:<\/strong><\/p>\n<p>&nbsp;<\/p>\n<p><iframe loading=\"lazy\" title=\"25-11-2020 ENTREVISTA A MARIANO CORBACHO EN ROMP\u00c9 EL CERCO by FMR\" width=\"500\" height=\"400\" scrolling=\"no\" frameborder=\"no\" src=\"https:\/\/w.soundcloud.com\/player\/?visual=true&#038;url=https%3A%2F%2Fapi.soundcloud.com%2Ftracks%2F936146557&#038;show_artwork=true&#038;maxheight=750&#038;maxwidth=500\"><\/iframe><\/p>\n","protected":false},"excerpt":{"rendered":"<p>[FM Riachuelo, 25\/11\/2020] \u201cRescatate con los pibes\u201d es un largometraje de Color\u00edn Colorado Producciones, que trata sobre la lucha estudiantil de los secundarios durante la \u00faltima d\u00e9cada en la Ciudad de Buenos Aires, y se estrenar\u00e1 este 26 de noviembre v\u00eda YouTube. Mariano Corbacho, codirector de la pel\u00edcula junto con Marcos Coria, nos visit\u00f3 al [&hellip;]<\/p>\n","protected":false},"author":5,"featured_media":12816,"comment_status":"closed","ping_status":"closed","sticky":false,"template":"","format":"standard","meta":{"_monsterinsights_skip_tracking":false,"_monsterinsights_sitenote_active":false,"_monsterinsights_sitenote_note":"","_monsterinsights_sitenote_category":0,"jnews-multi-image_gallery":[],"jnews_single_post":{"format":"standard"},"jnews_primary_category":[],"_joinchat":[],"footnotes":""},"categories":[141,82,80,58],"tags":[],"class_list":["post-12815","post","type-post","status-publish","format-standard","has-post-thumbnail","hentry","category-comunicacion-popular","category-derechos-humanos","category-educacion","category-noticiariachuelo"],"_links":{"self":[{"href":"http:\/\/fmriachuelo.it10.com.ar\/index.php\/wp-json\/wp\/v2\/posts\/12815","targetHints":{"allow":["GET"]}}],"collection":[{"href":"http:\/\/fmriachuelo.it10.com.ar\/index.php\/wp-json\/wp\/v2\/posts"}],"about":[{"href":"http:\/\/fmriachuelo.it10.com.ar\/index.php\/wp-json\/wp\/v2\/types\/post"}],"author":[{"embeddable":true,"href":"http:\/\/fmriachuelo.it10.com.ar\/index.php\/wp-json\/wp\/v2\/users\/5"}],"replies":[{"embeddable":true,"href":"http:\/\/fmriachuelo.it10.com.ar\/index.php\/wp-json\/wp\/v2\/comments?post=12815"}],"version-history":[{"count":1,"href":"http:\/\/fmriachuelo.it10.com.ar\/index.php\/wp-json\/wp\/v2\/posts\/12815\/revisions"}],"predecessor-version":[{"id":22989,"href":"http:\/\/fmriachuelo.it10.com.ar\/index.php\/wp-json\/wp\/v2\/posts\/12815\/revisions\/22989"}],"wp:featuredmedia":[{"embeddable":true,"href":"http:\/\/fmriachuelo.it10.com.ar\/index.php\/wp-json\/"}],"wp:attachment":[{"href":"http:\/\/fmriachuelo.it10.com.ar\/index.php\/wp-json\/wp\/v2\/media?parent=12815"}],"wp:term":[{"taxonomy":"category","embeddable":true,"href":"http:\/\/fmriachuelo.it10.com.ar\/index.php\/wp-json\/wp\/v2\/categories?post=12815"},{"taxonomy":"post_tag","embeddable":true,"href":"http:\/\/fmriachuelo.it10.com.ar\/index.php\/wp-json\/wp\/v2\/tags?post=12815"}],"curies":[{"name":"wp","href":"https:\/\/api.w.org\/{rel}","templated":true}]}}