{"id":12809,"date":"2020-11-19T14:57:24","date_gmt":"2020-11-19T14:57:24","guid":{"rendered":"http:\/\/fmriachuelo.com.ar\/?p=12809"},"modified":"2025-02-19T11:44:38","modified_gmt":"2025-02-19T14:44:38","slug":"los-comedores-de-caba-denuncian-que-no-reciben-los-alimentos-necesarios","status":"publish","type":"post","link":"http:\/\/fmriachuelo.it10.com.ar\/index.php\/2020\/11\/19\/los-comedores-de-caba-denuncian-que-no-reciben-los-alimentos-necesarios\/","title":{"rendered":"LOS COMEDORES DE CABA DENUNCIAN QUE NO RECIBEN LOS ALIMENTOS NECESARIOS"},"content":{"rendered":"<p><b>[FM Riachuelo, 19\/11\/2020] Los comedores de la Ciudad de Buenos Aires est\u00e1n dejando de recibir los alimentos necesarios por parte del Gobierno de la Ciudad, esenciales para ni\u00f1xs y ancianxs. Desde FM Riachuelo nos comunicamos con Cecilia P\u00e9rsico, referente del Centro Comunitario Copitos y de la Mesa de Centros Comunitarios de La Boca, quien habl\u00f3 del rol de los comedores durante la pandemia, aun sin el reconocimiento y apoyo necesario de la gesti\u00f3n de la ciudad, y marc\u00f3 las exigencias a nuestros gobernantes para revertir esta situaci\u00f3n.<\/b><\/p>\n<p><span style=\"font-weight: 400\">\u00abNing\u00fan comedor cerr\u00f3 por la pandemia en toda la ciudad, entonces justamente venimos pidiendo y reclamando que se cuide a la gente, y no se cuid\u00f3 a la gente\u00bb, expres\u00f3 Cecilia, y tambi\u00e9n resalt\u00f3 que, en salud, los insumos y las medidas preventivas las fueron inventando y aplicando desde las barriadas organizadas, frente al abandono del Gobierno.<\/span><\/p>\n<p><span style=\"font-weight: 400\">Cecilia denuncia que han dejado de entregar alimentos sustanciales como la leche, el queso y la carne vacuna, mientras entregan grandes cantidades de harina, sin presentar alternativas para las personas diab\u00e9ticas y cel\u00edacas. \u201cA los mejor vaya mucho al detalle, pero en el detalle est\u00e1 lo que tanto las nutricionistas como los centros de salud nos piden que hagamos ense\u00f1anza en c\u00f3mo comer. \u00bfC\u00f3mo vamos a poder hacer esa ense\u00f1anza si no podemos aplicarla?\u201d, remarc\u00f3.<\/span><\/p>\n<p><span style=\"font-weight: 400\">\u201cHay un mont\u00f3n de cosas que el Gobierno dice c\u00f3mo tiene que ser y qu\u00e9 se tiene que hacer, pero ellos no aportan los recursos\u201d, se\u00f1al\u00f3 Cecilia, y marc\u00f3 tambi\u00e9n la exigencia de un reconocimiento material a lxs trabajadorxs de los merenderos y comedores, ya que llevan adelante labores esenciales.<\/span><\/p>\n<p><span style=\"font-weight: 400\">Por \u00faltimo, dio cuenta clara de la gravedad de la situaci\u00f3n: \u201cLa verdad que el ninguneo y la humillaci\u00f3n que vivimos durante este a\u00f1o, no la vivimos ni en el 2001\u201d. As\u00ed, expres\u00f3 una exigencia fundamental a la gesti\u00f3n nacional para que haya un cambio importante en la ciudad: \u201cEs hora que desde Naci\u00f3n tambi\u00e9n tomen a la Ciudad de Buenos Aires como una provincia m\u00e1s (\u2026) espero que no por ganar simplemente la elecci\u00f3n, sino porque en Ciudad todav\u00eda hay deudas pendientes, y Naci\u00f3n tiene que tomar parte de esto: tiene que bajar los programas a Ciudad, sobre todo los de trabajo que hay en Desarrollo Social, que podamos tener acceso las organizaciones de la ciudad a los programas que tiene acceso todo el pa\u00eds, porque parece que somos otro pa\u00eds aparte\u201d.<\/span><\/p>\n<p><a href=\"https:\/\/ar.radiocut.fm\/audiocut\/comedores-caba-denuncian-no-reciben-alimentos-necesarios\/\"><strong>ESCUCH\u00c1 AC\u00c1 LA ENTREVISTA COMPLETA<\/strong><\/a><\/p>\n","protected":false},"excerpt":{"rendered":"<p>[FM Riachuelo, 19\/11\/2020] Los comedores de la Ciudad de Buenos Aires est\u00e1n dejando de recibir los alimentos necesarios por parte del Gobierno de la Ciudad, esenciales para ni\u00f1xs y ancianxs. Desde FM Riachuelo nos comunicamos con Cecilia P\u00e9rsico, referente del Centro Comunitario Copitos y de la Mesa de Centros Comunitarios de La Boca, quien habl\u00f3 [&hellip;]<\/p>\n","protected":false},"author":5,"featured_media":12810,"comment_status":"closed","ping_status":"closed","sticky":false,"template":"","format":"standard","meta":{"_monsterinsights_skip_tracking":false,"_monsterinsights_sitenote_active":false,"_monsterinsights_sitenote_note":"","_monsterinsights_sitenote_category":0,"jnews-multi-image_gallery":[],"jnews_single_post":{"format":"standard"},"jnews_primary_category":[],"_joinchat":[],"footnotes":""},"categories":[82,79,58,126],"tags":[],"class_list":["post-12809","post","type-post","status-publish","format-standard","has-post-thumbnail","hentry","category-derechos-humanos","category-nadie-se-salva-solo","category-noticiariachuelo","category-soberania-alimentaria"],"_links":{"self":[{"href":"http:\/\/fmriachuelo.it10.com.ar\/index.php\/wp-json\/wp\/v2\/posts\/12809","targetHints":{"allow":["GET"]}}],"collection":[{"href":"http:\/\/fmriachuelo.it10.com.ar\/index.php\/wp-json\/wp\/v2\/posts"}],"about":[{"href":"http:\/\/fmriachuelo.it10.com.ar\/index.php\/wp-json\/wp\/v2\/types\/post"}],"author":[{"embeddable":true,"href":"http:\/\/fmriachuelo.it10.com.ar\/index.php\/wp-json\/wp\/v2\/users\/5"}],"replies":[{"embeddable":true,"href":"http:\/\/fmriachuelo.it10.com.ar\/index.php\/wp-json\/wp\/v2\/comments?post=12809"}],"version-history":[{"count":1,"href":"http:\/\/fmriachuelo.it10.com.ar\/index.php\/wp-json\/wp\/v2\/posts\/12809\/revisions"}],"predecessor-version":[{"id":22990,"href":"http:\/\/fmriachuelo.it10.com.ar\/index.php\/wp-json\/wp\/v2\/posts\/12809\/revisions\/22990"}],"wp:featuredmedia":[{"embeddable":true,"href":"http:\/\/fmriachuelo.it10.com.ar\/index.php\/wp-json\/"}],"wp:attachment":[{"href":"http:\/\/fmriachuelo.it10.com.ar\/index.php\/wp-json\/wp\/v2\/media?parent=12809"}],"wp:term":[{"taxonomy":"category","embeddable":true,"href":"http:\/\/fmriachuelo.it10.com.ar\/index.php\/wp-json\/wp\/v2\/categories?post=12809"},{"taxonomy":"post_tag","embeddable":true,"href":"http:\/\/fmriachuelo.it10.com.ar\/index.php\/wp-json\/wp\/v2\/tags?post=12809"}],"curies":[{"name":"wp","href":"https:\/\/api.w.org\/{rel}","templated":true}]}}