{"id":12790,"date":"2020-11-17T00:45:15","date_gmt":"2020-11-17T00:45:15","guid":{"rendered":"http:\/\/fmriachuelo.com.ar\/?p=12790"},"modified":"2025-02-19T11:47:18","modified_gmt":"2025-02-19T14:47:18","slug":"fm-reconquista-aca-la-lucha-es-permanente","status":"publish","type":"post","link":"http:\/\/fmriachuelo.it10.com.ar\/index.php\/2020\/11\/17\/fm-reconquista-aca-la-lucha-es-permanente\/","title":{"rendered":"FM RECONQUISTA: \u00abAC\u00c1 LA LUCHA ES PERMANENTE\u00bb"},"content":{"rendered":"<p><strong>[FM Riachuelo, 16\/11\/2020] La FM Reconquista de Jos\u00e9 Le\u00f3n Su\u00e1rez, radio pionera en la comunicaci\u00f3n popular en nuestro pa\u00eds, est\u00e1 perdiendo la se\u00f1al debido a la interferencia de la emisora \u00abMucha Radio\u00bb de Grupo Octubre, aparecida hace dos meses. El medio comunitario lleva m\u00e1s de 30 a\u00f1os al aire y tiene la licencia vigente otorgada por el ENaCom. Frente a este conflicto, desde FM Riachuelo nos comunicamos con Margarita Palacios, fundadora de FM Reconquista, que habl\u00f3 del arraigo territorial del medio desde sus inicios y de los problemas de interferencia que tuvieron en los \u00faltimos meses.<\/strong><\/p>\n<p>El d\u00eda de hoy realizaron una denuncia exigiendo que el ENaCom presente con urgencia una respuesta frente a esta problem\u00e1tica. Adem\u00e1s, avanzaron en el tr\u00e1mite para instrumentar una audiencia de mediaci\u00f3n, que ser\u00e1 de car\u00e1cter voluntario por las partes implicadas, donde FM Reconquista presentar\u00e1 todos sus requerimientos: \u00abnosotros no vamos a negociar nada, si en realidad somos los perjudicados. No estamos interfiriendo a nadie, nos est\u00e1n interfiriendo a nosotros\u00bb, expres\u00f3 Margarita.<\/p>\n<p>As\u00ed, la fundadora habl\u00f3 de lo angustiante que resulta vivir situaciones de este tipo, por lo que recalc\u00f3: \u00abac\u00e1 la lucha es permanente, porque en cuanto te descuid\u00e1s, te avanzan. El capital avanza m\u00e1s all\u00e1 de cualquier cosa\u00bb. Finalmente, no obvi\u00f3 referirse a las trabas que siempre se presentan delante de los medios comunitarios para conseguir la legalidad, y de la necesidad de no bajar los brazos en tiempos adversos: \u00abno nos dejan trabajar en paz. Hemos luchado toda vida por entrar dentro de este sistema, cumpliendo papel por papel en toda instancia de legalidad. Llegamos hasta ac\u00e1, \u00bfentonces qu\u00e9 pasa? Hay que seguir\u00bb.<\/p>\n<p><strong><a href=\"https:\/\/radiocut.fm\/audiocut\/fm-reconquista-aca-lucha-es-permanente\/\">ESCUCH\u00c1 AC\u00c1 LA ENTREVISTA COMPLETA<\/a><\/strong><\/p>\n","protected":false},"excerpt":{"rendered":"<p>[FM Riachuelo, 16\/11\/2020] La FM Reconquista de Jos\u00e9 Le\u00f3n Su\u00e1rez, radio pionera en la comunicaci\u00f3n popular en nuestro pa\u00eds, est\u00e1 perdiendo la se\u00f1al debido a la interferencia de la emisora \u00abMucha Radio\u00bb de Grupo Octubre, aparecida hace dos meses. El medio comunitario lleva m\u00e1s de 30 a\u00f1os al aire y tiene la licencia vigente otorgada [&hellip;]<\/p>\n","protected":false},"author":5,"featured_media":12794,"comment_status":"closed","ping_status":"closed","sticky":false,"template":"","format":"standard","meta":{"_monsterinsights_skip_tracking":false,"_monsterinsights_sitenote_active":false,"_monsterinsights_sitenote_note":"","_monsterinsights_sitenote_category":0,"jnews-multi-image_gallery":[],"jnews_single_post":{"format":"standard"},"jnews_primary_category":[],"_joinchat":[],"footnotes":""},"categories":[141,82,79,58],"tags":[],"class_list":["post-12790","post","type-post","status-publish","format-standard","has-post-thumbnail","hentry","category-comunicacion-popular","category-derechos-humanos","category-nadie-se-salva-solo","category-noticiariachuelo"],"_links":{"self":[{"href":"http:\/\/fmriachuelo.it10.com.ar\/index.php\/wp-json\/wp\/v2\/posts\/12790","targetHints":{"allow":["GET"]}}],"collection":[{"href":"http:\/\/fmriachuelo.it10.com.ar\/index.php\/wp-json\/wp\/v2\/posts"}],"about":[{"href":"http:\/\/fmriachuelo.it10.com.ar\/index.php\/wp-json\/wp\/v2\/types\/post"}],"author":[{"embeddable":true,"href":"http:\/\/fmriachuelo.it10.com.ar\/index.php\/wp-json\/wp\/v2\/users\/5"}],"replies":[{"embeddable":true,"href":"http:\/\/fmriachuelo.it10.com.ar\/index.php\/wp-json\/wp\/v2\/comments?post=12790"}],"version-history":[{"count":1,"href":"http:\/\/fmriachuelo.it10.com.ar\/index.php\/wp-json\/wp\/v2\/posts\/12790\/revisions"}],"predecessor-version":[{"id":22993,"href":"http:\/\/fmriachuelo.it10.com.ar\/index.php\/wp-json\/wp\/v2\/posts\/12790\/revisions\/22993"}],"wp:featuredmedia":[{"embeddable":true,"href":"http:\/\/fmriachuelo.it10.com.ar\/index.php\/wp-json\/"}],"wp:attachment":[{"href":"http:\/\/fmriachuelo.it10.com.ar\/index.php\/wp-json\/wp\/v2\/media?parent=12790"}],"wp:term":[{"taxonomy":"category","embeddable":true,"href":"http:\/\/fmriachuelo.it10.com.ar\/index.php\/wp-json\/wp\/v2\/categories?post=12790"},{"taxonomy":"post_tag","embeddable":true,"href":"http:\/\/fmriachuelo.it10.com.ar\/index.php\/wp-json\/wp\/v2\/tags?post=12790"}],"curies":[{"name":"wp","href":"https:\/\/api.w.org\/{rel}","templated":true}]}}