{"id":12787,"date":"2020-11-14T13:56:13","date_gmt":"2020-11-14T13:56:13","guid":{"rendered":"http:\/\/fmriachuelo.com.ar\/?p=12787"},"modified":"2025-02-19T11:49:17","modified_gmt":"2025-02-19T14:49:17","slug":"estan-barriendo-del-aire-historica-radio-comunitaria-con-mas-de-tres-decadas-de-vida","status":"publish","type":"post","link":"http:\/\/fmriachuelo.it10.com.ar\/index.php\/2020\/11\/14\/estan-barriendo-del-aire-historica-radio-comunitaria-con-mas-de-tres-decadas-de-vida\/","title":{"rendered":"EST\u00c1N BARRIENDO DEL AIRE HIST\u00d3RICA RADIO COMUNITARIA CON M\u00c1S DE TRES D\u00c9CADAS DE VIDA"},"content":{"rendered":"<p>[FARCO 13\/11\/2020]<strong>\u00a0Desde el Foro Argentino de Radios Comunitarias denunciamos que la emisora \u201cMucha Radio\u201d del Grupo Octubre, aparecida hace dos meses, est\u00e1 haciendo desaparecer la se\u00f1al de FM Reconquista de Jos\u00e9 Le\u00f3n Su\u00e1rez, radio fundadora de nuestra red y pionera de la comunicaci\u00f3n popular argentina, con 32 a\u00f1os de historia y licencia vigente otorgada por el ENaCom. La prepotencia del capital de ning\u00fan grupo empresario puede estar encima de la ley y el Derecho a la Comunicaci\u00f3n.<\/strong><\/p>\n<p>La emisora \u201cMucha radio\u201d del Grupo Octubre se instal\u00f3 en septiembre en la frecuencia 89.5 del AMBA con una potencia que, sin considerar par\u00e1metros t\u00e9cnicos ni legales respecto a otra emisora con licencia en la misma frecuencia, aplast\u00f3 en el aire a la radio FM Reconquista, gestionada por la Asociaci\u00f3n Civil de Mujeres La Colmena, con una profunda historia de organizaci\u00f3n y comunicaci\u00f3n popular en sus m\u00e1s de tres d\u00e9cadas de vida.<\/p>\n<p>Frente a las denuncias y reclamos efectuados, esperamos que los organismos que deben velar por el respeto a los derechos de comunicadores\/as y audiencias de servicios de comunicaci\u00f3n audiovisual, como la Defensor\u00eda del P\u00fablico y el propio ENaCom, act\u00faen decididamente para garantizarlos.<\/p>\n<p>Advertimos asimismo que \u00e9sta y muchas otras situaciones donde todav\u00eda prevalece la falta de legalidad y la \u201cley del m\u00e1s fuerte\u201d en el espectro radioel\u00e9ctrico, sobre todo en los grandes centros urbanos, se enmarcan en la\u00a0<strong>persistente deuda de un plan t\u00e9cnico<\/strong>\u00a0que garantice la legalidad democr\u00e1tica planteada por la\u00a0<strong>Ley 26.522 de Servicios Comunicaci\u00f3n Audiovisual.<\/strong>\u00a0<strong>A 11 a\u00f1os de su sanci\u00f3n,<\/strong>\u00a0<strong>ninguna radio comunitaria nacida bajo su vigencia en las grandes ciudades (denominadas como \u201czona de conflicto\u201d) ha podido obtener todav\u00eda su legalidad. Muchas otras ubicadas en zonas rurales, o urbanas con disponibilidad de espectro, tampoco. Es necesario avanzar en una nueva normalizaci\u00f3n<\/strong>\u00a0que garantice plenos derechos a todos estos medios del pueblo, como requisito previo para un ordenamiento que empiece a acercarse a la reserva del 33% del espectro que plantea la ley.<\/p>\n<p class=\"has-text-align-center\"><strong>Mesa Nacional de FARCO<\/strong><br \/>\n\u00b7\u00a0<em>FM Reconquista es una radio comunitaria que naci\u00f3 en 1988 en Jos\u00e9 Le\u00f3n Su\u00e1rez. En 2006 el COMFER mediante la Resoluci\u00f3n 753\/06 reconoci\u00f3 la titularidad de la frecuencia de FM Reconquista (89.5 Mhz.), que fue ratificada en 2019 con otorgamiento de licencia por el ENACOM.<\/em><\/p>\n<p><em>\u00b7<\/em>\u00a0<em>FM Reconquista es la primera y \u00fanica radio de Argentina gestionada por vecinas organizadas en la Asociaci\u00f3n de Mujeres La Colmena en el \u00c1rea Reconquista, zona cr\u00edtica desde el punto de vista social y econ\u00f3mico del Partido de San Mart\u00edn.<\/em><\/p>\n<p>\u00b7\u00a0<em>FM Reconquista dio testimonio para publicaciones de la Universidad de Buenos Aires y Universidad de San Andr\u00e9s, que fueron incluidas por el Ministerio de Desarrollo Social de la Naci\u00f3n, en el libro \u201cProcesos en construcci\u00f3n\u201d publicado en 2007.<\/em><\/p>\n<p><em>\u00b7<\/em>\u00a0<em>FM Reconquista fue la \u00fanica radio argentina invitada a exponer en el Jubileo del a\u00f1o 2000, en el marco de la Jornada Mundial de las Comunicaciones en la residencia papal de verano, en Castelgandolfo, Italia, con la presencia del entonces Papa Juan Pablo II.<\/em><\/p>\n<p><em>\u00b7<\/em>\u00a0<em>FM Reconquista integra diferentes espacios de articulaci\u00f3n de organizaciones que se expresan en la FM 89.5: Mesa distrital de prevenci\u00f3n de la violencia de g\u00e9nero, Red de Centros de Infancia La Mesa Reconquista de Jos\u00e9 Le\u00f3n Suarez y Boulogne, Organizaci\u00f3n de Chicos del Pueblo. Red de Medios de Comunicaci\u00f3n del Distrito, Agenda Nacional Legislativa de las Organizaciones Sociales, Red provincial de Jardines Comunitarios, entre otras.<\/em><\/p>\n<p><em>\u00b7<\/em>\u00a0<em>En Pandemia Radio FM Reconquista 89.5 MHZ, coproduce programas de cuatro escuelas, jardines, primarias y secundarias (UNSAM y FINES), y transmite \u201cSeguimos Educando\u201d programa del Ministerio de Educaci\u00f3n de Naci\u00f3n.<\/em><\/p>\n","protected":false},"excerpt":{"rendered":"<p>[FARCO 13\/11\/2020]\u00a0Desde el Foro Argentino de Radios Comunitarias denunciamos que la emisora \u201cMucha Radio\u201d del Grupo Octubre, aparecida hace dos meses, est\u00e1 haciendo desaparecer la se\u00f1al de FM Reconquista de Jos\u00e9 Le\u00f3n Su\u00e1rez, radio fundadora de nuestra red y pionera de la comunicaci\u00f3n popular argentina, con 32 a\u00f1os de historia y licencia vigente otorgada por [&hellip;]<\/p>\n","protected":false},"author":5,"featured_media":12788,"comment_status":"closed","ping_status":"closed","sticky":false,"template":"","format":"standard","meta":{"_monsterinsights_skip_tracking":false,"_monsterinsights_sitenote_active":false,"_monsterinsights_sitenote_note":"","_monsterinsights_sitenote_category":0,"jnews-multi-image_gallery":[],"jnews_single_post":{"format":"standard"},"jnews_primary_category":[],"_joinchat":[],"footnotes":""},"categories":[141,82,58],"tags":[],"class_list":["post-12787","post","type-post","status-publish","format-standard","has-post-thumbnail","hentry","category-comunicacion-popular","category-derechos-humanos","category-noticiariachuelo"],"_links":{"self":[{"href":"http:\/\/fmriachuelo.it10.com.ar\/index.php\/wp-json\/wp\/v2\/posts\/12787","targetHints":{"allow":["GET"]}}],"collection":[{"href":"http:\/\/fmriachuelo.it10.com.ar\/index.php\/wp-json\/wp\/v2\/posts"}],"about":[{"href":"http:\/\/fmriachuelo.it10.com.ar\/index.php\/wp-json\/wp\/v2\/types\/post"}],"author":[{"embeddable":true,"href":"http:\/\/fmriachuelo.it10.com.ar\/index.php\/wp-json\/wp\/v2\/users\/5"}],"replies":[{"embeddable":true,"href":"http:\/\/fmriachuelo.it10.com.ar\/index.php\/wp-json\/wp\/v2\/comments?post=12787"}],"version-history":[{"count":1,"href":"http:\/\/fmriachuelo.it10.com.ar\/index.php\/wp-json\/wp\/v2\/posts\/12787\/revisions"}],"predecessor-version":[{"id":22994,"href":"http:\/\/fmriachuelo.it10.com.ar\/index.php\/wp-json\/wp\/v2\/posts\/12787\/revisions\/22994"}],"wp:featuredmedia":[{"embeddable":true,"href":"http:\/\/fmriachuelo.it10.com.ar\/index.php\/wp-json\/"}],"wp:attachment":[{"href":"http:\/\/fmriachuelo.it10.com.ar\/index.php\/wp-json\/wp\/v2\/media?parent=12787"}],"wp:term":[{"taxonomy":"category","embeddable":true,"href":"http:\/\/fmriachuelo.it10.com.ar\/index.php\/wp-json\/wp\/v2\/categories?post=12787"},{"taxonomy":"post_tag","embeddable":true,"href":"http:\/\/fmriachuelo.it10.com.ar\/index.php\/wp-json\/wp\/v2\/tags?post=12787"}],"curies":[{"name":"wp","href":"https:\/\/api.w.org\/{rel}","templated":true}]}}