{"id":12785,"date":"2020-11-13T11:38:37","date_gmt":"2020-11-13T11:38:37","guid":{"rendered":"http:\/\/fmriachuelo.com.ar\/?p=12785"},"modified":"2025-02-19T11:50:12","modified_gmt":"2025-02-19T14:50:12","slug":"nuestros-pueblos-estan-dando-batalla-y-victoria-entrevistariachuelo-a-lito-borello-parte-ii","status":"publish","type":"post","link":"http:\/\/fmriachuelo.it10.com.ar\/index.php\/2020\/11\/13\/nuestros-pueblos-estan-dando-batalla-y-victoria-entrevistariachuelo-a-lito-borello-parte-ii\/","title":{"rendered":"\u00abNUESTROS PUEBLOS EST\u00c1N DANDO BATALLA Y VICTORIA\u00bb #EntrevistaRiachuelo a Lito Borello (Parte II)"},"content":{"rendered":"<p><strong>[FM Riachuelo, 13\/11\/2020] Desde lo dom\u00e9stico hasta lo internacional, en las \u00faltimas semanas tuvieron lugar numerosos sucesos que cambiaron el escenario pol\u00edtico, y que obligan a repensar la perspectiva para los movimientos populares en nuestro pa\u00eds: a nivel regional, se produjeron batallas en el campo popular que, a pesar de ser dif\u00edciles, dieron lugar a importantes conquistas; el pueblo boliviano recuper\u00f3 la democracia y el pueblo chileno conquist\u00f3 la posibilidad de reformar la constituci\u00f3n que data de la dictadura de Pinochet. En Estados Unidos, luego de diversas especulaciones y la resistencia de Trump a ceder el poder, finalmente habr\u00e1 un cambio de gobierno. Por otro lado, a nivel nacional, en AMBA se pas\u00f3 del Aislamiento Social al Distanciamiento Social, mientras que otras provincias contin\u00faan en condiciones preocupantes.<\/strong><\/p>\n<p>En este contexto complejo, desde FM Riachuelo decidimos entrevistar a Lito Borello, Secretario de Derechos Humanos de la UTEP, teniendo en cuenta que lxs trabajadorxs de la econom\u00eda popular encarnan a uno de los sujetos m\u00e1s golpeados durante la pandemia, para realizar un balance acerca de todo lo logrado hasta el momento, los desaf\u00edos actuales y los que nos esperan a futuro. A continuaci\u00f3n, compartimos la segunda parte de la entrevista. <a href=\"https:\/\/fmriachuelo.com.ar\/blog\/2020\/11\/11\/es-un-momento-para-ir-mas-a-fondo-entrevistariachuelo-a-lito-borello-parte-i\/\">Si no llegaste a leer la primera, hac\u00e9 clic ac\u00e1.<\/a><\/p>\n<p><strong>FM Riachuelo: En cuanto a los procesos que se dieron y se siguen dando en Bolivia y Chile, \u00bfqu\u00e9 reflexi\u00f3n te disparan, teniendo en cuenta el protagonismo popular?<\/strong><\/p>\n<p><strong>Lito Borello<\/strong>: Yo creo que la batalla comunicacional, al contar el enemigo con una bater\u00eda multimedi\u00e1tica al servicio de construir contenidos y sentidos, muchas veces nos confunde a nosotros mismos, en donde tenemos la lectura e que hay una contraofensiva global, un momento dif\u00edcil y adverso, donde claramente el bloque de poder mundial intenta detener los procesos de transformaci\u00f3n, los revolucionarios y la construcci\u00f3n de otro mundo posible. Y a veces nosotros mismos caemos en esa situaci\u00f3n subjetiva de sentir \u201cbueno, vayamos haciendo lo posible\u201d.<\/p>\n<p>La verdad es que nuestros pueblos est\u00e1n dando batalla y victoria. Si hay algo que hace Bolivia despu\u00e9s de un a\u00f1o de haber sufrido un claro golpe de Estado, ya no un golpe blando sino uno con muchos ribetes de violencia e instituciones violentas, armadas al modo tradicional, es ponerse de pie. En un a\u00f1o se ha reorganizado desde la base, con su dirigente principal afuera del pa\u00eds, ha recuperado la vitalidad, el protagonismo y la participaci\u00f3n de inmensas mayor\u00edas, y han generado una batalla y una victoria en estas \u00faltimas elecciones. Por supuesto que es de celebrar, y que ahora viene el desaf\u00edo: qu\u00e9 va a hacer el gobierno, c\u00f3mo van a hacer, como ellos mismos dicen, un proceso de autocr\u00edtica de las cosas que no hicieron, de algunas cosas que no fueron capaces de ver, de algunas capacidades que no fueron posibles construir, para evitar la embestida nuevamente. Porque la derecha y el poder factico se fueron de la casa de gobierno; no se fueron del pa\u00eds y siguen teniendo en sus manos much\u00edsimo poder. Y el financiamiento, obviamente, de Estados Unidos, que como todo el mundo sabe, en la participaci\u00f3n del golpe meti\u00f3 mano.<\/p>\n<p>Abre una perspectiva muy grande: todos miramos a Bolivia con mucha expectativa, todos la sentimos como parte de nuestra regi\u00f3n, y cada vez m\u00e1s es necesario retomar el curso de una Latinoam\u00e9rica unida, un proyecto emancipador que retome las banderas de San Mart\u00edn y de Bol\u00edvar. Por lo tanto, Bolivia genera un fen\u00f3meno de triunfo, de victoria y celebraci\u00f3n, independientemente de los matices en los an\u00e1lisis, est\u00e1 claro que se abre la posibilidad de retomar el curso de un tiempo emancipador, y que se une con lo de Chile, que tambi\u00e9n se crece desde el pie, y retoma un vigor en las calles, una democracia directa y de calles, participativa y protag\u00f3nica, que logra tirar abajo lo que la pol\u00edtica no logr\u00f3 en estos a\u00f1os, tirar abajo la constituci\u00f3n de Pinochet, y que se le abre la posibilidad de ahora ir a un proceso mucho m\u00e1s profundo, a que la nueva constituci\u00f3n sea llevada adelante con una asamblea constituyente, con el protagonismo masivo de la gente. Y ese es el debate tambi\u00e9n de esta crisis de democracias: estas democracias que conocidos durante estas \u00faltimas d\u00e9cadas est\u00e1n agotadas. Hay que perforar el techo de las democracias representativas, que solamente nos dejan votar cada cuatro a\u00f1os, y hay que ir hacia el ejercicio de democracias mucho m\u00e1s directas, protag\u00f3nicas y participativas.<\/p>\n<p><strong>FMR: Sobre estas batallas ganadas que mencionas, \u00bfqu\u00e9 elementos son necesarios para que \u00e9stas se consoliden, y el pueblo tome una ofensiva regional?<\/strong><\/p>\n<p><strong>LB:<\/strong> Nosotros venimos diciendo que, tal cual lo conocemos estas \u00faltimas d\u00e9cadas, el poder constituido de los gobiernos, en tanto ya el poder global no necesita el poder de los estados naci\u00f3n, marcha a una volatilizaci\u00f3n de esa institucionalidad, con procesos destituyentes y disolventes, y con la generaci\u00f3n de situaciones de zozobra, propiciando revoluciones de colores, como la impulsan en muchos lugares los Estados Unidos. Contra eso: poder popular. Contra ese poder constituido que ya no le alcanza la aritm\u00e9tica parlamentaria, ni la de los concejales en los municipios, ni esa institucionalidad muy vol\u00e1til, donde cada vez queda m\u00e1s claro que el poder est\u00e1 en otro lado, y que sigue decidiendo todos los d\u00edas desde el poder f\u00e1ctico, econ\u00f3mico, multimedi\u00e1tico, financiero, de relaciones internacionales, hasta de construcci\u00f3n de instrumentos de violencia directa de nuevo tipo, como el narcotr\u00e1fico y el delito organizado. Contra eso hay que ir construyendo poder popular. \u00bfQu\u00e9 es el poder popular? La posibilidad de la organizaci\u00f3n de nuestros territorios, con otra geometr\u00eda del poder, con un nivel de autonom\u00eda, de posibilidad de organizar la reproducci\u00f3n de la vida, con una arquitectura alternativa para saber que la construcci\u00f3n del otro mundo posible no es cuando tiramos abajo el viejo; todos los d\u00edas, cuando nuestras compa\u00f1eras revuelven la olla en la olla popular y se relacionan con sus compa\u00f1eras, cuando en las huertas comunitarias los compa\u00f1eros no solamente siembran para poder comer mejor sino que se preparan para poder seguir sembrando y para poder darle a otros compa\u00f1eros que tambi\u00e9n puedan sembrar, cuando las cooperativas de trabajo construyen no solamente casas, sino h\u00e1bitat popular, se est\u00e1 construyendo alternativa. Y esa acumulaci\u00f3n de la alternativa es la que va a ir generando la condici\u00f3n de posibilidad, la masa cr\u00edtica necesaria, la acumulaci\u00f3n de fuerza necesaria, para en alg\u00fan momento dar vuelta la tortilla. Hay que recuperar las utop\u00edas, hay que reafirmar las rebeld\u00edas y hay que construir las pr\u00f3ximas insurgencias.<\/p>\n<p><strong>FMR: Mencionaste a Estados Unidos, \u00bfc\u00f3mo ves sus elecciones, donde aparentemente gan\u00f3 Biden, y en qu\u00e9 impacta a nuestra regi\u00f3n?<\/strong><\/p>\n<p><strong>LB:<\/strong> Yo creo que a veces, en el \u00e1nimo de analizar las contradicciones secundarias del bloque de poder, le damos demasiada relevancia a lo que pasa en esa pelea. Hoy claramente Estados Unidos dej\u00f3 de ser el mundo unipolar, y su crisis hace que naturalmente vaya dejando de ser ese mundo, que desde los \u201990 detent\u00f3, y empieza a haber un mundo tripolar en donde claramente Estados Unidos, China y Rusia dirimen a ver qui\u00e9n va a ser el que lleve adelante el dominio del nuevo modelo de dominaci\u00f3n. Y me parece que a veces se le pone demasiada carga por si gana el uno o el otro, por distintas diferencias, a veces dif\u00edciles de explicar. y la verdad, es el mismo perro, pero con distinto collar. Los Estados Unidos nos van a seguir mirando a nosotros como su patio trasero y como su periferia, para venir a extraer todo lo que nosotros tenemos y que ellos necesitan para seguir disputando su hegemon\u00eda. Nos van a seguir mirando desde un lugar desde all\u00e1 arriba, y nosotros estamos ya cansados de esto. Estamos dispuestos a que nunca m\u00e1s seamos el patio trasero de nadie. Creo que como parte de toda esta crisis global y multidimensional, esto no da ni aguanta m\u00e1s. Los pueblos nos estamos poniendo de pie, estamos construyendo otra alternativa, y m\u00e1s all\u00e1 de c\u00f3mo se vayan dirimiendo las contradicciones secundarias, todos plantean ponernos en el lugar de la periferia y venirnos a extraer nuestras riquezas, y por lo tanto, nosotros nos tenemos que dedicar y poner nuestra energ\u00eda en la construcci\u00f3n de la alternativa.<\/p>\n<p><strong><a href=\"https:\/\/ar.radiocut.fm\/audiocut\/lito-borello-nuestros-pueblos-estan-dando-batalla-y-victoria\/\">ESCUCH\u00c1 AC\u00c1 LA SEGUNDA PARTE DE LA ENTREVISTA<\/a><\/strong><\/p>\n","protected":false},"excerpt":{"rendered":"<p>[FM Riachuelo, 13\/11\/2020] Desde lo dom\u00e9stico hasta lo internacional, en las \u00faltimas semanas tuvieron lugar numerosos sucesos que cambiaron el escenario pol\u00edtico, y que obligan a repensar la perspectiva para los movimientos populares en nuestro pa\u00eds: a nivel regional, se produjeron batallas en el campo popular que, a pesar de ser dif\u00edciles, dieron lugar a [&hellip;]<\/p>\n","protected":false},"author":5,"featured_media":12634,"comment_status":"closed","ping_status":"closed","sticky":false,"template":"","format":"standard","meta":{"_monsterinsights_skip_tracking":false,"_monsterinsights_sitenote_active":false,"_monsterinsights_sitenote_note":"","_monsterinsights_sitenote_category":0,"jnews-multi-image_gallery":[],"jnews_single_post":{"format":"standard"},"jnews_primary_category":[],"_joinchat":[],"footnotes":""},"categories":[82,63,79,130,140],"tags":[],"class_list":["post-12785","post","type-post","status-publish","format-standard","has-post-thumbnail","hentry","category-derechos-humanos","category-entrevista-riachuelo","category-nadie-se-salva-solo","category-patria-grande","category-politica-internacional"],"_links":{"self":[{"href":"http:\/\/fmriachuelo.it10.com.ar\/index.php\/wp-json\/wp\/v2\/posts\/12785","targetHints":{"allow":["GET"]}}],"collection":[{"href":"http:\/\/fmriachuelo.it10.com.ar\/index.php\/wp-json\/wp\/v2\/posts"}],"about":[{"href":"http:\/\/fmriachuelo.it10.com.ar\/index.php\/wp-json\/wp\/v2\/types\/post"}],"author":[{"embeddable":true,"href":"http:\/\/fmriachuelo.it10.com.ar\/index.php\/wp-json\/wp\/v2\/users\/5"}],"replies":[{"embeddable":true,"href":"http:\/\/fmriachuelo.it10.com.ar\/index.php\/wp-json\/wp\/v2\/comments?post=12785"}],"version-history":[{"count":1,"href":"http:\/\/fmriachuelo.it10.com.ar\/index.php\/wp-json\/wp\/v2\/posts\/12785\/revisions"}],"predecessor-version":[{"id":22995,"href":"http:\/\/fmriachuelo.it10.com.ar\/index.php\/wp-json\/wp\/v2\/posts\/12785\/revisions\/22995"}],"wp:featuredmedia":[{"embeddable":true,"href":"http:\/\/fmriachuelo.it10.com.ar\/index.php\/wp-json\/"}],"wp:attachment":[{"href":"http:\/\/fmriachuelo.it10.com.ar\/index.php\/wp-json\/wp\/v2\/media?parent=12785"}],"wp:term":[{"taxonomy":"category","embeddable":true,"href":"http:\/\/fmriachuelo.it10.com.ar\/index.php\/wp-json\/wp\/v2\/categories?post=12785"},{"taxonomy":"post_tag","embeddable":true,"href":"http:\/\/fmriachuelo.it10.com.ar\/index.php\/wp-json\/wp\/v2\/tags?post=12785"}],"curies":[{"name":"wp","href":"https:\/\/api.w.org\/{rel}","templated":true}]}}