{"id":12768,"date":"2020-11-10T20:22:50","date_gmt":"2020-11-10T20:22:50","guid":{"rendered":"http:\/\/fmriachuelo.com.ar\/?p=12768"},"modified":"2025-02-19T11:53:00","modified_gmt":"2025-02-19T14:53:00","slug":"hay-una-sola-verdad-chocobar-le-disparo-a-mi-hijo-por-la-espalda","status":"publish","type":"post","link":"http:\/\/fmriachuelo.it10.com.ar\/index.php\/2020\/11\/10\/hay-una-sola-verdad-chocobar-le-disparo-a-mi-hijo-por-la-espalda\/","title":{"rendered":"\u201cHAY UNA SOLA VERDAD: CHOCOBAR LE DISPAR\u00d3 A MI HIJO POR LA ESPALDA\u201d"},"content":{"rendered":"<p><strong>[Por Colectivo de Medios Populares (*) 10\/11\/2020]\u00a0<\/strong><strong>\u00a0<\/strong>En una nueva audiencia del juicio, la madre de Juan Pablo Kukoc declar\u00f3 en contra del polic\u00eda que asesin\u00f3 a su hijo en el barrio de La Boca. Ma\u00f1ana mi\u00e9rcoles, y a muy poco de que se cumplan 3 a\u00f1os del homicidio, se realizar\u00e1 la inspecci\u00f3n ocular en el lugar donde sucedieron los hechos.<\/p>\n<p>Por Colectivo de Medios Populares*<\/p>\n<p>Familiares nucleades en la Marcha Nacional contra el Gatillo F\u00e1cil se congregaron el pasado mi\u00e9rcoles en las puertas de Tribunales de Comodoro Py en apoyo a la familia de Juan Pablo Kukoc, un joven asesinado por la espalda por Luis Chocobar. All\u00ed se llev\u00f3 adelante la cuarta audiencia del juicio al polic\u00eda asesino, quien asesin\u00f3 al joven en diciembre del 2017 luego de que este cometiera un asalto y donde result\u00f3 gravemente herido un turista estadounidense.<\/p>\n<p>La madre del joven, Ivone Kukoc, antes de iniciar su declaraci\u00f3n convers\u00f3 con las madres de otres pibes asesinades. Fue as\u00ed que respondi\u00f3 a la justificaci\u00f3n previa del polic\u00eda que asegur\u00f3 haber cumplido con su \u00abdeber\u00bb. \u00abDice que fue su deber. Eso le quiero preguntar al juez, si el deber de los polic\u00edas es matar y dejar tirado as\u00ed como lo dej\u00f3 a Pablo\u00bb, arremeti\u00f3 Ivone. Y agreg\u00f3: \u00abCon la cabeza en alto pido justicia y que el juez me aclare qu\u00e9 pas\u00f3 con mi hijo y que haya un castigo para ese polic\u00eda que es un asesino (\u2026) No quiso responder las preguntas que le hizo mi abogado. Solamente declar\u00f3 que \u00e9l cumpl\u00eda con su deber. \u00c9l sabe cu\u00e1l es la verdad, \u00e9l sabe que lo mat\u00f3, que tir\u00f3 a matar\u201d.<\/p>\n<p>La jornada tanto dentro como fuera del recinto estuvo marcada por el sentir de las familias, con c\u00e1nticos y pancartas recordaron a quienes murieron bajo el ileg\u00edtimo accionar policial y expresaron su repudio. En la calle un cord\u00f3n de la Polic\u00eda de la Ciudad separaba a quienes acompa\u00f1aron el reclamo de justicia por Kukoc de un grupo \u201cautoconvocado\u201d que exige el sobreseimiento de Chocobar. Este \u00faltimo grupo, en las primeras audiencias cont\u00f3 con la presencia de Mariano D\u00edaz, ex capit\u00e1n del Grupo Halc\u00f3n, sumariado en 2014 y reconocido vocero de los levantamientos sediciosos de la polic\u00eda bonaerense en septiembre de este a\u00f1o.<\/p>\n<p>En cuanto a la declaraci\u00f3n, el abogado de la familia Kukoc, Pablo Rovatti, asegur\u00f3 que el testimonio de Ivone fue \u00abmuy duro, muy sentido y doloroso\u201d. \u201cDeclar\u00f3 durante alrededor de una hora, y debi\u00f3 ser interrumpido durante algunos minutos\u201d, expres\u00f3 el abogado respecto al pedido de la madre que no pudo contener el llanto. Tras su participaci\u00f3n, Ivone se comunic\u00f3 nuevamente con las familias que por altavoz pudieron escuchar sus palabras. \u201cGracias a ustedes que estuvieron ah\u00ed d\u00e1ndome fuerza, pude contestar todo con la verdad, porque hay una sola verdad: el polic\u00eda le dispar\u00f3 a mi hijo por la espalda (&#8230;) Yo no estoy pidiendo que lo maten como hicieron con mi hijo. Como \u00e9l tiene la oportunidad de ser juzgado, que le den un castigo\u201d, finaliz\u00f3.<\/p>\n<p>El tribunal decidi\u00f3 continuar la pr\u00f3xima instancia este mi\u00e9rcoles 11 de noviembre en el barrio de La Boca, para realizar una inspecci\u00f3n ocular en Garibaldi y Olavarr\u00eda, donde ocurri\u00f3 el robo en el que fue herido el turista, y en Su\u00e1rez e Irala, a m\u00e1s de dos cuadras de all\u00ed, donde Chocobar le dispar\u00f3 a Pablo por la espalda. Seg\u00fan comunic\u00f3 Ivone Kukoc, espera estar en esta oportunidad, ya que su abogado, Pablo Rovatti, estar\u00eda tramitando el viaje de Salta a Buenos Aires para poder presenciar lo que resta del juicio.<\/p>\n<p>*La Retaguardia, Radio Gr\u00e1fica, Radio Presente, FM Riachuelo, Revoluciones, Agencia Paco Urondo, Sur Capitalino, Revista Resistencias<\/p>\n","protected":false},"excerpt":{"rendered":"<p>[Por Colectivo de Medios Populares (*) 10\/11\/2020]\u00a0\u00a0En una nueva audiencia del juicio, la madre de Juan Pablo Kukoc declar\u00f3 en contra del polic\u00eda que asesin\u00f3 a su hijo en el barrio de La Boca. Ma\u00f1ana mi\u00e9rcoles, y a muy poco de que se cumplan 3 a\u00f1os del homicidio, se realizar\u00e1 la inspecci\u00f3n ocular en el [&hellip;]<\/p>\n","protected":false},"author":5,"featured_media":12769,"comment_status":"closed","ping_status":"closed","sticky":false,"template":"","format":"standard","meta":{"_monsterinsights_skip_tracking":false,"_monsterinsights_sitenote_active":false,"_monsterinsights_sitenote_note":"","_monsterinsights_sitenote_category":0,"jnews-multi-image_gallery":[],"jnews_single_post":{"format":"standard"},"jnews_primary_category":[],"_joinchat":[],"footnotes":""},"categories":[143,82,79,58,144],"tags":[],"class_list":["post-12768","post","type-post","status-publish","format-standard","has-post-thumbnail","hentry","category-colectivo-de-medios-populares","category-derechos-humanos","category-nadie-se-salva-solo","category-noticiariachuelo","category-violencia-institucional"],"_links":{"self":[{"href":"http:\/\/fmriachuelo.it10.com.ar\/index.php\/wp-json\/wp\/v2\/posts\/12768","targetHints":{"allow":["GET"]}}],"collection":[{"href":"http:\/\/fmriachuelo.it10.com.ar\/index.php\/wp-json\/wp\/v2\/posts"}],"about":[{"href":"http:\/\/fmriachuelo.it10.com.ar\/index.php\/wp-json\/wp\/v2\/types\/post"}],"author":[{"embeddable":true,"href":"http:\/\/fmriachuelo.it10.com.ar\/index.php\/wp-json\/wp\/v2\/users\/5"}],"replies":[{"embeddable":true,"href":"http:\/\/fmriachuelo.it10.com.ar\/index.php\/wp-json\/wp\/v2\/comments?post=12768"}],"version-history":[{"count":1,"href":"http:\/\/fmriachuelo.it10.com.ar\/index.php\/wp-json\/wp\/v2\/posts\/12768\/revisions"}],"predecessor-version":[{"id":22998,"href":"http:\/\/fmriachuelo.it10.com.ar\/index.php\/wp-json\/wp\/v2\/posts\/12768\/revisions\/22998"}],"wp:featuredmedia":[{"embeddable":true,"href":"http:\/\/fmriachuelo.it10.com.ar\/index.php\/wp-json\/"}],"wp:attachment":[{"href":"http:\/\/fmriachuelo.it10.com.ar\/index.php\/wp-json\/wp\/v2\/media?parent=12768"}],"wp:term":[{"taxonomy":"category","embeddable":true,"href":"http:\/\/fmriachuelo.it10.com.ar\/index.php\/wp-json\/wp\/v2\/categories?post=12768"},{"taxonomy":"post_tag","embeddable":true,"href":"http:\/\/fmriachuelo.it10.com.ar\/index.php\/wp-json\/wp\/v2\/tags?post=12768"}],"curies":[{"name":"wp","href":"https:\/\/api.w.org\/{rel}","templated":true}]}}