{"id":12746,"date":"2020-11-05T21:15:51","date_gmt":"2020-11-05T21:15:51","guid":{"rendered":"http:\/\/fmriachuelo.com.ar\/?p=12746"},"modified":"2025-02-19T11:57:59","modified_gmt":"2025-02-19T14:57:59","slug":"elecciones-en-eeuu-panorama-con-walter-formento","status":"publish","type":"post","link":"http:\/\/fmriachuelo.it10.com.ar\/index.php\/2020\/11\/05\/elecciones-en-eeuu-panorama-con-walter-formento\/","title":{"rendered":"ELECCIONES EN EEUU: PANORAMA CON WALTER FORMENTO"},"content":{"rendered":"<p><strong>[FM Riachuelo, 05\/11\/2020] Walter Formento, docente de la Universidad Nacional de La Plata y Director del Centro de Investigaciones en Pol\u00edtica y Econom\u00eda, realiz\u00f3 un an\u00e1lisis acerca de las elecciones en Estados Unidos: qu\u00e9 est\u00e1 en juego, el conflicto interno y su proyecci\u00f3n en nuestra regi\u00f3n. <\/strong><\/p>\n<p><em>\u00abEstamos en los primeros momentos de esta confrontaci\u00f3n de poderes\u00bb<\/em>, explic\u00f3, y puntualizando en las repercusiones en Latinoam\u00e9rica y el Caribe, remarc\u00f3: <em>\u00abnuestro mejor escenario es este que hay ahora, de conflictos y enfrentamientos frontales, que demuestra una paridad de fuerzas con la cual no hay un vencedor a corto plazo. Y si no hay un vencedor, hay una situaci\u00f3n donde tiran y aflojan, donde va a demorar y empantanar la situaci\u00f3n dentro de Estados Unidos, y por lo tanto ellos no van a poder proyectar poder definiendo gobiernos en otros pa\u00edses\u00bb.<\/em><\/p>\n<p><strong><a href=\"https:\/\/ar.radiocut.fm\/audiocut\/elecciones-en-eeuu-panorama-con-walter-formento\/\">ESCUCH\u00c1 AC\u00c1 LA ENTREVISTA COMPLETA<\/a><\/strong><\/p>\n","protected":false},"excerpt":{"rendered":"<p>[FM Riachuelo, 05\/11\/2020] Walter Formento, docente de la Universidad Nacional de La Plata y Director del Centro de Investigaciones en Pol\u00edtica y Econom\u00eda, realiz\u00f3 un an\u00e1lisis acerca de las elecciones en Estados Unidos: qu\u00e9 est\u00e1 en juego, el conflicto interno y su proyecci\u00f3n en nuestra regi\u00f3n. \u00abEstamos en los primeros momentos de esta confrontaci\u00f3n de [&hellip;]<\/p>\n","protected":false},"author":5,"featured_media":12747,"comment_status":"closed","ping_status":"closed","sticky":false,"template":"","format":"standard","meta":{"_monsterinsights_skip_tracking":false,"_monsterinsights_sitenote_active":false,"_monsterinsights_sitenote_note":"","_monsterinsights_sitenote_category":0,"jnews-multi-image_gallery":[],"jnews_single_post":{"format":"standard"},"jnews_primary_category":[],"_joinchat":[],"footnotes":""},"categories":[141,58,140],"tags":[],"class_list":["post-12746","post","type-post","status-publish","format-standard","has-post-thumbnail","hentry","category-comunicacion-popular","category-noticiariachuelo","category-politica-internacional"],"_links":{"self":[{"href":"http:\/\/fmriachuelo.it10.com.ar\/index.php\/wp-json\/wp\/v2\/posts\/12746","targetHints":{"allow":["GET"]}}],"collection":[{"href":"http:\/\/fmriachuelo.it10.com.ar\/index.php\/wp-json\/wp\/v2\/posts"}],"about":[{"href":"http:\/\/fmriachuelo.it10.com.ar\/index.php\/wp-json\/wp\/v2\/types\/post"}],"author":[{"embeddable":true,"href":"http:\/\/fmriachuelo.it10.com.ar\/index.php\/wp-json\/wp\/v2\/users\/5"}],"replies":[{"embeddable":true,"href":"http:\/\/fmriachuelo.it10.com.ar\/index.php\/wp-json\/wp\/v2\/comments?post=12746"}],"version-history":[{"count":1,"href":"http:\/\/fmriachuelo.it10.com.ar\/index.php\/wp-json\/wp\/v2\/posts\/12746\/revisions"}],"predecessor-version":[{"id":23004,"href":"http:\/\/fmriachuelo.it10.com.ar\/index.php\/wp-json\/wp\/v2\/posts\/12746\/revisions\/23004"}],"wp:featuredmedia":[{"embeddable":true,"href":"http:\/\/fmriachuelo.it10.com.ar\/index.php\/wp-json\/"}],"wp:attachment":[{"href":"http:\/\/fmriachuelo.it10.com.ar\/index.php\/wp-json\/wp\/v2\/media?parent=12746"}],"wp:term":[{"taxonomy":"category","embeddable":true,"href":"http:\/\/fmriachuelo.it10.com.ar\/index.php\/wp-json\/wp\/v2\/categories?post=12746"},{"taxonomy":"post_tag","embeddable":true,"href":"http:\/\/fmriachuelo.it10.com.ar\/index.php\/wp-json\/wp\/v2\/tags?post=12746"}],"curies":[{"name":"wp","href":"https:\/\/api.w.org\/{rel}","templated":true}]}}